{"id":1742,"date":"2022-07-27T13:36:00","date_gmt":"2022-07-27T11:36:00","guid":{"rendered":"https:\/\/nextgeneration.paeria.cat\/web\/?p=1742"},"modified":"2026-03-12T09:45:44","modified_gmt":"2026-03-12T07:45:44","slug":"la-paeria-presenta-8-projectes-de-drets-socials-als-next-generation-per-millorar-el-model-de-cura-i-latencio-de-les-persones","status":"publish","type":"post","link":"https:\/\/nextgeneration.paeria.cat\/web\/la-paeria-presenta-8-projectes-de-drets-socials-als-next-generation-per-millorar-el-model-de-cura-i-latencio-de-les-persones\/","title":{"rendered":"La Paeria presenta 8 projectes de Drets Socials als Next Generation per millorar el model de cura i l\u2019atenci\u00f3 de les persones"},"content":{"rendered":"\t\t<div data-elementor-type=\"wp-post\" data-elementor-id=\"1742\" class=\"elementor elementor-1742\">\n\t\t\t\t\t\t<section class=\"elementor-section elementor-top-section elementor-element elementor-element-a45c10b elementor-section-boxed elementor-section-height-default elementor-section-height-default\" data-id=\"a45c10b\" data-element_type=\"section\" data-e-type=\"section\">\n\t\t\t\t\t\t<div class=\"elementor-container elementor-column-gap-default\">\n\t\t\t\t\t<div class=\"elementor-column elementor-col-100 elementor-top-column elementor-element elementor-element-1615ff8\" data-id=\"1615ff8\" data-element_type=\"column\" data-e-type=\"column\">\n\t\t\t<div class=\"elementor-widget-wrap elementor-element-populated\">\n\t\t\t\t\t\t<div class=\"elementor-element elementor-element-fbe6637 elementor-widget elementor-widget-text-editor\" data-id=\"fbe6637\" data-element_type=\"widget\" data-e-type=\"widget\" data-widget_type=\"text-editor.default\">\n\t\t\t\t<div class=\"elementor-widget-container\">\n\t\t\t\t\t\t\t\t\t<p><strong>L\u2019alcalde Pueyo ha explicat que s\u00f3n actuacions per millorar l\u2019assist\u00e8ncia i el servei a la ciutadania, amb l\u2019aplicaci\u00f3 d\u2019innovaci\u00f3 i noves tecnologies. Comporten una inversi\u00f3 de 6 milions d\u2019euros i s\u2019han sol\u00b7licitat ajudes per un valor de 4,9 M\u20ac.<\/strong><\/p><p><strong>El nou model d\u2019atenci\u00f3 a les Llars S\u00e8nior, nous canals de comunicaci\u00f3 i gesti\u00f3, mobiliari per a l\u2019ECMU o millores en l\u2019accessibilitat a centres municipals s\u00f3n algunes de les propostes.<\/strong><\/p><p><strong>El paer en cap ha afirmat que aquest \u00e9s un moment transcendental per al futur de la ciutat amb els projectes NextGen, per la capacitat econ\u00f2mica i transformadora que impliquen.<\/strong><\/p><p><strong>La Paeria tamb\u00e9 opta a la subvenci\u00f3 dels fons europeus sobre habitatge social.<\/strong><\/p><p>L\u2019Ajuntament de Lleida presentar\u00e0 aquesta setmana 8 projectes de Drets Socials als Next Generation per millorar el model de cures i l\u2019atenci\u00f3 de les persones dels serveis municipal. El conjunt de projectes presentats comporten una inversi\u00f3 de 6 milions d\u2019euros, dels quals se sol\u00b7licitar\u00e0 la subvenci\u00f3 de 4,9 M\u20ac. La Paeria aportaria la resta, que \u00e9s un mili\u00f3 d\u2019euros. L\u2019alcalde de Lleida, Miquel Pueyo, ha assegurat que s\u00f3n una oportunitat per a la xarxa de serveis socials de la ciutat per fer un salt de qualitat i de futur i per construir entorns m\u00e9s sostenibles, digitals i pensats, adaptats i accessibles per a les persones.<\/p><p>Pueyo, acompanyat dels tinents d\u2019alcalde Toni Postius i Jordina Freixanet, ha informat de les propostes que avui s\u2019han aprovat a la Junta de Govern Local i que es presentaran a la convocat\u00f2ria del departament de Drets Socials, oberta per la Generalitat de Catalunya en el marc del Pla de recuperaci\u00f3, transformaci\u00f3 i resili\u00e8ncia (PRTR) dins els fons europeus. Pueyo ha afirmat que la innovaci\u00f3 i les noves tecnologies s\u2019han de posar al servei de la ciutadania per garantir sense excepci\u00f3 els drets i la igualtat en l\u2019acc\u00e9s d\u2019oportunitats socials i econ\u00f2miques, i que els serveis arribin a tothom. Ha afegit que cal posar l\u2019atenci\u00f3 en les persones perqu\u00e8 rebin un millor servei i se sentin m\u00e9s ateses. Per aix\u00f2, s\u2019ha de fer un pas endavant cap a un model no tan institucionalitzat i generar entorns m\u00e9s propers, saludables i humans.<\/p><p>La tinent d\u2019alcalde Jordina Freixanet ha detallat els projectes presentats, que s\u2019han treballat transversalment amb diferents \u00e0rees de la Paeria, en aquest cas Serveis Digitals i Urbanisme, i que aportaran en la transformaci\u00f3 dels serveis socials. Freixanet ha insistit en el treball t\u00e8cnic que s\u2019est\u00e0 fent a les diferents convocat\u00f2ries dels #NextGen perqu\u00e8 la ciutat pugui beneficiar-se d\u2019aquestes ajudes. Els tres projectes amb m\u00e9s envergadura econ\u00f2mica s\u00f3n el de nous canals de comunicaci\u00f3 i gesti\u00f3, el nou model d\u2019atenci\u00f3 a les Llars S\u00e8nior i la digitalitzaci\u00f3 dels serveis socials.<\/p><p><strong>L\u00cdNIA 1 &#8211; Projecte 1<\/strong>: Mobiliari per a l&#8217;Equipament comunitari de m\u00faltiples usos \u2013 ECMU. Per equipar l\u2019interior d\u2019equipament i per posar-ho en funcionament: Espais de treball per a professionals, amb taules de despatx, bucs de calaixos, etc.; habitacions individuals, dobles i qu\u00e0druples; cuines industrial i office i espai de bar restaurant; espai polivalent amb taules i cadires que es puguin apilar, i altres.<\/p><p><strong>L\u00cdNIA 3 &#8211; Projecte 2<\/strong>: Digitalitzaci\u00f3 dels serveis socials, per millorar-ne la gesti\u00f3 i transformar els actuals models d\u2019intervenci\u00f3. Eines per reduir els tr\u00e0mits burocr\u00e0tics i centrar la intervenci\u00f3 en la relaci\u00f3 i el suport a les persones. Algunes accions ja s\u2019han fet. Actuaci\u00f3 1: Equips i eines per al treball en mobilitat, fer l\u2019atenci\u00f3 fora del despatx.-Actuaci\u00f3 2: Expedients electr\u00f2nics. Actuaci\u00f3 3: Millora de la connectivitat dels espais de treball.<\/p><p><strong>L\u00cdNIA 4 &#8211; Projecte 3<\/strong>: Nous canals de comunicaci\u00f3 i gesti\u00f3. Per donar resposta a la dificultat d\u2019acc\u00e9s de la ciutadania a la realitzaci\u00f3 de consultes i tr\u00e0mits amb l\u2019administraci\u00f3 i obrir nous canals per fer m\u00e9s accessibles els serveis socials. Actuaci\u00f3 1: Servei d\u2019assist\u00e8ncia telef\u00f2nica en l\u2019\u00e0mbit dels serveis socials. Actuaci\u00f3 2: Servei d\u2019assist\u00e8ncia telef\u00f2nica a la tramitaci\u00f3. Punts de Suport Digital, \u201cConnectors\u201d, punts de WIFI, etc. Actuaci\u00f3 3: Projecte pilot de comunicaci\u00f3 via WhatsApp.<\/p><p><strong>Projecte 4<\/strong>: Estudi per a la creaci\u00f3 d\u2019una oficina de prestacions socials. Per fer aquest estudi s\u2019ha d\u2019analitzar i valorar els processos actuals de gesti\u00f3 i tramitaci\u00f3, elaborar nous criteris, dimensionar l\u2019impacte econ\u00f2mic, etc. L\u2019objectiu \u00e9s tendir a un sistema m\u00e9s equitatiu i racional, que es pugui deslligar de la tasca pr\u00f2pia de les professionals de l\u2019atenci\u00f3 social.<\/p><p><strong>Projecte 5<\/strong>: Projectes innovadors per a persones vulnerables. Actuaci\u00f3 1: Pilot per a l\u2019automatitzaci\u00f3 rob\u00f2tica (RPA) en la resposta a la pobresa energ\u00e8tica. Actuaci\u00f3 2: Estudi per a predicci\u00f3 de vulnerabilitats.<\/p><p><strong>Projecte 6<\/strong>: Projecte pilot per a un nou model d\u2019atenci\u00f3 a les Llars S\u00e8nior. S&#8217;ha iniciat el 2021 per transformar l\u2019atenci\u00f3 i la dinamitzaci\u00f3 de les antigues llars de Jubilats, per convertir-les en Llars S\u00e8nior. L\u2019objectiu \u00e9s donar-los-hi major projecci\u00f3 comunit\u00e0ria i participativa, obrir-los a la col\u00b7laboraci\u00f3 amb altres grups i entitats i dotar-los de la perspectiva intergenercional, intercultural i de g\u00e8nere.<\/p><p><strong>Projecte 7<\/strong>: Aprenentatge digital. Actuaci\u00f3 1: Aprenentatge nova APP per a discapacitats visuals. Actuaci\u00f3 2: Aprenentatge digital per a joves a trav\u00e9s de l\u2019esport.<\/p><p>Igualment, el tinent d\u2019alcalde Postius ha concl\u00f2s l\u2019explicaci\u00f3 dels projectes amb la darrera l\u00ednia a la qual s\u2019han presentat la Paeria. <strong>L\u00cdNIA 8<\/strong>: \u00c9s la que fa refer\u00e8ncia a l\u2019<strong>accessibilitat f\u00edsica i comunicativa<\/strong> i el document presentat est\u00e0 format per 18 actuacions. D\u2019una banda, es preveuen actuacions als centres c\u00edvics de Democr\u00e0cia, Cappont i Bordeta, amb l\u2019adaptaci\u00f3 de portes d\u2019acc\u00e9s i cambres higi\u00e8niques. De l\u2019altra, s\u2019actua en edificis municipals amb atenci\u00f3 al p\u00fablic, com OMAC, Gu\u00e0rdia Urbana, Oficina de Turisme, Auditori, Teatre Escorxador, etc. Inclou la implementaci\u00f3 de sistemes per millorar el so per a persones amb problemes auditius i equipaments multim\u00e8dia per assistir serveis d\u2019int\u00e8rpret en llengua de signes catalana.<\/p><p><a href=\"https:\/\/nextgeneration.paeria.cat\/web\/pdf\/document_cat_21988.pdf\" target=\"_blank\" rel=\"noopener\">M\u00e9s informaci\u00f3 a l\u2019arxiu adjunt (enlla\u00e7 a document PDF).<\/a><\/p><p><strong>NextGen per a habitatge social<\/strong><\/p><p>El tinent d\u2019alcalde i regidor d\u2019Urbanisme ha explicat que la Paeria opta a la subvenci\u00f3 dels fons europeus sobre habitatge social. \u00c9s per l\u00ednia de l\u2019Ag\u00e8ncia de l\u2019Habitatge de Catalunya per participar en la selecci\u00f3 de propostes d\u2019actuacions per al finan\u00e7ament del Programa d\u2019Ajuts a la Construcci\u00f3 d\u2019Habitatges en arrendament social en edificis energ\u00e8ticament eficients. Postius ha comentat que l\u2019objecte de la l\u00ednia \u00e9s la disposici\u00f3 de s\u00f2l municipal per construir habitatge social. Per aix\u00f2, han proposat 7 solars per construir-hi 155 habitatges socials. En concret s\u00f3n dos solars municipals ubicats als Blocs Joan Carles (Mariola) i a Cardenal Remolins (entre Noguerola i Clot) per a 40 habitatges i cinc solars m\u00e9s, que s\u00f3n propietat de l\u2019Empresa Municipal d\u2019Urbanisme, amb 115 habitatges.<\/p><p><strong>Resum dels projectes presentats per Paeria als Next Generation<\/strong><\/p><p>El paer en cap ha resumit els projectes presentats per l\u2019Ajuntament de Lleida als fons europeus. Ha assegurat que aquest \u00e9s un moment transcendental per al futur de la ciutat amb els projectes NextGen, per la capacitat econ\u00f2mica i transformadora que impliquen, que es pot assimilar a altres moments hist\u00f2rics de transformaci\u00f3, com han estat la canalitzaci\u00f3 del riu al seu pas per la ciutat o la construcci\u00f3 del bypass ferroviari. En aquest sentit, ha dit que el treball que s\u2019est\u00e0 fent l\u2019equip de govern refor\u00e7a el moment de represa i de creixement i que s\u2019est\u00e0 actuant com a planificadors del futur i treballadors per al canvi, tant des de l\u2019equip de govern com amb l\u2019aportaci\u00f3 que tamb\u00e9 fa l\u2019estructura social i associativa de la ciutat.<\/p><p>A m\u00e9s dels que avui s\u2019han exposat, fins ara s\u2019han presentat 19 propostes, de les quals la Paeria ha presentat 15 directament i la resta, s\u2019han sol\u00b7licitat a trav\u00e9s de la Fundaci\u00f3 Lleida 21, la Fundaci\u00f3 la Llotja i el Centre de Negocis i Convencions.<\/p><p>De moment, s\u2019han obtingut ajudes per 6 projectes, per un import d\u201911 milions d\u2019euros i que impliquen un volum d\u2019inversi\u00f3 de prop de 16 milions. Alguns s\u00f3n la proposta per transformar la mobilitat a la ciutat, amb la posada en marxa d\u2019una Zona de Baixes Emissions (ZBE) i l\u2019impuls del transport p\u00fablic; el projecte per renaturalitzar i potenciar de zones verdes, o actuacions per transformar i modernitzar digitalment d\u2019administraci\u00f3.<\/p><p>En total, el conjunt de projectes presentats suposen una inversi\u00f3 d\u2019uns 61 Milions d\u2019euros i s\u2019han sol\u00b7licitat ajudes per un valor de prop de 43 milions.<\/p>\t\t\t\t\t\t\t\t<\/div>\n\t\t\t\t<\/div>\n\t\t\t\t\t<\/div>\n\t\t<\/div>\n\t\t\t\t\t<\/div>\n\t\t<\/section>\n\t\t\t\t<section class=\"elementor-section elementor-top-section elementor-element elementor-element-6134351 elementor-section-boxed elementor-section-height-default elementor-section-height-default\" data-id=\"6134351\" data-element_type=\"section\" data-e-type=\"section\">\n\t\t\t\t\t\t<div class=\"elementor-container elementor-column-gap-default\">\n\t\t\t\t\t<div class=\"elementor-column elementor-col-33 elementor-top-column elementor-element elementor-element-7f816b4\" data-id=\"7f816b4\" data-element_type=\"column\" data-e-type=\"column\">\n\t\t\t<div class=\"elementor-widget-wrap elementor-element-populated\">\n\t\t\t\t\t\t<div class=\"elementor-element elementor-element-f2d0422 elementor-widget elementor-widget-image\" data-id=\"f2d0422\" data-element_type=\"widget\" data-e-type=\"widget\" data-widget_type=\"image.default\">\n\t\t\t\t<div class=\"elementor-widget-container\">\n\t\t\t\t\t\t\t\t\t\t\t\t\t\t\t<img fetchpriority=\"high\" decoding=\"async\" width=\"873\" height=\"255\" src=\"https:\/\/nextgeneration.paeria.cat\/web\/wp-content\/uploads\/2022\/11\/Financat-per-la-Unio-Europea.jpg\" class=\"attachment-large size-large wp-image-1883\" alt=\"Logo Uni\u00f3 Europea NextGeneration\" srcset=\"https:\/\/nextgeneration.paeria.cat\/web\/wp-content\/uploads\/2022\/11\/Financat-per-la-Unio-Europea.jpg 873w, https:\/\/nextgeneration.paeria.cat\/web\/wp-content\/uploads\/2022\/11\/Financat-per-la-Unio-Europea-300x88.jpg 300w, https:\/\/nextgeneration.paeria.cat\/web\/wp-content\/uploads\/2022\/11\/Financat-per-la-Unio-Europea-768x224.jpg 768w\" sizes=\"(max-width: 873px) 100vw, 873px\" \/>\t\t\t\t\t\t\t\t\t\t\t\t\t\t\t<\/div>\n\t\t\t\t<\/div>\n\t\t\t\t\t<\/div>\n\t\t<\/div>\n\t\t\t\t<div class=\"elementor-column elementor-col-33 elementor-top-column elementor-element elementor-element-92749aa\" data-id=\"92749aa\" data-element_type=\"column\" data-e-type=\"column\">\n\t\t\t<div class=\"elementor-widget-wrap elementor-element-populated\">\n\t\t\t\t\t\t<div class=\"elementor-element elementor-element-0365b22 elementor-widget elementor-widget-image\" data-id=\"0365b22\" data-element_type=\"widget\" data-e-type=\"widget\" data-widget_type=\"image.default\">\n\t\t\t\t<div class=\"elementor-widget-container\">\n\t\t\t\t\t\t\t\t\t\t\t\t\t\t\t<img decoding=\"async\" width=\"1024\" height=\"274\" src=\"https:\/\/nextgeneration.paeria.cat\/web\/wp-content\/uploads\/2022\/11\/MTMAU.Gob_-1024x274.jpg\" class=\"attachment-large size-large wp-image-1885\" alt=\"Logotip del Ministerio de Transportes, Movilidad y Agenda urbana\" srcset=\"https:\/\/nextgeneration.paeria.cat\/web\/wp-content\/uploads\/2022\/11\/MTMAU.Gob_-1024x274.jpg 1024w, https:\/\/nextgeneration.paeria.cat\/web\/wp-content\/uploads\/2022\/11\/MTMAU.Gob_-300x80.jpg 300w, https:\/\/nextgeneration.paeria.cat\/web\/wp-content\/uploads\/2022\/11\/MTMAU.Gob_-768x205.jpg 768w, https:\/\/nextgeneration.paeria.cat\/web\/wp-content\/uploads\/2022\/11\/MTMAU.Gob_-1536x411.jpg 1536w, https:\/\/nextgeneration.paeria.cat\/web\/wp-content\/uploads\/2022\/11\/MTMAU.Gob_.jpg 2008w\" sizes=\"(max-width: 1024px) 100vw, 1024px\" \/>\t\t\t\t\t\t\t\t\t\t\t\t\t\t\t<\/div>\n\t\t\t\t<\/div>\n\t\t\t\t\t<\/div>\n\t\t<\/div>\n\t\t\t\t<div class=\"elementor-column elementor-col-33 elementor-top-column elementor-element elementor-element-0e9ff0f\" data-id=\"0e9ff0f\" data-element_type=\"column\" data-e-type=\"column\">\n\t\t\t<div class=\"elementor-widget-wrap elementor-element-populated\">\n\t\t\t\t\t\t<div class=\"elementor-element elementor-element-9e971fc elementor-widget elementor-widget-image\" data-id=\"9e971fc\" data-element_type=\"widget\" data-e-type=\"widget\" data-widget_type=\"image.default\">\n\t\t\t\t<div class=\"elementor-widget-container\">\n\t\t\t\t\t\t\t\t\t\t\t\t\t\t\t<img decoding=\"async\" width=\"1024\" height=\"274\" src=\"https:\/\/nextgeneration.paeria.cat\/web\/wp-content\/uploads\/2024\/04\/Ministerio_de_Derechos_Sociales_y_Agenda_2030.svg_-1024x274.png\" class=\"attachment-large size-large wp-image-8612\" alt=\"Ministerio de Derechos Sociales, Consumo y Agenda 2030\" srcset=\"https:\/\/nextgeneration.paeria.cat\/web\/wp-content\/uploads\/2024\/04\/Ministerio_de_Derechos_Sociales_y_Agenda_2030.svg_-1024x274.png 1024w, https:\/\/nextgeneration.paeria.cat\/web\/wp-content\/uploads\/2024\/04\/Ministerio_de_Derechos_Sociales_y_Agenda_2030.svg_-300x80.png 300w, https:\/\/nextgeneration.paeria.cat\/web\/wp-content\/uploads\/2024\/04\/Ministerio_de_Derechos_Sociales_y_Agenda_2030.svg_-768x206.png 768w, https:\/\/nextgeneration.paeria.cat\/web\/wp-content\/uploads\/2024\/04\/Ministerio_de_Derechos_Sociales_y_Agenda_2030.svg_.png 1280w\" sizes=\"(max-width: 1024px) 100vw, 1024px\" \/>\t\t\t\t\t\t\t\t\t\t\t\t\t\t\t<\/div>\n\t\t\t\t<\/div>\n\t\t\t\t\t<\/div>\n\t\t<\/div>\n\t\t\t\t\t<\/div>\n\t\t<\/section>\n\t\t\t\t<section class=\"elementor-section elementor-top-section elementor-element elementor-element-2d0a58c elementor-section-boxed elementor-section-height-default elementor-section-height-default\" data-id=\"2d0a58c\" data-element_type=\"section\" data-e-type=\"section\">\n\t\t\t\t\t\t<div class=\"elementor-container elementor-column-gap-default\">\n\t\t\t\t\t<div class=\"elementor-column elementor-col-33 elementor-top-column elementor-element elementor-element-e5ee901\" data-id=\"e5ee901\" data-element_type=\"column\" data-e-type=\"column\">\n\t\t\t<div class=\"elementor-widget-wrap elementor-element-populated\">\n\t\t\t\t\t\t<div class=\"elementor-element elementor-element-07eab3b elementor-widget elementor-widget-image\" data-id=\"07eab3b\" data-element_type=\"widget\" data-e-type=\"widget\" data-widget_type=\"image.default\">\n\t\t\t\t<div class=\"elementor-widget-container\">\n\t\t\t\t\t\t\t\t\t\t\t\t\t\t\t<img loading=\"lazy\" decoding=\"async\" width=\"300\" height=\"92\" src=\"https:\/\/nextgeneration.paeria.cat\/web\/wp-content\/uploads\/2023\/11\/PRTR-CATALA-3-linies-1-300x92.jpg\" class=\"attachment-medium size-medium wp-image-5065\" alt=\"\" srcset=\"https:\/\/nextgeneration.paeria.cat\/web\/wp-content\/uploads\/2023\/11\/PRTR-CATALA-3-linies-1-300x92.jpg 300w, https:\/\/nextgeneration.paeria.cat\/web\/wp-content\/uploads\/2023\/11\/PRTR-CATALA-3-linies-1.jpg 748w\" sizes=\"(max-width: 300px) 100vw, 300px\" \/>\t\t\t\t\t\t\t\t\t\t\t\t\t\t\t<\/div>\n\t\t\t\t<\/div>\n\t\t\t\t\t<\/div>\n\t\t<\/div>\n\t\t\t\t<div class=\"elementor-column elementor-col-33 elementor-top-column elementor-element elementor-element-f83b18d\" data-id=\"f83b18d\" data-element_type=\"column\" data-e-type=\"column\">\n\t\t\t<div class=\"elementor-widget-wrap elementor-element-populated\">\n\t\t\t\t\t\t<div class=\"elementor-element elementor-element-b472667 elementor-widget elementor-widget-image\" data-id=\"b472667\" data-element_type=\"widget\" data-e-type=\"widget\" data-widget_type=\"image.default\">\n\t\t\t\t<div class=\"elementor-widget-container\">\n\t\t\t\t\t\t\t\t\t\t\t\t\t\t\t<img decoding=\"async\" src=\"https:\/\/nextgeneration.paeria.cat\/web\/wp-content\/uploads\/elementor\/thumbs\/NextGenerationCatalunya-qf0c3fbkghzu5omp27kf58u59iu1exnhiirhqci8lc.jpg\" title=\"NextGenerationCatalunya\" alt=\"NextGenerationCatalunya\" loading=\"lazy\" \/>\t\t\t\t\t\t\t\t\t\t\t\t\t\t\t<\/div>\n\t\t\t\t<\/div>\n\t\t\t\t\t<\/div>\n\t\t<\/div>\n\t\t\t\t<div class=\"elementor-column elementor-col-33 elementor-top-column elementor-element elementor-element-c29bf81\" data-id=\"c29bf81\" data-element_type=\"column\" data-e-type=\"column\">\n\t\t\t<div class=\"elementor-widget-wrap elementor-element-populated\">\n\t\t\t\t\t\t<div class=\"elementor-element elementor-element-e0ee181 elementor-widget elementor-widget-image\" data-id=\"e0ee181\" data-element_type=\"widget\" data-e-type=\"widget\" data-widget_type=\"image.default\">\n\t\t\t\t<div class=\"elementor-widget-container\">\n\t\t\t\t\t\t\t\t\t\t\t\t\t\t\t<img decoding=\"async\" src=\"https:\/\/nextgeneration.paeria.cat\/web\/wp-content\/uploads\/elementor\/thumbs\/Generalitat-qf0c3edq9nyju2o27p5skr2oo4yo78jr6e4092jmrk.jpg\" title=\"Generalitat\" alt=\"Generalitat\" loading=\"lazy\" \/>\t\t\t\t\t\t\t\t\t\t\t\t\t\t\t<\/div>\n\t\t\t\t<\/div>\n\t\t\t\t\t<\/div>\n\t\t<\/div>\n\t\t\t\t\t<\/div>\n\t\t<\/section>\n\t\t\t\t<\/div>\n\t\t","protected":false},"excerpt":{"rendered":"<p>L\u2019alcalde Pueyo ha explicat que s\u00f3n actuacions per millorar l\u2019assist\u00e8ncia i el servei a la ciutadania, amb l\u2019aplicaci\u00f3 d\u2019innovaci\u00f3 i noves tecnologies. Comporten una inversi\u00f3 de 6 milions d\u2019euros i s\u2019han sol\u00b7licitat ajudes per un valor de 4,9 M\u20ac. El nou model d\u2019atenci\u00f3 a les Llars S\u00e8nior, nous canals de comunicaci\u00f3 i gesti\u00f3, mobiliari per &#8230; <a title=\"La Paeria presenta 8 projectes de Drets Socials als Next Generation per millorar el model de cura i l\u2019atenci\u00f3 de les persones\" class=\"read-more\" href=\"https:\/\/nextgeneration.paeria.cat\/web\/la-paeria-presenta-8-projectes-de-drets-socials-als-next-generation-per-millorar-el-model-de-cura-i-latencio-de-les-persones\/\" aria-label=\"M\u00e9s informaci\u00f3 sobre La Paeria presenta 8 projectes de Drets Socials als Next Generation per millorar el model de cura i l\u2019atenci\u00f3 de les persones\">Llegiu m\u00e9s<\/a><\/p>\n","protected":false},"author":2,"featured_media":1743,"comment_status":"closed","ping_status":"closed","sticky":false,"template":"","format":"standard","meta":{"_sitemap_exclude":false,"_sitemap_priority":"","_sitemap_frequency":"","footnotes":""},"categories":[4],"tags":[],"class_list":["post-1742","post","type-post","status-publish","format-standard","has-post-thumbnail","hentry","category-noticies"],"yoast_head":"<!-- This site is optimized with the Yoast SEO plugin v27.5 - https:\/\/yoast.com\/product\/yoast-seo-wordpress\/ -->\n<title>La Paeria presenta 8 projectes de Drets Socials als Next Generation per millorar el model de cura i l\u2019atenci\u00f3 de les persones - Next Generation Lleida - Propostes de projectes - La Paeria - Ajuntament de Lleida<\/title>\n<meta name=\"robots\" content=\"index, follow, max-snippet:-1, max-image-preview:large, max-video-preview:-1\" \/>\n<link rel=\"canonical\" href=\"https:\/\/nextgeneration.paeria.cat\/web\/la-paeria-presenta-8-projectes-de-drets-socials-als-next-generation-per-millorar-el-model-de-cura-i-latencio-de-les-persones\/\" \/>\n<meta property=\"og:locale\" content=\"ca_ES\" \/>\n<meta property=\"og:type\" content=\"article\" \/>\n<meta property=\"og:title\" content=\"La Paeria presenta 8 projectes de Drets Socials als Next Generation per millorar el model de cura i l\u2019atenci\u00f3 de les persones - Next Generation Lleida - Propostes de projectes - La Paeria - Ajuntament de Lleida\" \/>\n<meta property=\"og:description\" content=\"L\u2019alcalde Pueyo ha explicat que s\u00f3n actuacions per millorar l\u2019assist\u00e8ncia i el servei a la ciutadania, amb l\u2019aplicaci\u00f3 d\u2019innovaci\u00f3 i noves tecnologies. Comporten una inversi\u00f3 de 6 milions d\u2019euros i s\u2019han sol\u00b7licitat ajudes per un valor de 4,9 M\u20ac. El nou model d\u2019atenci\u00f3 a les Llars S\u00e8nior, nous canals de comunicaci\u00f3 i gesti\u00f3, mobiliari per ... Llegiu m\u00e9s\" \/>\n<meta property=\"og:url\" content=\"https:\/\/nextgeneration.paeria.cat\/web\/la-paeria-presenta-8-projectes-de-drets-socials-als-next-generation-per-millorar-el-model-de-cura-i-latencio-de-les-persones\/\" \/>\n<meta property=\"og:site_name\" content=\"Next Generation Lleida - Propostes de projectes - La Paeria - Ajuntament de Lleida\" \/>\n<meta property=\"article:published_time\" content=\"2022-07-27T11:36:00+00:00\" \/>\n<meta property=\"article:modified_time\" content=\"2026-03-12T07:45:44+00:00\" \/>\n<meta property=\"og:image\" content=\"https:\/\/nextgeneration.paeria.cat\/web\/wp-content\/uploads\/2022\/08\/27-07-2022_1.jpg\" \/>\n\t<meta property=\"og:image:width\" content=\"1080\" \/>\n\t<meta property=\"og:image:height\" content=\"720\" \/>\n\t<meta property=\"og:image:type\" content=\"image\/jpeg\" \/>\n<meta name=\"author\" content=\"admin-nextgeneration\" \/>\n<meta name=\"twitter:card\" content=\"summary_large_image\" \/>\n<meta name=\"twitter:label1\" content=\"Escrit per\" \/>\n\t<meta name=\"twitter:data1\" content=\"admin-nextgeneration\" \/>\n\t<meta name=\"twitter:label2\" content=\"Temps estimat de lectura\" \/>\n\t<meta name=\"twitter:data2\" content=\"9 minuts\" \/>\n<script type=\"application\/ld+json\" class=\"yoast-schema-graph\">{\"@context\":\"https:\\\/\\\/schema.org\",\"@graph\":[{\"@type\":\"Article\",\"@id\":\"https:\\\/\\\/nextgeneration.paeria.cat\\\/web\\\/la-paeria-presenta-8-projectes-de-drets-socials-als-next-generation-per-millorar-el-model-de-cura-i-latencio-de-les-persones\\\/#article\",\"isPartOf\":{\"@id\":\"https:\\\/\\\/nextgeneration.paeria.cat\\\/web\\\/la-paeria-presenta-8-projectes-de-drets-socials-als-next-generation-per-millorar-el-model-de-cura-i-latencio-de-les-persones\\\/\"},\"author\":{\"name\":\"admin-nextgeneration\",\"@id\":\"https:\\\/\\\/nextgeneration.paeria.cat\\\/web\\\/#\\\/schema\\\/person\\\/a12a490165bc044605332926bbdc1189\"},\"headline\":\"La Paeria presenta 8 projectes de Drets Socials als Next Generation per millorar el model de cura i l\u2019atenci\u00f3 de les persones\",\"datePublished\":\"2022-07-27T11:36:00+00:00\",\"dateModified\":\"2026-03-12T07:45:44+00:00\",\"mainEntityOfPage\":{\"@id\":\"https:\\\/\\\/nextgeneration.paeria.cat\\\/web\\\/la-paeria-presenta-8-projectes-de-drets-socials-als-next-generation-per-millorar-el-model-de-cura-i-latencio-de-les-persones\\\/\"},\"wordCount\":1505,\"publisher\":{\"@id\":\"https:\\\/\\\/nextgeneration.paeria.cat\\\/web\\\/#organization\"},\"image\":{\"@id\":\"https:\\\/\\\/nextgeneration.paeria.cat\\\/web\\\/la-paeria-presenta-8-projectes-de-drets-socials-als-next-generation-per-millorar-el-model-de-cura-i-latencio-de-les-persones\\\/#primaryimage\"},\"thumbnailUrl\":\"https:\\\/\\\/nextgeneration.paeria.cat\\\/web\\\/wp-content\\\/uploads\\\/2022\\\/08\\\/27-07-2022_1.jpg\",\"articleSection\":[\"Not\u00edcies\"],\"inLanguage\":\"ca\"},{\"@type\":\"WebPage\",\"@id\":\"https:\\\/\\\/nextgeneration.paeria.cat\\\/web\\\/la-paeria-presenta-8-projectes-de-drets-socials-als-next-generation-per-millorar-el-model-de-cura-i-latencio-de-les-persones\\\/\",\"url\":\"https:\\\/\\\/nextgeneration.paeria.cat\\\/web\\\/la-paeria-presenta-8-projectes-de-drets-socials-als-next-generation-per-millorar-el-model-de-cura-i-latencio-de-les-persones\\\/\",\"name\":\"La Paeria presenta 8 projectes de Drets Socials als Next Generation per millorar el model de cura i l\u2019atenci\u00f3 de les persones - Next Generation Lleida - Propostes de projectes - La Paeria - Ajuntament de Lleida\",\"isPartOf\":{\"@id\":\"https:\\\/\\\/nextgeneration.paeria.cat\\\/web\\\/#website\"},\"primaryImageOfPage\":{\"@id\":\"https:\\\/\\\/nextgeneration.paeria.cat\\\/web\\\/la-paeria-presenta-8-projectes-de-drets-socials-als-next-generation-per-millorar-el-model-de-cura-i-latencio-de-les-persones\\\/#primaryimage\"},\"image\":{\"@id\":\"https:\\\/\\\/nextgeneration.paeria.cat\\\/web\\\/la-paeria-presenta-8-projectes-de-drets-socials-als-next-generation-per-millorar-el-model-de-cura-i-latencio-de-les-persones\\\/#primaryimage\"},\"thumbnailUrl\":\"https:\\\/\\\/nextgeneration.paeria.cat\\\/web\\\/wp-content\\\/uploads\\\/2022\\\/08\\\/27-07-2022_1.jpg\",\"datePublished\":\"2022-07-27T11:36:00+00:00\",\"dateModified\":\"2026-03-12T07:45:44+00:00\",\"breadcrumb\":{\"@id\":\"https:\\\/\\\/nextgeneration.paeria.cat\\\/web\\\/la-paeria-presenta-8-projectes-de-drets-socials-als-next-generation-per-millorar-el-model-de-cura-i-latencio-de-les-persones\\\/#breadcrumb\"},\"inLanguage\":\"ca\",\"potentialAction\":[{\"@type\":\"ReadAction\",\"target\":[\"https:\\\/\\\/nextgeneration.paeria.cat\\\/web\\\/la-paeria-presenta-8-projectes-de-drets-socials-als-next-generation-per-millorar-el-model-de-cura-i-latencio-de-les-persones\\\/\"]}]},{\"@type\":\"ImageObject\",\"inLanguage\":\"ca\",\"@id\":\"https:\\\/\\\/nextgeneration.paeria.cat\\\/web\\\/la-paeria-presenta-8-projectes-de-drets-socials-als-next-generation-per-millorar-el-model-de-cura-i-latencio-de-les-persones\\\/#primaryimage\",\"url\":\"https:\\\/\\\/nextgeneration.paeria.cat\\\/web\\\/wp-content\\\/uploads\\\/2022\\\/08\\\/27-07-2022_1.jpg\",\"contentUrl\":\"https:\\\/\\\/nextgeneration.paeria.cat\\\/web\\\/wp-content\\\/uploads\\\/2022\\\/08\\\/27-07-2022_1.jpg\",\"width\":1080,\"height\":720,\"caption\":\"La Paeria presenta 8 projectes de Drets Socials als Next Generation per millorar el model de cura i l\u2019atenci\u00f3 de les persones\"},{\"@type\":\"BreadcrumbList\",\"@id\":\"https:\\\/\\\/nextgeneration.paeria.cat\\\/web\\\/la-paeria-presenta-8-projectes-de-drets-socials-als-next-generation-per-millorar-el-model-de-cura-i-latencio-de-les-persones\\\/#breadcrumb\",\"itemListElement\":[{\"@type\":\"ListItem\",\"position\":1,\"name\":\"Inici\",\"item\":\"https:\\\/\\\/nextgeneration.paeria.cat\\\/web\\\/\"},{\"@type\":\"ListItem\",\"position\":2,\"name\":\"La Paeria presenta 8 projectes de Drets Socials als Next Generation per millorar el model de cura i l\u2019atenci\u00f3 de les persones\"}]},{\"@type\":\"WebSite\",\"@id\":\"https:\\\/\\\/nextgeneration.paeria.cat\\\/web\\\/#website\",\"url\":\"https:\\\/\\\/nextgeneration.paeria.cat\\\/web\\\/\",\"name\":\"Next Generation Lleida - Propostes de projectes - La Paeria - Ajuntament de Lleida\",\"description\":\"\",\"publisher\":{\"@id\":\"https:\\\/\\\/nextgeneration.paeria.cat\\\/web\\\/#organization\"},\"potentialAction\":[{\"@type\":\"SearchAction\",\"target\":{\"@type\":\"EntryPoint\",\"urlTemplate\":\"https:\\\/\\\/nextgeneration.paeria.cat\\\/web\\\/?s={search_term_string}\"},\"query-input\":{\"@type\":\"PropertyValueSpecification\",\"valueRequired\":true,\"valueName\":\"search_term_string\"}}],\"inLanguage\":\"ca\"},{\"@type\":\"Organization\",\"@id\":\"https:\\\/\\\/nextgeneration.paeria.cat\\\/web\\\/#organization\",\"name\":\"Next Generation Lleida - Propostes de projectes - La Paeria - Ajuntament de Lleida\",\"url\":\"https:\\\/\\\/nextgeneration.paeria.cat\\\/web\\\/\",\"logo\":{\"@type\":\"ImageObject\",\"inLanguage\":\"ca\",\"@id\":\"https:\\\/\\\/nextgeneration.paeria.cat\\\/web\\\/#\\\/schema\\\/logo\\\/image\\\/\",\"url\":\"https:\\\/\\\/nextgeneration.paeria.cat\\\/web\\\/wp-content\\\/uploads\\\/2023\\\/09\\\/cropped-titol.png\",\"contentUrl\":\"https:\\\/\\\/nextgeneration.paeria.cat\\\/web\\\/wp-content\\\/uploads\\\/2023\\\/09\\\/cropped-titol.png\",\"width\":1100,\"height\":220,\"caption\":\"Next Generation Lleida - Propostes de projectes - La Paeria - Ajuntament de Lleida\"},\"image\":{\"@id\":\"https:\\\/\\\/nextgeneration.paeria.cat\\\/web\\\/#\\\/schema\\\/logo\\\/image\\\/\"}},{\"@type\":\"Person\",\"@id\":\"https:\\\/\\\/nextgeneration.paeria.cat\\\/web\\\/#\\\/schema\\\/person\\\/a12a490165bc044605332926bbdc1189\",\"name\":\"admin-nextgeneration\",\"image\":{\"@type\":\"ImageObject\",\"inLanguage\":\"ca\",\"@id\":\"https:\\\/\\\/secure.gravatar.com\\\/avatar\\\/01bed9d6851a1f9c8ab5eb704ab3e7882815867f87a0ef562e77261bef722cbe?s=96&d=mm&r=g\",\"url\":\"https:\\\/\\\/secure.gravatar.com\\\/avatar\\\/01bed9d6851a1f9c8ab5eb704ab3e7882815867f87a0ef562e77261bef722cbe?s=96&d=mm&r=g\",\"contentUrl\":\"https:\\\/\\\/secure.gravatar.com\\\/avatar\\\/01bed9d6851a1f9c8ab5eb704ab3e7882815867f87a0ef562e77261bef722cbe?s=96&d=mm&r=g\",\"caption\":\"admin-nextgeneration\"}}]}<\/script>\n<!-- \/ Yoast SEO plugin. -->","yoast_head_json":{"title":"La Paeria presenta 8 projectes de Drets Socials als Next Generation per millorar el model de cura i l\u2019atenci\u00f3 de les persones - Next Generation Lleida - Propostes de projectes - La Paeria - Ajuntament de Lleida","robots":{"index":"index","follow":"follow","max-snippet":"max-snippet:-1","max-image-preview":"max-image-preview:large","max-video-preview":"max-video-preview:-1"},"canonical":"https:\/\/nextgeneration.paeria.cat\/web\/la-paeria-presenta-8-projectes-de-drets-socials-als-next-generation-per-millorar-el-model-de-cura-i-latencio-de-les-persones\/","og_locale":"ca_ES","og_type":"article","og_title":"La Paeria presenta 8 projectes de Drets Socials als Next Generation per millorar el model de cura i l\u2019atenci\u00f3 de les persones - Next Generation Lleida - Propostes de projectes - La Paeria - Ajuntament de Lleida","og_description":"L\u2019alcalde Pueyo ha explicat que s\u00f3n actuacions per millorar l\u2019assist\u00e8ncia i el servei a la ciutadania, amb l\u2019aplicaci\u00f3 d\u2019innovaci\u00f3 i noves tecnologies. Comporten una inversi\u00f3 de 6 milions d\u2019euros i s\u2019han sol\u00b7licitat ajudes per un valor de 4,9 M\u20ac. El nou model d\u2019atenci\u00f3 a les Llars S\u00e8nior, nous canals de comunicaci\u00f3 i gesti\u00f3, mobiliari per ... Llegiu m\u00e9s","og_url":"https:\/\/nextgeneration.paeria.cat\/web\/la-paeria-presenta-8-projectes-de-drets-socials-als-next-generation-per-millorar-el-model-de-cura-i-latencio-de-les-persones\/","og_site_name":"Next Generation Lleida - Propostes de projectes - La Paeria - Ajuntament de Lleida","article_published_time":"2022-07-27T11:36:00+00:00","article_modified_time":"2026-03-12T07:45:44+00:00","og_image":[{"width":1080,"height":720,"url":"https:\/\/nextgeneration.paeria.cat\/web\/wp-content\/uploads\/2022\/08\/27-07-2022_1.jpg","type":"image\/jpeg"}],"author":"admin-nextgeneration","twitter_card":"summary_large_image","twitter_misc":{"Escrit per":"admin-nextgeneration","Temps estimat de lectura":"9 minuts"},"schema":{"@context":"https:\/\/schema.org","@graph":[{"@type":"Article","@id":"https:\/\/nextgeneration.paeria.cat\/web\/la-paeria-presenta-8-projectes-de-drets-socials-als-next-generation-per-millorar-el-model-de-cura-i-latencio-de-les-persones\/#article","isPartOf":{"@id":"https:\/\/nextgeneration.paeria.cat\/web\/la-paeria-presenta-8-projectes-de-drets-socials-als-next-generation-per-millorar-el-model-de-cura-i-latencio-de-les-persones\/"},"author":{"name":"admin-nextgeneration","@id":"https:\/\/nextgeneration.paeria.cat\/web\/#\/schema\/person\/a12a490165bc044605332926bbdc1189"},"headline":"La Paeria presenta 8 projectes de Drets Socials als Next Generation per millorar el model de cura i l\u2019atenci\u00f3 de les persones","datePublished":"2022-07-27T11:36:00+00:00","dateModified":"2026-03-12T07:45:44+00:00","mainEntityOfPage":{"@id":"https:\/\/nextgeneration.paeria.cat\/web\/la-paeria-presenta-8-projectes-de-drets-socials-als-next-generation-per-millorar-el-model-de-cura-i-latencio-de-les-persones\/"},"wordCount":1505,"publisher":{"@id":"https:\/\/nextgeneration.paeria.cat\/web\/#organization"},"image":{"@id":"https:\/\/nextgeneration.paeria.cat\/web\/la-paeria-presenta-8-projectes-de-drets-socials-als-next-generation-per-millorar-el-model-de-cura-i-latencio-de-les-persones\/#primaryimage"},"thumbnailUrl":"https:\/\/nextgeneration.paeria.cat\/web\/wp-content\/uploads\/2022\/08\/27-07-2022_1.jpg","articleSection":["Not\u00edcies"],"inLanguage":"ca"},{"@type":"WebPage","@id":"https:\/\/nextgeneration.paeria.cat\/web\/la-paeria-presenta-8-projectes-de-drets-socials-als-next-generation-per-millorar-el-model-de-cura-i-latencio-de-les-persones\/","url":"https:\/\/nextgeneration.paeria.cat\/web\/la-paeria-presenta-8-projectes-de-drets-socials-als-next-generation-per-millorar-el-model-de-cura-i-latencio-de-les-persones\/","name":"La Paeria presenta 8 projectes de Drets Socials als Next Generation per millorar el model de cura i l\u2019atenci\u00f3 de les persones - Next Generation Lleida - Propostes de projectes - La Paeria - Ajuntament de Lleida","isPartOf":{"@id":"https:\/\/nextgeneration.paeria.cat\/web\/#website"},"primaryImageOfPage":{"@id":"https:\/\/nextgeneration.paeria.cat\/web\/la-paeria-presenta-8-projectes-de-drets-socials-als-next-generation-per-millorar-el-model-de-cura-i-latencio-de-les-persones\/#primaryimage"},"image":{"@id":"https:\/\/nextgeneration.paeria.cat\/web\/la-paeria-presenta-8-projectes-de-drets-socials-als-next-generation-per-millorar-el-model-de-cura-i-latencio-de-les-persones\/#primaryimage"},"thumbnailUrl":"https:\/\/nextgeneration.paeria.cat\/web\/wp-content\/uploads\/2022\/08\/27-07-2022_1.jpg","datePublished":"2022-07-27T11:36:00+00:00","dateModified":"2026-03-12T07:45:44+00:00","breadcrumb":{"@id":"https:\/\/nextgeneration.paeria.cat\/web\/la-paeria-presenta-8-projectes-de-drets-socials-als-next-generation-per-millorar-el-model-de-cura-i-latencio-de-les-persones\/#breadcrumb"},"inLanguage":"ca","potentialAction":[{"@type":"ReadAction","target":["https:\/\/nextgeneration.paeria.cat\/web\/la-paeria-presenta-8-projectes-de-drets-socials-als-next-generation-per-millorar-el-model-de-cura-i-latencio-de-les-persones\/"]}]},{"@type":"ImageObject","inLanguage":"ca","@id":"https:\/\/nextgeneration.paeria.cat\/web\/la-paeria-presenta-8-projectes-de-drets-socials-als-next-generation-per-millorar-el-model-de-cura-i-latencio-de-les-persones\/#primaryimage","url":"https:\/\/nextgeneration.paeria.cat\/web\/wp-content\/uploads\/2022\/08\/27-07-2022_1.jpg","contentUrl":"https:\/\/nextgeneration.paeria.cat\/web\/wp-content\/uploads\/2022\/08\/27-07-2022_1.jpg","width":1080,"height":720,"caption":"La Paeria presenta 8 projectes de Drets Socials als Next Generation per millorar el model de cura i l\u2019atenci\u00f3 de les persones"},{"@type":"BreadcrumbList","@id":"https:\/\/nextgeneration.paeria.cat\/web\/la-paeria-presenta-8-projectes-de-drets-socials-als-next-generation-per-millorar-el-model-de-cura-i-latencio-de-les-persones\/#breadcrumb","itemListElement":[{"@type":"ListItem","position":1,"name":"Inici","item":"https:\/\/nextgeneration.paeria.cat\/web\/"},{"@type":"ListItem","position":2,"name":"La Paeria presenta 8 projectes de Drets Socials als Next Generation per millorar el model de cura i l\u2019atenci\u00f3 de les persones"}]},{"@type":"WebSite","@id":"https:\/\/nextgeneration.paeria.cat\/web\/#website","url":"https:\/\/nextgeneration.paeria.cat\/web\/","name":"Next Generation Lleida - Propostes de projectes - La Paeria - Ajuntament de Lleida","description":"","publisher":{"@id":"https:\/\/nextgeneration.paeria.cat\/web\/#organization"},"potentialAction":[{"@type":"SearchAction","target":{"@type":"EntryPoint","urlTemplate":"https:\/\/nextgeneration.paeria.cat\/web\/?s={search_term_string}"},"query-input":{"@type":"PropertyValueSpecification","valueRequired":true,"valueName":"search_term_string"}}],"inLanguage":"ca"},{"@type":"Organization","@id":"https:\/\/nextgeneration.paeria.cat\/web\/#organization","name":"Next Generation Lleida - Propostes de projectes - La Paeria - Ajuntament de Lleida","url":"https:\/\/nextgeneration.paeria.cat\/web\/","logo":{"@type":"ImageObject","inLanguage":"ca","@id":"https:\/\/nextgeneration.paeria.cat\/web\/#\/schema\/logo\/image\/","url":"https:\/\/nextgeneration.paeria.cat\/web\/wp-content\/uploads\/2023\/09\/cropped-titol.png","contentUrl":"https:\/\/nextgeneration.paeria.cat\/web\/wp-content\/uploads\/2023\/09\/cropped-titol.png","width":1100,"height":220,"caption":"Next Generation Lleida - Propostes de projectes - La Paeria - Ajuntament de Lleida"},"image":{"@id":"https:\/\/nextgeneration.paeria.cat\/web\/#\/schema\/logo\/image\/"}},{"@type":"Person","@id":"https:\/\/nextgeneration.paeria.cat\/web\/#\/schema\/person\/a12a490165bc044605332926bbdc1189","name":"admin-nextgeneration","image":{"@type":"ImageObject","inLanguage":"ca","@id":"https:\/\/secure.gravatar.com\/avatar\/01bed9d6851a1f9c8ab5eb704ab3e7882815867f87a0ef562e77261bef722cbe?s=96&d=mm&r=g","url":"https:\/\/secure.gravatar.com\/avatar\/01bed9d6851a1f9c8ab5eb704ab3e7882815867f87a0ef562e77261bef722cbe?s=96&d=mm&r=g","contentUrl":"https:\/\/secure.gravatar.com\/avatar\/01bed9d6851a1f9c8ab5eb704ab3e7882815867f87a0ef562e77261bef722cbe?s=96&d=mm&r=g","caption":"admin-nextgeneration"}}]}},"_links":{"self":[{"href":"https:\/\/nextgeneration.paeria.cat\/web\/wp-json\/wp\/v2\/posts\/1742","targetHints":{"allow":["GET"]}}],"collection":[{"href":"https:\/\/nextgeneration.paeria.cat\/web\/wp-json\/wp\/v2\/posts"}],"about":[{"href":"https:\/\/nextgeneration.paeria.cat\/web\/wp-json\/wp\/v2\/types\/post"}],"author":[{"embeddable":true,"href":"https:\/\/nextgeneration.paeria.cat\/web\/wp-json\/wp\/v2\/users\/2"}],"replies":[{"embeddable":true,"href":"https:\/\/nextgeneration.paeria.cat\/web\/wp-json\/wp\/v2\/comments?post=1742"}],"version-history":[{"count":12,"href":"https:\/\/nextgeneration.paeria.cat\/web\/wp-json\/wp\/v2\/posts\/1742\/revisions"}],"predecessor-version":[{"id":8672,"href":"https:\/\/nextgeneration.paeria.cat\/web\/wp-json\/wp\/v2\/posts\/1742\/revisions\/8672"}],"wp:featuredmedia":[{"embeddable":true,"href":"https:\/\/nextgeneration.paeria.cat\/web\/wp-json\/wp\/v2\/media\/1743"}],"wp:attachment":[{"href":"https:\/\/nextgeneration.paeria.cat\/web\/wp-json\/wp\/v2\/media?parent=1742"}],"wp:term":[{"taxonomy":"category","embeddable":true,"href":"https:\/\/nextgeneration.paeria.cat\/web\/wp-json\/wp\/v2\/categories?post=1742"},{"taxonomy":"post_tag","embeddable":true,"href":"https:\/\/nextgeneration.paeria.cat\/web\/wp-json\/wp\/v2\/tags?post=1742"}],"curies":[{"name":"wp","href":"https:\/\/api.w.org\/{rel}","templated":true}]}}