{"id":2753,"date":"2023-03-08T10:31:56","date_gmt":"2023-03-08T08:31:56","guid":{"rendered":"https:\/\/nextgeneration.paeria.cat\/web\/?p=2753"},"modified":"2023-06-01T13:23:08","modified_gmt":"2023-06-01T11:23:08","slug":"mobiliari-per-a-lequipament-comunitari-de-multiples-usos-ecmu-linia-1-drets-socials","status":"publish","type":"post","link":"https:\/\/nextgeneration.paeria.cat\/web\/mobiliari-per-a-lequipament-comunitari-de-multiples-usos-ecmu-linia-1-drets-socials\/","title":{"rendered":"Drets Socials \u2013 L\u00ednia 1: Mobiliari per a l\u2019equipament comunitari de m\u00faltiples usos (ECMU)"},"content":{"rendered":"\t\t<div data-elementor-type=\"wp-post\" data-elementor-id=\"2753\" class=\"elementor elementor-2753\">\n\t\t\t\t\t\t<section class=\"elementor-section elementor-top-section elementor-element elementor-element-104e94a elementor-section-boxed elementor-section-height-default elementor-section-height-default\" data-id=\"104e94a\" data-element_type=\"section\" data-e-type=\"section\">\n\t\t\t\t\t\t<div class=\"elementor-container elementor-column-gap-default\">\n\t\t\t\t\t<div class=\"elementor-column elementor-col-100 elementor-top-column elementor-element elementor-element-d52b4cb\" data-id=\"d52b4cb\" data-element_type=\"column\" data-e-type=\"column\">\n\t\t\t<div class=\"elementor-widget-wrap elementor-element-populated\">\n\t\t\t\t\t\t<div class=\"elementor-element elementor-element-3c53cdf elementor-widget elementor-widget-text-editor\" data-id=\"3c53cdf\" data-element_type=\"widget\" data-e-type=\"widget\" data-widget_type=\"text-editor.default\">\n\t\t\t\t<div class=\"elementor-widget-container\">\n\t\t\t\t\t\t\t\t\t<p><a href=\"https:\/\/nextgeneration.paeria.cat\/web\/\">Inici <\/a><img decoding=\"async\" src=\"https:\/\/nextgeneration.paeria.cat\/web\/wp-content\/uploads\/2021\/05\/li-color_15.png\" \/> Projectes <img decoding=\"async\" src=\"https:\/\/nextgeneration.paeria.cat\/web\/wp-content\/uploads\/2021\/05\/li-color_15.png\" \/> Next Generation Paeria <img decoding=\"async\" src=\"https:\/\/nextgeneration.paeria.cat\/web\/wp-content\/uploads\/2021\/05\/li-color_15.png\" \/>\u00a0<a href=\"https:\/\/nextgeneration.paeria.cat\/web\/projectes-no-concedits-next-generation-lleida\/\">Projectes no concedits<\/a>\u00a0<img decoding=\"async\" src=\"https:\/\/nextgeneration.paeria.cat\/web\/wp-content\/uploads\/2021\/05\/li-color_15.png\" \/> Drets Socials \u2013 L\u00ednia 1: Mobiliari per a l\u2019equipament comunitari de m\u00faltiples usos (ECMU)<\/p>\t\t\t\t\t\t\t\t<\/div>\n\t\t\t\t<\/div>\n\t\t\t\t\t<\/div>\n\t\t<\/div>\n\t\t\t\t\t<\/div>\n\t\t<\/section>\n\t\t\t\t<section class=\"elementor-section elementor-top-section elementor-element elementor-element-34209e1 elementor-section-boxed elementor-section-height-default elementor-section-height-default\" data-id=\"34209e1\" data-element_type=\"section\" data-e-type=\"section\">\n\t\t\t\t\t\t<div class=\"elementor-container elementor-column-gap-default\">\n\t\t\t\t\t<div class=\"elementor-column elementor-col-50 elementor-top-column elementor-element elementor-element-bf8447e\" data-id=\"bf8447e\" data-element_type=\"column\" data-e-type=\"column\">\n\t\t\t<div class=\"elementor-widget-wrap elementor-element-populated\">\n\t\t\t\t\t\t<div class=\"elementor-element elementor-element-48130d4 elementor-widget elementor-widget-text-editor\" data-id=\"48130d4\" data-element_type=\"widget\" data-e-type=\"widget\" data-widget_type=\"text-editor.default\">\n\t\t\t\t<div class=\"elementor-widget-container\">\n\t\t\t\t\t\t\t\t\t<p><strong>Descripci\u00f3<\/strong><\/p>\t\t\t\t\t\t\t\t<\/div>\n\t\t\t\t<\/div>\n\t\t\t\t<div class=\"elementor-element elementor-element-4a96ddb elementor-widget elementor-widget-text-editor\" data-id=\"4a96ddb\" data-element_type=\"widget\" data-e-type=\"widget\" data-widget_type=\"text-editor.default\">\n\t\t\t\t<div class=\"elementor-widget-container\">\n\t\t\t\t\t\t\t\t\t<p>Aquest projecte s\u2019ha presentat dins la l\u00ednia 1 de la convocat\u00f2ria de subvencions del Departament de Drets Socials.<\/p><p>L\u2019objectiu \u00e9s equipar l\u2019interior de l\u2019Equipament comunitari de m\u00faltiples usos, l\u2019ECMU, un cop constru\u00eft, perqu\u00e8 pugui posar-se en funcionament. Entre altres actuacions, inclou:<\/p><ul><li>Espais de treball per a professionals, amb taules de despatx, bucs de calaixos, etc.<\/li><li>Habitacions individuals, dobles i qu\u00e0druples.<\/li><li>Cuines industrial i office i espai de bar restaurant.<\/li><li>Espai polivalent amb taules i cadires que es puguin apilar.<\/li><\/ul><p>La proposta s\u2019ha presentat en col\u00b7laboraci\u00f3 amb l\u2019\u00e0rea d\u2019Urbanisme.<\/p>\t\t\t\t\t\t\t\t<\/div>\n\t\t\t\t<\/div>\n\t\t\t\t\t<\/div>\n\t\t<\/div>\n\t\t\t\t<div class=\"elementor-column elementor-col-50 elementor-top-column elementor-element elementor-element-ff0aa74\" data-id=\"ff0aa74\" data-element_type=\"column\" data-e-type=\"column\">\n\t\t\t<div class=\"elementor-widget-wrap elementor-element-populated\">\n\t\t\t\t\t\t<div class=\"elementor-element elementor-element-fda0d64 elementor-widget elementor-widget-html\" data-id=\"fda0d64\" data-element_type=\"widget\" data-e-type=\"widget\" data-widget_type=\"html.default\">\n\t\t\t\t<div class=\"elementor-widget-container\">\n\t\t\t\t\t<table class=\"taula-projectes\">\r\n    <tr>\r\n\t\t<td>Convocat\u00f2ria<\/td>\r\n\t\t<td>\r\nde subvencions del Departament de Drets Socials.\r\n\r\n\r\n\t\t<\/td>\t\t\r\n\t<\/tr>\r\n\r\n\t<tr>\r\n\t\t<td>Inversi\u00f3<\/td>\r\n\t\t<td><strong>Import del projecte:<\/strong> 362.193 \u20ac<br\/><strong>Import demanat:<\/strong> 299.333 \u20ac<\/td>\t\t\r\n\t<\/tr>\r\n\r\n\t<tr>\r\n\t\t<td>Data presentaci\u00f3<\/td>\r\n\t\t<td>28\/07\/2022<\/td>\t\t\r\n\t<\/tr>\r\n\t\t<tr>\r\n\t\t<td>Resoluci\u00f3 definitiva<\/td>\r\n\t\t<td>Denegat - 03\/02\/2023<\/td>\t\t\r\n\t<\/tr>\r\n\r\n\t<tr>\r\n\t\t<td>Convocat per<\/td>\r\n\t\t<td>\r\n\t\t\tla Uni\u00f3 Europea \u2013 Next Generation EU,\r\nPla de Recuperaci\u00f3, Transformaci\u00f3 i Resili\u00e8ncia del Govern d\u2019Espanya, Ministeri de Drets Socials i Agenda 2030 i Departament de Drets Socials de la Generalitat de Catalunya.\r\n\t\t<\/td>\t\t\r\n\t<\/tr>\r\n\t\t\t\t\r\n<\/table>\r\n\r\n\t\t\t\t<\/div>\n\t\t\t\t<\/div>\n\t\t\t\t\t<\/div>\n\t\t<\/div>\n\t\t\t\t\t<\/div>\n\t\t<\/section>\n\t\t\t\t<section class=\"elementor-section elementor-top-section elementor-element elementor-element-d122e75 elementor-section-boxed elementor-section-height-default elementor-section-height-default\" data-id=\"d122e75\" data-element_type=\"section\" data-e-type=\"section\">\n\t\t\t\t\t\t<div class=\"elementor-container elementor-column-gap-default\">\n\t\t\t\t\t<div class=\"elementor-column elementor-col-100 elementor-top-column elementor-element elementor-element-1b7d3f3\" data-id=\"1b7d3f3\" data-element_type=\"column\" data-e-type=\"column\">\n\t\t\t<div class=\"elementor-widget-wrap elementor-element-populated\">\n\t\t\t\t\t\t<div class=\"elementor-element elementor-element-34a449e elementor-widget elementor-widget-text-editor\" data-id=\"34a449e\" data-element_type=\"widget\" data-e-type=\"widget\" data-widget_type=\"text-editor.default\">\n\t\t\t\t<div class=\"elementor-widget-container\">\n\t\t\t\t\t\t\t\t\t<p>Not\u00edcies<strong> relacionades<\/strong><\/p><ul><li><a href=\"https:\/\/nextgeneration.paeria.cat\/web\/la-paeria-presenta-8-projectes-de-drets-socials-als-next-generation-per-millorar-el-model-de-cura-i-latencio-de-les-persones\/\">La Paeria presenta 8 projectes de Drets Socials als Next Generation per millorar el model de cura i l&#8217;atenci\u00f3 de les persones.<\/a><\/li><\/ul>\t\t\t\t\t\t\t\t<\/div>\n\t\t\t\t<\/div>\n\t\t\t\t\t<\/div>\n\t\t<\/div>\n\t\t\t\t\t<\/div>\n\t\t<\/section>\n\t\t\t\t<\/div>\n\t\t","protected":false},"excerpt":{"rendered":"<p>Inici Projectes Next Generation Paeria \u00a0Projectes no concedits\u00a0 Drets Socials \u2013 L\u00ednia 1: Mobiliari per a l\u2019equipament comunitari de m\u00faltiples usos (ECMU) Descripci\u00f3 Aquest projecte s\u2019ha presentat dins la l\u00ednia 1 de la convocat\u00f2ria de subvencions del Departament de Drets Socials. L\u2019objectiu \u00e9s equipar l\u2019interior de l\u2019Equipament comunitari de m\u00faltiples usos, l\u2019ECMU, un cop constru\u00eft, &#8230; <a title=\"Drets Socials \u2013 L\u00ednia 1: Mobiliari per a l\u2019equipament comunitari de m\u00faltiples usos (ECMU)\" class=\"read-more\" href=\"https:\/\/nextgeneration.paeria.cat\/web\/mobiliari-per-a-lequipament-comunitari-de-multiples-usos-ecmu-linia-1-drets-socials\/\" aria-label=\"M\u00e9s informaci\u00f3 sobre Drets Socials \u2013 L\u00ednia 1: Mobiliari per a l\u2019equipament comunitari de m\u00faltiples usos (ECMU)\">Llegiu m\u00e9s<\/a><\/p>\n","protected":false},"author":2,"featured_media":0,"comment_status":"closed","ping_status":"closed","sticky":false,"template":"","format":"standard","meta":{"_sitemap_exclude":false,"_sitemap_priority":"","_sitemap_frequency":"","footnotes":""},"categories":[24,3,5],"tags":[],"class_list":["post-2753","post","type-post","status-publish","format-standard","hentry","category-no-concedit","category-propostes","category-pp-next-generation-lleida-paeria"],"yoast_head":"<!-- This site is optimized with the Yoast SEO plugin v27.5 - https:\/\/yoast.com\/product\/yoast-seo-wordpress\/ -->\n<title>Drets Socials \u2013 L\u00ednia 1: Mobiliari per a l\u2019equipament comunitari de m\u00faltiples usos (ECMU) - Next Generation Lleida - Propostes de projectes - La Paeria - Ajuntament de Lleida<\/title>\n<meta name=\"robots\" content=\"index, follow, max-snippet:-1, max-image-preview:large, max-video-preview:-1\" \/>\n<link rel=\"canonical\" href=\"https:\/\/nextgeneration.paeria.cat\/web\/mobiliari-per-a-lequipament-comunitari-de-multiples-usos-ecmu-linia-1-drets-socials\/\" \/>\n<meta property=\"og:locale\" content=\"ca_ES\" \/>\n<meta property=\"og:type\" content=\"article\" \/>\n<meta property=\"og:title\" content=\"Drets Socials \u2013 L\u00ednia 1: Mobiliari per a l\u2019equipament comunitari de m\u00faltiples usos (ECMU) - Next Generation Lleida - Propostes de projectes - La Paeria - Ajuntament de Lleida\" \/>\n<meta property=\"og:description\" content=\"Inici Projectes Next Generation Paeria \u00a0Projectes no concedits\u00a0 Drets Socials \u2013 L\u00ednia 1: Mobiliari per a l\u2019equipament comunitari de m\u00faltiples usos (ECMU) Descripci\u00f3 Aquest projecte s\u2019ha presentat dins la l\u00ednia 1 de la convocat\u00f2ria de subvencions del Departament de Drets Socials. L\u2019objectiu \u00e9s equipar l\u2019interior de l\u2019Equipament comunitari de m\u00faltiples usos, l\u2019ECMU, un cop constru\u00eft, ... Llegiu m\u00e9s\" \/>\n<meta property=\"og:url\" content=\"https:\/\/nextgeneration.paeria.cat\/web\/mobiliari-per-a-lequipament-comunitari-de-multiples-usos-ecmu-linia-1-drets-socials\/\" \/>\n<meta property=\"og:site_name\" content=\"Next Generation Lleida - Propostes de projectes - La Paeria - Ajuntament de Lleida\" \/>\n<meta property=\"article:published_time\" content=\"2023-03-08T08:31:56+00:00\" \/>\n<meta property=\"article:modified_time\" content=\"2023-06-01T11:23:08+00:00\" \/>\n<meta property=\"og:image\" content=\"https:\/\/nextgeneration.paeria.cat\/web\/wp-content\/uploads\/2021\/05\/li-color_15.png\" \/>\n<meta name=\"author\" content=\"admin-nextgeneration\" \/>\n<meta name=\"twitter:card\" content=\"summary_large_image\" \/>\n<meta name=\"twitter:label1\" content=\"Escrit per\" \/>\n\t<meta name=\"twitter:data1\" content=\"admin-nextgeneration\" \/>\n\t<meta name=\"twitter:label2\" content=\"Temps estimat de lectura\" \/>\n\t<meta name=\"twitter:data2\" content=\"2 minuts\" \/>\n<script type=\"application\/ld+json\" class=\"yoast-schema-graph\">{\"@context\":\"https:\\\/\\\/schema.org\",\"@graph\":[{\"@type\":\"Article\",\"@id\":\"https:\\\/\\\/nextgeneration.paeria.cat\\\/web\\\/mobiliari-per-a-lequipament-comunitari-de-multiples-usos-ecmu-linia-1-drets-socials\\\/#article\",\"isPartOf\":{\"@id\":\"https:\\\/\\\/nextgeneration.paeria.cat\\\/web\\\/mobiliari-per-a-lequipament-comunitari-de-multiples-usos-ecmu-linia-1-drets-socials\\\/\"},\"author\":{\"name\":\"admin-nextgeneration\",\"@id\":\"https:\\\/\\\/nextgeneration.paeria.cat\\\/web\\\/#\\\/schema\\\/person\\\/a12a490165bc044605332926bbdc1189\"},\"headline\":\"Drets Socials \u2013 L\u00ednia 1: Mobiliari per a l\u2019equipament comunitari de m\u00faltiples usos (ECMU)\",\"datePublished\":\"2023-03-08T08:31:56+00:00\",\"dateModified\":\"2023-06-01T11:23:08+00:00\",\"mainEntityOfPage\":{\"@id\":\"https:\\\/\\\/nextgeneration.paeria.cat\\\/web\\\/mobiliari-per-a-lequipament-comunitari-de-multiples-usos-ecmu-linia-1-drets-socials\\\/\"},\"wordCount\":221,\"publisher\":{\"@id\":\"https:\\\/\\\/nextgeneration.paeria.cat\\\/web\\\/#organization\"},\"image\":{\"@id\":\"https:\\\/\\\/nextgeneration.paeria.cat\\\/web\\\/mobiliari-per-a-lequipament-comunitari-de-multiples-usos-ecmu-linia-1-drets-socials\\\/#primaryimage\"},\"thumbnailUrl\":\"https:\\\/\\\/nextgeneration.paeria.cat\\\/web\\\/wp-content\\\/uploads\\\/2021\\\/05\\\/li-color_15.png\",\"articleSection\":[\"No concedit\",\"Propostes\",\"Propostes de projectes Paeria\"],\"inLanguage\":\"ca\"},{\"@type\":\"WebPage\",\"@id\":\"https:\\\/\\\/nextgeneration.paeria.cat\\\/web\\\/mobiliari-per-a-lequipament-comunitari-de-multiples-usos-ecmu-linia-1-drets-socials\\\/\",\"url\":\"https:\\\/\\\/nextgeneration.paeria.cat\\\/web\\\/mobiliari-per-a-lequipament-comunitari-de-multiples-usos-ecmu-linia-1-drets-socials\\\/\",\"name\":\"Drets Socials \u2013 L\u00ednia 1: Mobiliari per a l\u2019equipament comunitari de m\u00faltiples usos (ECMU) - Next Generation Lleida - Propostes de projectes - La Paeria - Ajuntament de Lleida\",\"isPartOf\":{\"@id\":\"https:\\\/\\\/nextgeneration.paeria.cat\\\/web\\\/#website\"},\"primaryImageOfPage\":{\"@id\":\"https:\\\/\\\/nextgeneration.paeria.cat\\\/web\\\/mobiliari-per-a-lequipament-comunitari-de-multiples-usos-ecmu-linia-1-drets-socials\\\/#primaryimage\"},\"image\":{\"@id\":\"https:\\\/\\\/nextgeneration.paeria.cat\\\/web\\\/mobiliari-per-a-lequipament-comunitari-de-multiples-usos-ecmu-linia-1-drets-socials\\\/#primaryimage\"},\"thumbnailUrl\":\"https:\\\/\\\/nextgeneration.paeria.cat\\\/web\\\/wp-content\\\/uploads\\\/2021\\\/05\\\/li-color_15.png\",\"datePublished\":\"2023-03-08T08:31:56+00:00\",\"dateModified\":\"2023-06-01T11:23:08+00:00\",\"breadcrumb\":{\"@id\":\"https:\\\/\\\/nextgeneration.paeria.cat\\\/web\\\/mobiliari-per-a-lequipament-comunitari-de-multiples-usos-ecmu-linia-1-drets-socials\\\/#breadcrumb\"},\"inLanguage\":\"ca\",\"potentialAction\":[{\"@type\":\"ReadAction\",\"target\":[\"https:\\\/\\\/nextgeneration.paeria.cat\\\/web\\\/mobiliari-per-a-lequipament-comunitari-de-multiples-usos-ecmu-linia-1-drets-socials\\\/\"]}]},{\"@type\":\"ImageObject\",\"inLanguage\":\"ca\",\"@id\":\"https:\\\/\\\/nextgeneration.paeria.cat\\\/web\\\/mobiliari-per-a-lequipament-comunitari-de-multiples-usos-ecmu-linia-1-drets-socials\\\/#primaryimage\",\"url\":\"https:\\\/\\\/nextgeneration.paeria.cat\\\/web\\\/wp-content\\\/uploads\\\/2021\\\/05\\\/li-color_15.png\",\"contentUrl\":\"https:\\\/\\\/nextgeneration.paeria.cat\\\/web\\\/wp-content\\\/uploads\\\/2021\\\/05\\\/li-color_15.png\",\"width\":8,\"height\":19},{\"@type\":\"BreadcrumbList\",\"@id\":\"https:\\\/\\\/nextgeneration.paeria.cat\\\/web\\\/mobiliari-per-a-lequipament-comunitari-de-multiples-usos-ecmu-linia-1-drets-socials\\\/#breadcrumb\",\"itemListElement\":[{\"@type\":\"ListItem\",\"position\":1,\"name\":\"Inici\",\"item\":\"https:\\\/\\\/nextgeneration.paeria.cat\\\/web\\\/\"},{\"@type\":\"ListItem\",\"position\":2,\"name\":\"Drets Socials \u2013 L\u00ednia 1: Mobiliari per a l\u2019equipament comunitari de m\u00faltiples usos (ECMU)\"}]},{\"@type\":\"WebSite\",\"@id\":\"https:\\\/\\\/nextgeneration.paeria.cat\\\/web\\\/#website\",\"url\":\"https:\\\/\\\/nextgeneration.paeria.cat\\\/web\\\/\",\"name\":\"Next Generation Lleida - Propostes de projectes - La Paeria - Ajuntament de Lleida\",\"description\":\"\",\"publisher\":{\"@id\":\"https:\\\/\\\/nextgeneration.paeria.cat\\\/web\\\/#organization\"},\"potentialAction\":[{\"@type\":\"SearchAction\",\"target\":{\"@type\":\"EntryPoint\",\"urlTemplate\":\"https:\\\/\\\/nextgeneration.paeria.cat\\\/web\\\/?s={search_term_string}\"},\"query-input\":{\"@type\":\"PropertyValueSpecification\",\"valueRequired\":true,\"valueName\":\"search_term_string\"}}],\"inLanguage\":\"ca\"},{\"@type\":\"Organization\",\"@id\":\"https:\\\/\\\/nextgeneration.paeria.cat\\\/web\\\/#organization\",\"name\":\"Next Generation Lleida - Propostes de projectes - La Paeria - Ajuntament de Lleida\",\"url\":\"https:\\\/\\\/nextgeneration.paeria.cat\\\/web\\\/\",\"logo\":{\"@type\":\"ImageObject\",\"inLanguage\":\"ca\",\"@id\":\"https:\\\/\\\/nextgeneration.paeria.cat\\\/web\\\/#\\\/schema\\\/logo\\\/image\\\/\",\"url\":\"https:\\\/\\\/nextgeneration.paeria.cat\\\/web\\\/wp-content\\\/uploads\\\/2023\\\/09\\\/cropped-titol.png\",\"contentUrl\":\"https:\\\/\\\/nextgeneration.paeria.cat\\\/web\\\/wp-content\\\/uploads\\\/2023\\\/09\\\/cropped-titol.png\",\"width\":1100,\"height\":220,\"caption\":\"Next Generation Lleida - Propostes de projectes - La Paeria - Ajuntament de Lleida\"},\"image\":{\"@id\":\"https:\\\/\\\/nextgeneration.paeria.cat\\\/web\\\/#\\\/schema\\\/logo\\\/image\\\/\"}},{\"@type\":\"Person\",\"@id\":\"https:\\\/\\\/nextgeneration.paeria.cat\\\/web\\\/#\\\/schema\\\/person\\\/a12a490165bc044605332926bbdc1189\",\"name\":\"admin-nextgeneration\",\"image\":{\"@type\":\"ImageObject\",\"inLanguage\":\"ca\",\"@id\":\"https:\\\/\\\/secure.gravatar.com\\\/avatar\\\/01bed9d6851a1f9c8ab5eb704ab3e7882815867f87a0ef562e77261bef722cbe?s=96&d=mm&r=g\",\"url\":\"https:\\\/\\\/secure.gravatar.com\\\/avatar\\\/01bed9d6851a1f9c8ab5eb704ab3e7882815867f87a0ef562e77261bef722cbe?s=96&d=mm&r=g\",\"contentUrl\":\"https:\\\/\\\/secure.gravatar.com\\\/avatar\\\/01bed9d6851a1f9c8ab5eb704ab3e7882815867f87a0ef562e77261bef722cbe?s=96&d=mm&r=g\",\"caption\":\"admin-nextgeneration\"}}]}<\/script>\n<!-- \/ Yoast SEO plugin. -->","yoast_head_json":{"title":"Drets Socials \u2013 L\u00ednia 1: Mobiliari per a l\u2019equipament comunitari de m\u00faltiples usos (ECMU) - Next Generation Lleida - Propostes de projectes - La Paeria - Ajuntament de Lleida","robots":{"index":"index","follow":"follow","max-snippet":"max-snippet:-1","max-image-preview":"max-image-preview:large","max-video-preview":"max-video-preview:-1"},"canonical":"https:\/\/nextgeneration.paeria.cat\/web\/mobiliari-per-a-lequipament-comunitari-de-multiples-usos-ecmu-linia-1-drets-socials\/","og_locale":"ca_ES","og_type":"article","og_title":"Drets Socials \u2013 L\u00ednia 1: Mobiliari per a l\u2019equipament comunitari de m\u00faltiples usos (ECMU) - Next Generation Lleida - Propostes de projectes - La Paeria - Ajuntament de Lleida","og_description":"Inici Projectes Next Generation Paeria \u00a0Projectes no concedits\u00a0 Drets Socials \u2013 L\u00ednia 1: Mobiliari per a l\u2019equipament comunitari de m\u00faltiples usos (ECMU) Descripci\u00f3 Aquest projecte s\u2019ha presentat dins la l\u00ednia 1 de la convocat\u00f2ria de subvencions del Departament de Drets Socials. L\u2019objectiu \u00e9s equipar l\u2019interior de l\u2019Equipament comunitari de m\u00faltiples usos, l\u2019ECMU, un cop constru\u00eft, ... Llegiu m\u00e9s","og_url":"https:\/\/nextgeneration.paeria.cat\/web\/mobiliari-per-a-lequipament-comunitari-de-multiples-usos-ecmu-linia-1-drets-socials\/","og_site_name":"Next Generation Lleida - Propostes de projectes - La Paeria - Ajuntament de Lleida","article_published_time":"2023-03-08T08:31:56+00:00","article_modified_time":"2023-06-01T11:23:08+00:00","og_image":[{"url":"https:\/\/nextgeneration.paeria.cat\/web\/wp-content\/uploads\/2021\/05\/li-color_15.png","type":"","width":"","height":""}],"author":"admin-nextgeneration","twitter_card":"summary_large_image","twitter_misc":{"Escrit per":"admin-nextgeneration","Temps estimat de lectura":"2 minuts"},"schema":{"@context":"https:\/\/schema.org","@graph":[{"@type":"Article","@id":"https:\/\/nextgeneration.paeria.cat\/web\/mobiliari-per-a-lequipament-comunitari-de-multiples-usos-ecmu-linia-1-drets-socials\/#article","isPartOf":{"@id":"https:\/\/nextgeneration.paeria.cat\/web\/mobiliari-per-a-lequipament-comunitari-de-multiples-usos-ecmu-linia-1-drets-socials\/"},"author":{"name":"admin-nextgeneration","@id":"https:\/\/nextgeneration.paeria.cat\/web\/#\/schema\/person\/a12a490165bc044605332926bbdc1189"},"headline":"Drets Socials \u2013 L\u00ednia 1: Mobiliari per a l\u2019equipament comunitari de m\u00faltiples usos (ECMU)","datePublished":"2023-03-08T08:31:56+00:00","dateModified":"2023-06-01T11:23:08+00:00","mainEntityOfPage":{"@id":"https:\/\/nextgeneration.paeria.cat\/web\/mobiliari-per-a-lequipament-comunitari-de-multiples-usos-ecmu-linia-1-drets-socials\/"},"wordCount":221,"publisher":{"@id":"https:\/\/nextgeneration.paeria.cat\/web\/#organization"},"image":{"@id":"https:\/\/nextgeneration.paeria.cat\/web\/mobiliari-per-a-lequipament-comunitari-de-multiples-usos-ecmu-linia-1-drets-socials\/#primaryimage"},"thumbnailUrl":"https:\/\/nextgeneration.paeria.cat\/web\/wp-content\/uploads\/2021\/05\/li-color_15.png","articleSection":["No concedit","Propostes","Propostes de projectes Paeria"],"inLanguage":"ca"},{"@type":"WebPage","@id":"https:\/\/nextgeneration.paeria.cat\/web\/mobiliari-per-a-lequipament-comunitari-de-multiples-usos-ecmu-linia-1-drets-socials\/","url":"https:\/\/nextgeneration.paeria.cat\/web\/mobiliari-per-a-lequipament-comunitari-de-multiples-usos-ecmu-linia-1-drets-socials\/","name":"Drets Socials \u2013 L\u00ednia 1: Mobiliari per a l\u2019equipament comunitari de m\u00faltiples usos (ECMU) - Next Generation Lleida - Propostes de projectes - La Paeria - Ajuntament de Lleida","isPartOf":{"@id":"https:\/\/nextgeneration.paeria.cat\/web\/#website"},"primaryImageOfPage":{"@id":"https:\/\/nextgeneration.paeria.cat\/web\/mobiliari-per-a-lequipament-comunitari-de-multiples-usos-ecmu-linia-1-drets-socials\/#primaryimage"},"image":{"@id":"https:\/\/nextgeneration.paeria.cat\/web\/mobiliari-per-a-lequipament-comunitari-de-multiples-usos-ecmu-linia-1-drets-socials\/#primaryimage"},"thumbnailUrl":"https:\/\/nextgeneration.paeria.cat\/web\/wp-content\/uploads\/2021\/05\/li-color_15.png","datePublished":"2023-03-08T08:31:56+00:00","dateModified":"2023-06-01T11:23:08+00:00","breadcrumb":{"@id":"https:\/\/nextgeneration.paeria.cat\/web\/mobiliari-per-a-lequipament-comunitari-de-multiples-usos-ecmu-linia-1-drets-socials\/#breadcrumb"},"inLanguage":"ca","potentialAction":[{"@type":"ReadAction","target":["https:\/\/nextgeneration.paeria.cat\/web\/mobiliari-per-a-lequipament-comunitari-de-multiples-usos-ecmu-linia-1-drets-socials\/"]}]},{"@type":"ImageObject","inLanguage":"ca","@id":"https:\/\/nextgeneration.paeria.cat\/web\/mobiliari-per-a-lequipament-comunitari-de-multiples-usos-ecmu-linia-1-drets-socials\/#primaryimage","url":"https:\/\/nextgeneration.paeria.cat\/web\/wp-content\/uploads\/2021\/05\/li-color_15.png","contentUrl":"https:\/\/nextgeneration.paeria.cat\/web\/wp-content\/uploads\/2021\/05\/li-color_15.png","width":8,"height":19},{"@type":"BreadcrumbList","@id":"https:\/\/nextgeneration.paeria.cat\/web\/mobiliari-per-a-lequipament-comunitari-de-multiples-usos-ecmu-linia-1-drets-socials\/#breadcrumb","itemListElement":[{"@type":"ListItem","position":1,"name":"Inici","item":"https:\/\/nextgeneration.paeria.cat\/web\/"},{"@type":"ListItem","position":2,"name":"Drets Socials \u2013 L\u00ednia 1: Mobiliari per a l\u2019equipament comunitari de m\u00faltiples usos (ECMU)"}]},{"@type":"WebSite","@id":"https:\/\/nextgeneration.paeria.cat\/web\/#website","url":"https:\/\/nextgeneration.paeria.cat\/web\/","name":"Next Generation Lleida - Propostes de projectes - La Paeria - Ajuntament de Lleida","description":"","publisher":{"@id":"https:\/\/nextgeneration.paeria.cat\/web\/#organization"},"potentialAction":[{"@type":"SearchAction","target":{"@type":"EntryPoint","urlTemplate":"https:\/\/nextgeneration.paeria.cat\/web\/?s={search_term_string}"},"query-input":{"@type":"PropertyValueSpecification","valueRequired":true,"valueName":"search_term_string"}}],"inLanguage":"ca"},{"@type":"Organization","@id":"https:\/\/nextgeneration.paeria.cat\/web\/#organization","name":"Next Generation Lleida - Propostes de projectes - La Paeria - Ajuntament de Lleida","url":"https:\/\/nextgeneration.paeria.cat\/web\/","logo":{"@type":"ImageObject","inLanguage":"ca","@id":"https:\/\/nextgeneration.paeria.cat\/web\/#\/schema\/logo\/image\/","url":"https:\/\/nextgeneration.paeria.cat\/web\/wp-content\/uploads\/2023\/09\/cropped-titol.png","contentUrl":"https:\/\/nextgeneration.paeria.cat\/web\/wp-content\/uploads\/2023\/09\/cropped-titol.png","width":1100,"height":220,"caption":"Next Generation Lleida - Propostes de projectes - La Paeria - Ajuntament de Lleida"},"image":{"@id":"https:\/\/nextgeneration.paeria.cat\/web\/#\/schema\/logo\/image\/"}},{"@type":"Person","@id":"https:\/\/nextgeneration.paeria.cat\/web\/#\/schema\/person\/a12a490165bc044605332926bbdc1189","name":"admin-nextgeneration","image":{"@type":"ImageObject","inLanguage":"ca","@id":"https:\/\/secure.gravatar.com\/avatar\/01bed9d6851a1f9c8ab5eb704ab3e7882815867f87a0ef562e77261bef722cbe?s=96&d=mm&r=g","url":"https:\/\/secure.gravatar.com\/avatar\/01bed9d6851a1f9c8ab5eb704ab3e7882815867f87a0ef562e77261bef722cbe?s=96&d=mm&r=g","contentUrl":"https:\/\/secure.gravatar.com\/avatar\/01bed9d6851a1f9c8ab5eb704ab3e7882815867f87a0ef562e77261bef722cbe?s=96&d=mm&r=g","caption":"admin-nextgeneration"}}]}},"_links":{"self":[{"href":"https:\/\/nextgeneration.paeria.cat\/web\/wp-json\/wp\/v2\/posts\/2753","targetHints":{"allow":["GET"]}}],"collection":[{"href":"https:\/\/nextgeneration.paeria.cat\/web\/wp-json\/wp\/v2\/posts"}],"about":[{"href":"https:\/\/nextgeneration.paeria.cat\/web\/wp-json\/wp\/v2\/types\/post"}],"author":[{"embeddable":true,"href":"https:\/\/nextgeneration.paeria.cat\/web\/wp-json\/wp\/v2\/users\/2"}],"replies":[{"embeddable":true,"href":"https:\/\/nextgeneration.paeria.cat\/web\/wp-json\/wp\/v2\/comments?post=2753"}],"version-history":[{"count":18,"href":"https:\/\/nextgeneration.paeria.cat\/web\/wp-json\/wp\/v2\/posts\/2753\/revisions"}],"predecessor-version":[{"id":4163,"href":"https:\/\/nextgeneration.paeria.cat\/web\/wp-json\/wp\/v2\/posts\/2753\/revisions\/4163"}],"wp:attachment":[{"href":"https:\/\/nextgeneration.paeria.cat\/web\/wp-json\/wp\/v2\/media?parent=2753"}],"wp:term":[{"taxonomy":"category","embeddable":true,"href":"https:\/\/nextgeneration.paeria.cat\/web\/wp-json\/wp\/v2\/categories?post=2753"},{"taxonomy":"post_tag","embeddable":true,"href":"https:\/\/nextgeneration.paeria.cat\/web\/wp-json\/wp\/v2\/tags?post=2753"}],"curies":[{"name":"wp","href":"https:\/\/api.w.org\/{rel}","templated":true}]}}