{"id":3093,"date":"2023-03-20T16:52:48","date_gmt":"2023-03-20T14:52:48","guid":{"rendered":"https:\/\/nextgeneration.paeria.cat\/web\/?p=3093"},"modified":"2025-03-05T13:27:54","modified_gmt":"2025-03-05T11:27:54","slug":"projecte-second-step-cap-a-la-digitalitzacio-inclusiva-i-sostenible-de-la-ciutat-de-lleida","status":"publish","type":"post","link":"https:\/\/nextgeneration.paeria.cat\/web\/projecte-second-step-cap-a-la-digitalitzacio-inclusiva-i-sostenible-de-la-ciutat-de-lleida\/","title":{"rendered":"Projecte \u201cSecond Step, cap a la digitalitzaci\u00f3 inclusiva i sostenible de la ciutat de Lleida\u201d"},"content":{"rendered":"\t\t<div data-elementor-type=\"wp-post\" data-elementor-id=\"3093\" class=\"elementor elementor-3093\">\n\t\t\t\t\t\t<section class=\"elementor-section elementor-top-section elementor-element elementor-element-104e94a elementor-section-boxed elementor-section-height-default elementor-section-height-default\" data-id=\"104e94a\" data-element_type=\"section\" data-e-type=\"section\">\n\t\t\t\t\t\t<div class=\"elementor-container elementor-column-gap-default\">\n\t\t\t\t\t<div class=\"elementor-column elementor-col-100 elementor-top-column elementor-element elementor-element-d52b4cb\" data-id=\"d52b4cb\" data-element_type=\"column\" data-e-type=\"column\">\n\t\t\t<div class=\"elementor-widget-wrap elementor-element-populated\">\n\t\t\t\t\t\t<div class=\"elementor-element elementor-element-3c53cdf elementor-widget elementor-widget-text-editor\" data-id=\"3c53cdf\" data-element_type=\"widget\" data-e-type=\"widget\" data-widget_type=\"text-editor.default\">\n\t\t\t\t<div class=\"elementor-widget-container\">\n\t\t\t\t\t\t\t\t\t<p><a href=\"https:\/\/nextgeneration.paeria.cat\/web\/\">Inici <\/a><img decoding=\"async\" src=\"https:\/\/nextgeneration.paeria.cat\/web\/wp-content\/uploads\/2021\/05\/li-color_15.png\" \/> Projectes <img decoding=\"async\" src=\"https:\/\/nextgeneration.paeria.cat\/web\/wp-content\/uploads\/2021\/05\/li-color_15.png\" \/> Next Generation Paeria <img decoding=\"async\" src=\"https:\/\/nextgeneration.paeria.cat\/web\/wp-content\/uploads\/2021\/05\/li-color_15.png\" \/> <a href=\"https:\/\/nextgeneration.paeria.cat\/web\/projectes-concedits-next-generation-lleida\/\">Projectes concedits<\/a>\u00a0<img decoding=\"async\" src=\"https:\/\/nextgeneration.paeria.cat\/web\/wp-content\/uploads\/2021\/05\/li-color_15.png\" \/> Projecte \u201cSecond Step, cap a la digitalitzaci\u00f3 inclusiva i sostenible de la ciutat de Lleida\u201d<\/p>\t\t\t\t\t\t\t\t<\/div>\n\t\t\t\t<\/div>\n\t\t\t\t\t<\/div>\n\t\t<\/div>\n\t\t\t\t\t<\/div>\n\t\t<\/section>\n\t\t\t\t<section class=\"elementor-section elementor-top-section elementor-element elementor-element-e8e22ba elementor-section-boxed elementor-section-height-default elementor-section-height-default\" data-id=\"e8e22ba\" data-element_type=\"section\" data-e-type=\"section\">\n\t\t\t\t\t\t<div class=\"elementor-container elementor-column-gap-default\">\n\t\t\t\t\t<div class=\"elementor-column elementor-col-100 elementor-top-column elementor-element elementor-element-132e0b4\" data-id=\"132e0b4\" data-element_type=\"column\" data-e-type=\"column\">\n\t\t\t<div class=\"elementor-widget-wrap elementor-element-populated\">\n\t\t\t\t\t\t<div class=\"elementor-element elementor-element-66214b3 elementor-widget elementor-widget-image\" data-id=\"66214b3\" data-element_type=\"widget\" data-e-type=\"widget\" data-widget_type=\"image.default\">\n\t\t\t\t<div class=\"elementor-widget-container\">\n\t\t\t\t\t\t\t\t\t\t\t\t\t\t\t<img decoding=\"async\" src=\"https:\/\/nextgeneration.paeria.cat\/web\/wp-content\/uploads\/2021\/05\/apartat12.png\" title=\"\" alt=\"\" loading=\"lazy\" \/>\t\t\t\t\t\t\t\t\t\t\t\t\t\t\t<\/div>\n\t\t\t\t<\/div>\n\t\t\t\t\t<\/div>\n\t\t<\/div>\n\t\t\t\t\t<\/div>\n\t\t<\/section>\n\t\t\t\t<section class=\"elementor-section elementor-top-section elementor-element elementor-element-c93f4f8 elementor-section-content-middle elementor-section-boxed elementor-section-height-default elementor-section-height-default\" data-id=\"c93f4f8\" data-element_type=\"section\" data-e-type=\"section\">\n\t\t\t\t\t\t\t<div class=\"elementor-background-overlay\"><\/div>\n\t\t\t\t\t\t\t<div class=\"elementor-container elementor-column-gap-default\">\n\t\t\t\t\t<div class=\"elementor-column elementor-col-100 elementor-top-column elementor-element elementor-element-0177bb6\" data-id=\"0177bb6\" data-element_type=\"column\" data-e-type=\"column\">\n\t\t\t<div class=\"elementor-widget-wrap elementor-element-populated\">\n\t\t\t\t\t\t<div class=\"elementor-element elementor-element-489aec6 elementor-widget elementor-widget-text-editor\" data-id=\"489aec6\" data-element_type=\"widget\" data-e-type=\"widget\" data-widget_type=\"text-editor.default\">\n\t\t\t\t<div class=\"elementor-widget-container\">\n\t\t\t\t\t\t\t\t\t<p>Durada i assoliment del projecte:<br \/><strong>Abril 2023 &#8211; Setembre 2024<\/strong><\/p>\t\t\t\t\t\t\t\t<\/div>\n\t\t\t\t<\/div>\n\t\t\t\t<div class=\"elementor-element elementor-element-00ab5c9 elementor-widget elementor-widget-progress\" data-id=\"00ab5c9\" data-element_type=\"widget\" data-e-type=\"widget\" data-widget_type=\"progress.default\">\n\t\t\t\t<div class=\"elementor-widget-container\">\n\t\t\t\t\t\n\t\t<div class=\"elementor-progress-wrapper\" role=\"progressbar\" aria-valuemin=\"0\" aria-valuemax=\"100\" aria-valuenow=\"100\" aria-valuetext=\"100% (Realitzat)\">\n\t\t\t<div class=\"elementor-progress-bar\" data-max=\"100\">\n\t\t\t\t<span class=\"elementor-progress-text\">Realitzat<\/span>\n\t\t\t\t\t\t\t\t\t<span class=\"elementor-progress-percentage\">100%<\/span>\n\t\t\t\t\t\t\t<\/div>\n\t\t<\/div>\n\t\t\t\t\t\t<\/div>\n\t\t\t\t<\/div>\n\t\t\t\t<div class=\"elementor-element elementor-element-e9585ce elementor-widget elementor-widget-spacer\" data-id=\"e9585ce\" data-element_type=\"widget\" data-e-type=\"widget\" data-widget_type=\"spacer.default\">\n\t\t\t\t<div class=\"elementor-widget-container\">\n\t\t\t\t\t\t\t<div class=\"elementor-spacer\">\n\t\t\t<div class=\"elementor-spacer-inner\"><\/div>\n\t\t<\/div>\n\t\t\t\t\t\t<\/div>\n\t\t\t\t<\/div>\n\t\t\t\t\t<\/div>\n\t\t<\/div>\n\t\t\t\t\t<\/div>\n\t\t<\/section>\n\t\t\t\t<section class=\"elementor-section elementor-top-section elementor-element elementor-element-34209e1 elementor-section-boxed elementor-section-height-default elementor-section-height-default\" data-id=\"34209e1\" data-element_type=\"section\" data-e-type=\"section\">\n\t\t\t\t\t\t<div class=\"elementor-container elementor-column-gap-default\">\n\t\t\t\t\t<div class=\"elementor-column elementor-col-50 elementor-top-column elementor-element elementor-element-bf8447e\" data-id=\"bf8447e\" data-element_type=\"column\" data-e-type=\"column\">\n\t\t\t<div class=\"elementor-widget-wrap elementor-element-populated\">\n\t\t\t\t\t\t<div class=\"elementor-element elementor-element-48130d4 elementor-widget elementor-widget-text-editor\" data-id=\"48130d4\" data-element_type=\"widget\" data-e-type=\"widget\" data-widget_type=\"text-editor.default\">\n\t\t\t\t<div class=\"elementor-widget-container\">\n\t\t\t\t\t\t\t\t\t<p><strong>Descripci\u00f3<\/strong><\/p>\t\t\t\t\t\t\t\t<\/div>\n\t\t\t\t<\/div>\n\t\t\t\t<div class=\"elementor-element elementor-element-4a96ddb elementor-widget elementor-widget-text-editor\" data-id=\"4a96ddb\" data-element_type=\"widget\" data-e-type=\"widget\" data-widget_type=\"text-editor.default\">\n\t\t\t\t<div class=\"elementor-widget-container\">\n\t\t\t\t\t\t\t\t\t<p>Secon Step pret\u00e9n aconseguir un major desenvolupament del sector tur\u00edstic de la ciutat, que sigui sostenible i que es refermi la imatge de Lleida com a destinaci\u00f3 tur\u00edstica. L\u2019experi\u00e8ncia tur\u00edstica ha de millorar a trav\u00e9s de la digitalitzaci\u00f3 i interacci\u00f3, a la fase de planificaci\u00f3 i a la preparaci\u00f3 de la visita, aix\u00ed com durant i despr\u00e9s de l\u2019estada a la ciutat.<\/p><p>El projecte proposa l\u2019aplicaci\u00f3 de coneixement cient\u00edfic i tecnol\u00f2gic en diversos processos de l\u2019experi\u00e8ncia tur\u00edstica, com la sensoritzaci\u00f3 del dest\u00ed (aplicaci\u00f3 de sensors en dispositius o aparells), la instal\u00b7laci\u00f3 de sistemes de monitoritzaci\u00f3 i el desenvolupament de tecnologies aplicades a equipaments i infraestructures. Aix\u00f2, amb criteris vinculats a la sostenibilitat, racionalitzaci\u00f3 i optimitzaci\u00f3 de recursos. Les persones turistes tindran acc\u00e9s a continguts audiovisuals que estaran relacionats i connectats.<\/p><p>La proposta que s\u2019ha presentat es nodreix de projectes que han estat o estan en marxa a la ciutat, com l\u2019Inno4Agro i el PECT Inno4agro, que identifiquen patrimonis naturals i agraris i ho relacionen amb altres patrimonis cl\u00e0ssics hist\u00f2ric, arquitect\u00f2nic\u2026 afegint la cadena de valor que aporta tecnol\u00f2gicament Turisme 360\u00ba; el Pla Estrat\u00e8gic de Turisme de Lleida 2022-2025, que inclou conceptes com Smart, 4D (desconcentraci\u00f3, desestacionalitzaci\u00f3, diversificaci\u00f3 i despesa) i 4S (seguretat, salut, sostenibilitat i singularitat) o la governan\u00e7a i relaci\u00f3 amb el sector privat.<\/p><p>Tamb\u00e9 hi ha el Lleida Virtual Museum, amb el qual s\u2019han identificat 112 punts d\u2019inter\u00e8s tur\u00edstic a la ciutat, on es desenvoluparan continguts de realitat augmentada, realitat virtual i mixtes.<\/p><p>El projecte, en la l\u00ednia del Pla Estrat\u00e8gic de Turisme de Lleida \u2013 Horitz\u00f3 2025, es concreta en 9 actuacions que comportaran la gesti\u00f3, la producci\u00f3 dels continguts i la senyalitzaci\u00f3 intel\u00b7ligent dels punts d\u2019inter\u00e8s a la ciutat.<\/p><p>Entre altres, hi ha la substituci\u00f3 de 62 elements de senyalitzaci\u00f3 tur\u00edstica que ara estan obsolets a la ciutat, per uns de nous amb senyalitzaci\u00f3 tur\u00edstica intel\u00b7ligent.<br \/><a href=\"https:\/\/nextgeneration.paeria.cat\/web\/pdf\/detall-fites-turistiques-de-lleida.pdf\" target=\"_blank\" rel=\"noopener\">Consultar els 62 elements de senyalitzaci\u00f3 tur\u00edstica<\/a><\/p><p>Per a la presentaci\u00f3 a aquestes ajudes, s\u2019ha sol\u00b7licitat pr\u00e8viament l\u2019adhesi\u00f3 a la Xarxa de Destinacions Tur\u00edstiques Intel\u00b7ligents. La concessi\u00f3 d\u2019aquesta ajuda a la Paeria ja contempla que la gesti\u00f3 anir\u00e0 a c\u00e0rrec de Turisme de Lleida.<\/p>\t\t\t\t\t\t\t\t<\/div>\n\t\t\t\t<\/div>\n\t\t\t\t\t<\/div>\n\t\t<\/div>\n\t\t\t\t<div class=\"elementor-column elementor-col-50 elementor-top-column elementor-element elementor-element-ff0aa74\" data-id=\"ff0aa74\" data-element_type=\"column\" data-e-type=\"column\">\n\t\t\t<div class=\"elementor-widget-wrap elementor-element-populated\">\n\t\t\t\t\t\t<div class=\"elementor-element elementor-element-fda0d64 elementor-widget elementor-widget-html\" data-id=\"fda0d64\" data-element_type=\"widget\" data-e-type=\"widget\" data-widget_type=\"html.default\">\n\t\t\t\t<div class=\"elementor-widget-container\">\n\t\t\t\t\t<table class=\"taula-projectes\">\r\n    <tr>\r\n\t\t<td>Convocat\u00f2ria<\/td>\r\n\t\t<td>\r\nPrograma d\u2019ajudes per a la transformaci\u00f3 digital i modernitzaci\u00f3 de les entitats locals que formen part de la Xarxa de Destinacions Tur\u00edstiques Intel\u00b7ligents, de l\u2019exercici 2021.\r\n\r\n\r\n\t\t<\/td>\t\t\r\n\t<\/tr>\r\n\r\n\t<tr>\r\n\t\t<td>Inversi\u00f3<\/td>\r\n\t\t<td><strong>Import del projecte:<\/strong> 228.500 \u20ac<br\/><strong>Import demanat:<\/strong> 140.000 \u20ac<br\/><strong>Import concedit:<\/strong> 140.000 \u20ac<\/td>\t\t\r\n\t<\/tr>\r\n\r\n\t<tr>\r\n\t\t<td>Data presentaci\u00f3<\/td>\r\n\t\t<td>13\/06\/2023<\/td>\t\t\r\n\t<\/tr>\r\n\t\t<tr>\r\n\t\t<td>Resoluci\u00f3 definitiva<\/td>\r\n\t\t<td>12\/12\/2023<\/td>\t\t\r\n\t<\/tr>\r\n\t<tr>\r\n\t    <td>Finalitzaci\u00f3 del projecte<\/td>\r\n\t    <td>30\/09\/2024<\/td>\r\n\t<\/tr>\r\n    <tr>\r\n        <td>Proc\u00e9s<\/td>\r\n        <td>\r\n            <ul>\r\n                <li>Redacci\u00f3 del projecte: Fet.<\/li>\r\n                <li>Licitaci\u00f3: Fet.<\/li>\r\n                <li>Execuci\u00f3: Fet.<\/li>\r\n            <\/ul>\r\n        <\/td>\r\n    <\/tr>\r\n    <tr>\r\n        <td>Licitacions<\/td>\r\n        <td><a href=\"https:\/\/nextgeneration.paeria.cat\/web\/licitacions\/#p-licitacions\">Fes clic aqu\u00ed per accedir.<\/a><\/td>\r\n    <\/tr>\r\n\t<tr>\r\n\t\t<td>Convocat per<\/td>\r\n\t\t<td>\r\n\t\t\tUni\u00f3 Europea \u2013 Next Generation EU, Pla de Recuperaci\u00f3, Transformaci\u00f3 i Resili\u00e8ncia del Govern d\u2019Espanya i Ministeri d\u2019Ind\u00fastria, Comer\u00e7 i Turisme.\r\n\t\t<\/td>\t\t\r\n\t<\/tr>\r\n\t\t\t\t\r\n<\/table>\r\n\r\n\t\t\t\t<\/div>\n\t\t\t\t<\/div>\n\t\t\t\t<div class=\"elementor-element elementor-element-c2f871f elementor-widget elementor-widget-image\" data-id=\"c2f871f\" data-element_type=\"widget\" data-e-type=\"widget\" data-widget_type=\"image.default\">\n\t\t\t\t<div class=\"elementor-widget-container\">\n\t\t\t\t\t\t\t\t\t\t\t\t\t\t\t<img decoding=\"async\" width=\"300\" height=\"88\" src=\"https:\/\/nextgeneration.paeria.cat\/web\/wp-content\/uploads\/2022\/11\/Financat-per-la-Unio-Europea-300x88.jpg\" class=\"attachment-medium size-medium wp-image-1883\" alt=\"Logo Uni\u00f3 Europea NextGeneration\" srcset=\"https:\/\/nextgeneration.paeria.cat\/web\/wp-content\/uploads\/2022\/11\/Financat-per-la-Unio-Europea-300x88.jpg 300w, https:\/\/nextgeneration.paeria.cat\/web\/wp-content\/uploads\/2022\/11\/Financat-per-la-Unio-Europea-768x224.jpg 768w, https:\/\/nextgeneration.paeria.cat\/web\/wp-content\/uploads\/2022\/11\/Financat-per-la-Unio-Europea.jpg 873w\" sizes=\"(max-width: 300px) 100vw, 300px\" \/>\t\t\t\t\t\t\t\t\t\t\t\t\t\t\t<\/div>\n\t\t\t\t<\/div>\n\t\t\t\t<div class=\"elementor-element elementor-element-b4f9e92 elementor-widget elementor-widget-image\" data-id=\"b4f9e92\" data-element_type=\"widget\" data-e-type=\"widget\" data-widget_type=\"image.default\">\n\t\t\t\t<div class=\"elementor-widget-container\">\n\t\t\t\t\t\t\t\t\t\t\t\t\t\t\t<img fetchpriority=\"high\" decoding=\"async\" width=\"300\" height=\"169\" src=\"https:\/\/nextgeneration.paeria.cat\/web\/wp-content\/uploads\/2022\/11\/Logo-PRTR-tres-lineas_COLOR-300x169.png\" class=\"attachment-medium size-medium wp-image-1884\" alt=\"Logo PRTR\" srcset=\"https:\/\/nextgeneration.paeria.cat\/web\/wp-content\/uploads\/2022\/11\/Logo-PRTR-tres-lineas_COLOR-300x169.png 300w, https:\/\/nextgeneration.paeria.cat\/web\/wp-content\/uploads\/2022\/11\/Logo-PRTR-tres-lineas_COLOR-1024x576.png 1024w, https:\/\/nextgeneration.paeria.cat\/web\/wp-content\/uploads\/2022\/11\/Logo-PRTR-tres-lineas_COLOR-768x432.png 768w, https:\/\/nextgeneration.paeria.cat\/web\/wp-content\/uploads\/2022\/11\/Logo-PRTR-tres-lineas_COLOR-1536x864.png 1536w, https:\/\/nextgeneration.paeria.cat\/web\/wp-content\/uploads\/2022\/11\/Logo-PRTR-tres-lineas_COLOR.png 1920w\" sizes=\"(max-width: 300px) 100vw, 300px\" \/>\t\t\t\t\t\t\t\t\t\t\t\t\t\t\t<\/div>\n\t\t\t\t<\/div>\n\t\t\t\t<div class=\"elementor-element elementor-element-6b515be elementor-widget elementor-widget-image\" data-id=\"6b515be\" data-element_type=\"widget\" data-e-type=\"widget\" data-widget_type=\"image.default\">\n\t\t\t\t<div class=\"elementor-widget-container\">\n\t\t\t\t\t\t\t\t\t\t\t\t\t\t\t<img decoding=\"async\" width=\"300\" height=\"57\" src=\"https:\/\/nextgeneration.paeria.cat\/web\/wp-content\/uploads\/2023\/03\/Logotipo_de_la_Secretaria_de_Estado_de_Turismo-300x57.png\" class=\"attachment-medium size-medium wp-image-3464\" alt=\"Ministerio de Industria, Comercio y Turismo. Secretar\u00eda de Estado de Turismo. Gobierno de Espa\u00f1a.\" srcset=\"https:\/\/nextgeneration.paeria.cat\/web\/wp-content\/uploads\/2023\/03\/Logotipo_de_la_Secretaria_de_Estado_de_Turismo-300x57.png 300w, https:\/\/nextgeneration.paeria.cat\/web\/wp-content\/uploads\/2023\/03\/Logotipo_de_la_Secretaria_de_Estado_de_Turismo-768x145.png 768w, https:\/\/nextgeneration.paeria.cat\/web\/wp-content\/uploads\/2023\/03\/Logotipo_de_la_Secretaria_de_Estado_de_Turismo.png 798w\" sizes=\"(max-width: 300px) 100vw, 300px\" \/>\t\t\t\t\t\t\t\t\t\t\t\t\t\t\t<\/div>\n\t\t\t\t<\/div>\n\t\t\t\t\t<\/div>\n\t\t<\/div>\n\t\t\t\t\t<\/div>\n\t\t<\/section>\n\t\t\t\t<section class=\"elementor-section elementor-top-section elementor-element elementor-element-d122e75 elementor-section-boxed elementor-section-height-default elementor-section-height-default\" data-id=\"d122e75\" data-element_type=\"section\" data-e-type=\"section\">\n\t\t\t\t\t\t<div class=\"elementor-container elementor-column-gap-default\">\n\t\t\t\t\t<div class=\"elementor-column elementor-col-100 elementor-top-column elementor-element elementor-element-1b7d3f3\" data-id=\"1b7d3f3\" data-element_type=\"column\" data-e-type=\"column\">\n\t\t\t<div class=\"elementor-widget-wrap elementor-element-populated\">\n\t\t\t\t\t\t<div class=\"elementor-element elementor-element-34a449e elementor-widget elementor-widget-text-editor\" data-id=\"34a449e\" data-element_type=\"widget\" data-e-type=\"widget\" data-widget_type=\"text-editor.default\">\n\t\t\t\t<div class=\"elementor-widget-container\">\n\t\t\t\t\t\t\t\t\t<p>Not\u00edcies<strong> relacionades<\/strong><\/p><ul><li><a href=\"https:\/\/nextgeneration.paeria.cat\/web\/la-paeria-rep-fons-next-generation-pel-projecte-second-step-de-turisme-de-lleida\/\">La Paeria rep fons Next Generation pel projecte SECOND STEP de Turisme de Lleida.<\/a><\/li><li><a href=\"https:\/\/nextgeneration.paeria.cat\/web\/lleida-estrena-62-noves-fites-de-senyalitzacio-turistica-intelligent\/\">Lleida estrena 62 noves fites de senyalitzaci\u00f3 tur\u00edstica intel\u00b7ligent.<\/a><\/li><\/ul>\t\t\t\t\t\t\t\t<\/div>\n\t\t\t\t<\/div>\n\t\t\t\t\t<\/div>\n\t\t<\/div>\n\t\t\t\t\t<\/div>\n\t\t<\/section>\n\t\t\t\t<section class=\"elementor-section elementor-top-section elementor-element elementor-element-e99eaaa elementor-section-boxed elementor-section-height-default elementor-section-height-default\" data-id=\"e99eaaa\" data-element_type=\"section\" data-e-type=\"section\">\n\t\t\t\t\t\t<div class=\"elementor-container elementor-column-gap-default\">\n\t\t\t\t\t<div class=\"elementor-column elementor-col-50 elementor-top-column elementor-element elementor-element-ff2ee7c\" data-id=\"ff2ee7c\" data-element_type=\"column\" data-e-type=\"column\">\n\t\t\t<div class=\"elementor-widget-wrap elementor-element-populated\">\n\t\t\t\t\t\t<div class=\"elementor-element elementor-element-cd09ea2 elementor-widget elementor-widget-image\" data-id=\"cd09ea2\" data-element_type=\"widget\" data-e-type=\"widget\" data-widget_type=\"image.default\">\n\t\t\t\t<div class=\"elementor-widget-container\">\n\t\t\t\t\t\t\t\t\t\t\t\t\t\t\t<img loading=\"lazy\" decoding=\"async\" width=\"300\" height=\"225\" src=\"https:\/\/nextgeneration.paeria.cat\/web\/wp-content\/uploads\/2023\/03\/magi-300x225.jpg\" class=\"attachment-medium size-medium wp-image-3096\" alt=\"Casa Mag\u00ed Llorens\" srcset=\"https:\/\/nextgeneration.paeria.cat\/web\/wp-content\/uploads\/2023\/03\/magi-300x225.jpg 300w, https:\/\/nextgeneration.paeria.cat\/web\/wp-content\/uploads\/2023\/03\/magi-1024x768.jpg 1024w, https:\/\/nextgeneration.paeria.cat\/web\/wp-content\/uploads\/2023\/03\/magi-768x576.jpg 768w, https:\/\/nextgeneration.paeria.cat\/web\/wp-content\/uploads\/2023\/03\/magi-1536x1152.jpg 1536w, https:\/\/nextgeneration.paeria.cat\/web\/wp-content\/uploads\/2023\/03\/magi.jpg 1920w\" sizes=\"(max-width: 300px) 100vw, 300px\" \/>\t\t\t\t\t\t\t\t\t\t\t\t\t\t\t<\/div>\n\t\t\t\t<\/div>\n\t\t\t\t\t<\/div>\n\t\t<\/div>\n\t\t\t\t<div class=\"elementor-column elementor-col-50 elementor-top-column elementor-element elementor-element-a8fa9c9\" data-id=\"a8fa9c9\" data-element_type=\"column\" data-e-type=\"column\">\n\t\t\t<div class=\"elementor-widget-wrap elementor-element-populated\">\n\t\t\t\t\t\t<div class=\"elementor-element elementor-element-d3fe837 elementor-widget elementor-widget-image\" data-id=\"d3fe837\" data-element_type=\"widget\" data-e-type=\"widget\" data-widget_type=\"image.default\">\n\t\t\t\t<div class=\"elementor-widget-container\">\n\t\t\t\t\t\t\t\t\t\t\t\t\t\t\t<img loading=\"lazy\" decoding=\"async\" width=\"300\" height=\"191\" src=\"https:\/\/nextgeneration.paeria.cat\/web\/wp-content\/uploads\/2023\/03\/cuirassa-300x191.jpg\" class=\"attachment-medium size-medium wp-image-3097\" alt=\"La Cuirassa Barri Jueu\" srcset=\"https:\/\/nextgeneration.paeria.cat\/web\/wp-content\/uploads\/2023\/03\/cuirassa-300x191.jpg 300w, https:\/\/nextgeneration.paeria.cat\/web\/wp-content\/uploads\/2023\/03\/cuirassa-1024x653.jpg 1024w, https:\/\/nextgeneration.paeria.cat\/web\/wp-content\/uploads\/2023\/03\/cuirassa-768x490.jpg 768w, https:\/\/nextgeneration.paeria.cat\/web\/wp-content\/uploads\/2023\/03\/cuirassa-1536x979.jpg 1536w, https:\/\/nextgeneration.paeria.cat\/web\/wp-content\/uploads\/2023\/03\/cuirassa.jpg 1920w\" sizes=\"(max-width: 300px) 100vw, 300px\" \/>\t\t\t\t\t\t\t\t\t\t\t\t\t\t\t<\/div>\n\t\t\t\t<\/div>\n\t\t\t\t\t<\/div>\n\t\t<\/div>\n\t\t\t\t\t<\/div>\n\t\t<\/section>\n\t\t\t\t<section class=\"elementor-section elementor-top-section elementor-element elementor-element-707b3ea elementor-section-boxed elementor-section-height-default elementor-section-height-default\" data-id=\"707b3ea\" data-element_type=\"section\" data-e-type=\"section\">\n\t\t\t\t\t\t<div class=\"elementor-container elementor-column-gap-default\">\n\t\t\t\t\t<div class=\"elementor-column elementor-col-100 elementor-top-column elementor-element elementor-element-d6575ec\" data-id=\"d6575ec\" data-element_type=\"column\" data-e-type=\"column\">\n\t\t\t<div class=\"elementor-widget-wrap\">\n\t\t\t\t\t\t\t<\/div>\n\t\t<\/div>\n\t\t\t\t\t<\/div>\n\t\t<\/section>\n\t\t\t\t<\/div>\n\t\t","protected":false},"excerpt":{"rendered":"<p>Inici Projectes Next Generation Paeria Projectes concedits\u00a0 Projecte \u201cSecond Step, cap a la digitalitzaci\u00f3 inclusiva i sostenible de la ciutat de Lleida\u201d Durada i assoliment del projecte:Abril 2023 &#8211; Setembre 2024 Realitzat 100% Descripci\u00f3 Secon Step pret\u00e9n aconseguir un major desenvolupament del sector tur\u00edstic de la ciutat, que sigui sostenible i que es refermi la &#8230; <a title=\"Projecte \u201cSecond Step, cap a la digitalitzaci\u00f3 inclusiva i sostenible de la ciutat de Lleida\u201d\" class=\"read-more\" href=\"https:\/\/nextgeneration.paeria.cat\/web\/projecte-second-step-cap-a-la-digitalitzacio-inclusiva-i-sostenible-de-la-ciutat-de-lleida\/\" aria-label=\"M\u00e9s informaci\u00f3 sobre Projecte \u201cSecond Step, cap a la digitalitzaci\u00f3 inclusiva i sostenible de la ciutat de Lleida\u201d\">Llegiu m\u00e9s<\/a><\/p>\n","protected":false},"author":2,"featured_media":0,"comment_status":"closed","ping_status":"closed","sticky":false,"template":"","format":"standard","meta":{"_sitemap_exclude":false,"_sitemap_priority":"","_sitemap_frequency":"","footnotes":""},"categories":[23,3,5],"tags":[],"class_list":["post-3093","post","type-post","status-publish","format-standard","hentry","category-concedit","category-propostes","category-pp-next-generation-lleida-paeria"],"yoast_head":"<!-- This site is optimized with the Yoast SEO plugin v27.5 - https:\/\/yoast.com\/product\/yoast-seo-wordpress\/ -->\n<title>Projecte \u201cSecond Step, cap a la digitalitzaci\u00f3 inclusiva i sostenible de la ciutat de Lleida\u201d - Next Generation Lleida - Propostes de projectes - La Paeria - Ajuntament de Lleida<\/title>\n<meta name=\"robots\" content=\"index, follow, max-snippet:-1, max-image-preview:large, max-video-preview:-1\" \/>\n<link rel=\"canonical\" href=\"https:\/\/nextgeneration.paeria.cat\/web\/projecte-second-step-cap-a-la-digitalitzacio-inclusiva-i-sostenible-de-la-ciutat-de-lleida\/\" \/>\n<meta property=\"og:locale\" content=\"ca_ES\" \/>\n<meta property=\"og:type\" content=\"article\" \/>\n<meta property=\"og:title\" content=\"Projecte \u201cSecond Step, cap a la digitalitzaci\u00f3 inclusiva i sostenible de la ciutat de Lleida\u201d - Next Generation Lleida - Propostes de projectes - La Paeria - Ajuntament de Lleida\" \/>\n<meta property=\"og:description\" content=\"Inici Projectes Next Generation Paeria Projectes concedits\u00a0 Projecte \u201cSecond Step, cap a la digitalitzaci\u00f3 inclusiva i sostenible de la ciutat de Lleida\u201d Durada i assoliment del projecte:Abril 2023 &#8211; Setembre 2024 Realitzat 100% Descripci\u00f3 Secon Step pret\u00e9n aconseguir un major desenvolupament del sector tur\u00edstic de la ciutat, que sigui sostenible i que es refermi la ... Llegiu m\u00e9s\" \/>\n<meta property=\"og:url\" content=\"https:\/\/nextgeneration.paeria.cat\/web\/projecte-second-step-cap-a-la-digitalitzacio-inclusiva-i-sostenible-de-la-ciutat-de-lleida\/\" \/>\n<meta property=\"og:site_name\" content=\"Next Generation Lleida - Propostes de projectes - La Paeria - Ajuntament de Lleida\" \/>\n<meta property=\"article:published_time\" content=\"2023-03-20T14:52:48+00:00\" \/>\n<meta property=\"article:modified_time\" content=\"2025-03-05T11:27:54+00:00\" \/>\n<meta property=\"og:image\" content=\"https:\/\/nextgeneration.paeria.cat\/web\/wp-content\/uploads\/2021\/05\/li-color_15.png\" \/>\n<meta name=\"author\" content=\"admin-nextgeneration\" \/>\n<meta name=\"twitter:card\" content=\"summary_large_image\" \/>\n<meta name=\"twitter:label1\" content=\"Escrit per\" \/>\n\t<meta name=\"twitter:data1\" content=\"admin-nextgeneration\" \/>\n\t<meta name=\"twitter:label2\" content=\"Temps estimat de lectura\" \/>\n\t<meta name=\"twitter:data2\" content=\"5 minuts\" \/>\n<script type=\"application\/ld+json\" class=\"yoast-schema-graph\">{\"@context\":\"https:\\\/\\\/schema.org\",\"@graph\":[{\"@type\":\"Article\",\"@id\":\"https:\\\/\\\/nextgeneration.paeria.cat\\\/web\\\/projecte-second-step-cap-a-la-digitalitzacio-inclusiva-i-sostenible-de-la-ciutat-de-lleida\\\/#article\",\"isPartOf\":{\"@id\":\"https:\\\/\\\/nextgeneration.paeria.cat\\\/web\\\/projecte-second-step-cap-a-la-digitalitzacio-inclusiva-i-sostenible-de-la-ciutat-de-lleida\\\/\"},\"author\":{\"name\":\"admin-nextgeneration\",\"@id\":\"https:\\\/\\\/nextgeneration.paeria.cat\\\/web\\\/#\\\/schema\\\/person\\\/a12a490165bc044605332926bbdc1189\"},\"headline\":\"Projecte \u201cSecond Step, cap a la digitalitzaci\u00f3 inclusiva i sostenible de la ciutat de Lleida\u201d\",\"datePublished\":\"2023-03-20T14:52:48+00:00\",\"dateModified\":\"2025-03-05T11:27:54+00:00\",\"mainEntityOfPage\":{\"@id\":\"https:\\\/\\\/nextgeneration.paeria.cat\\\/web\\\/projecte-second-step-cap-a-la-digitalitzacio-inclusiva-i-sostenible-de-la-ciutat-de-lleida\\\/\"},\"wordCount\":557,\"publisher\":{\"@id\":\"https:\\\/\\\/nextgeneration.paeria.cat\\\/web\\\/#organization\"},\"image\":{\"@id\":\"https:\\\/\\\/nextgeneration.paeria.cat\\\/web\\\/projecte-second-step-cap-a-la-digitalitzacio-inclusiva-i-sostenible-de-la-ciutat-de-lleida\\\/#primaryimage\"},\"thumbnailUrl\":\"https:\\\/\\\/nextgeneration.paeria.cat\\\/web\\\/wp-content\\\/uploads\\\/2021\\\/05\\\/li-color_15.png\",\"articleSection\":[\"Concedit\",\"Propostes\",\"Propostes de projectes Paeria\"],\"inLanguage\":\"ca\"},{\"@type\":\"WebPage\",\"@id\":\"https:\\\/\\\/nextgeneration.paeria.cat\\\/web\\\/projecte-second-step-cap-a-la-digitalitzacio-inclusiva-i-sostenible-de-la-ciutat-de-lleida\\\/\",\"url\":\"https:\\\/\\\/nextgeneration.paeria.cat\\\/web\\\/projecte-second-step-cap-a-la-digitalitzacio-inclusiva-i-sostenible-de-la-ciutat-de-lleida\\\/\",\"name\":\"Projecte \u201cSecond Step, cap a la digitalitzaci\u00f3 inclusiva i sostenible de la ciutat de Lleida\u201d - Next Generation Lleida - Propostes de projectes - La Paeria - Ajuntament de Lleida\",\"isPartOf\":{\"@id\":\"https:\\\/\\\/nextgeneration.paeria.cat\\\/web\\\/#website\"},\"primaryImageOfPage\":{\"@id\":\"https:\\\/\\\/nextgeneration.paeria.cat\\\/web\\\/projecte-second-step-cap-a-la-digitalitzacio-inclusiva-i-sostenible-de-la-ciutat-de-lleida\\\/#primaryimage\"},\"image\":{\"@id\":\"https:\\\/\\\/nextgeneration.paeria.cat\\\/web\\\/projecte-second-step-cap-a-la-digitalitzacio-inclusiva-i-sostenible-de-la-ciutat-de-lleida\\\/#primaryimage\"},\"thumbnailUrl\":\"https:\\\/\\\/nextgeneration.paeria.cat\\\/web\\\/wp-content\\\/uploads\\\/2021\\\/05\\\/li-color_15.png\",\"datePublished\":\"2023-03-20T14:52:48+00:00\",\"dateModified\":\"2025-03-05T11:27:54+00:00\",\"breadcrumb\":{\"@id\":\"https:\\\/\\\/nextgeneration.paeria.cat\\\/web\\\/projecte-second-step-cap-a-la-digitalitzacio-inclusiva-i-sostenible-de-la-ciutat-de-lleida\\\/#breadcrumb\"},\"inLanguage\":\"ca\",\"potentialAction\":[{\"@type\":\"ReadAction\",\"target\":[\"https:\\\/\\\/nextgeneration.paeria.cat\\\/web\\\/projecte-second-step-cap-a-la-digitalitzacio-inclusiva-i-sostenible-de-la-ciutat-de-lleida\\\/\"]}]},{\"@type\":\"ImageObject\",\"inLanguage\":\"ca\",\"@id\":\"https:\\\/\\\/nextgeneration.paeria.cat\\\/web\\\/projecte-second-step-cap-a-la-digitalitzacio-inclusiva-i-sostenible-de-la-ciutat-de-lleida\\\/#primaryimage\",\"url\":\"https:\\\/\\\/nextgeneration.paeria.cat\\\/web\\\/wp-content\\\/uploads\\\/2021\\\/05\\\/li-color_15.png\",\"contentUrl\":\"https:\\\/\\\/nextgeneration.paeria.cat\\\/web\\\/wp-content\\\/uploads\\\/2021\\\/05\\\/li-color_15.png\",\"width\":8,\"height\":19},{\"@type\":\"BreadcrumbList\",\"@id\":\"https:\\\/\\\/nextgeneration.paeria.cat\\\/web\\\/projecte-second-step-cap-a-la-digitalitzacio-inclusiva-i-sostenible-de-la-ciutat-de-lleida\\\/#breadcrumb\",\"itemListElement\":[{\"@type\":\"ListItem\",\"position\":1,\"name\":\"Inici\",\"item\":\"https:\\\/\\\/nextgeneration.paeria.cat\\\/web\\\/\"},{\"@type\":\"ListItem\",\"position\":2,\"name\":\"Projecte \u201cSecond Step, cap a la digitalitzaci\u00f3 inclusiva i sostenible de la ciutat de Lleida\u201d\"}]},{\"@type\":\"WebSite\",\"@id\":\"https:\\\/\\\/nextgeneration.paeria.cat\\\/web\\\/#website\",\"url\":\"https:\\\/\\\/nextgeneration.paeria.cat\\\/web\\\/\",\"name\":\"Next Generation Lleida - Propostes de projectes - La Paeria - Ajuntament de Lleida\",\"description\":\"\",\"publisher\":{\"@id\":\"https:\\\/\\\/nextgeneration.paeria.cat\\\/web\\\/#organization\"},\"potentialAction\":[{\"@type\":\"SearchAction\",\"target\":{\"@type\":\"EntryPoint\",\"urlTemplate\":\"https:\\\/\\\/nextgeneration.paeria.cat\\\/web\\\/?s={search_term_string}\"},\"query-input\":{\"@type\":\"PropertyValueSpecification\",\"valueRequired\":true,\"valueName\":\"search_term_string\"}}],\"inLanguage\":\"ca\"},{\"@type\":\"Organization\",\"@id\":\"https:\\\/\\\/nextgeneration.paeria.cat\\\/web\\\/#organization\",\"name\":\"Next Generation Lleida - Propostes de projectes - La Paeria - Ajuntament de Lleida\",\"url\":\"https:\\\/\\\/nextgeneration.paeria.cat\\\/web\\\/\",\"logo\":{\"@type\":\"ImageObject\",\"inLanguage\":\"ca\",\"@id\":\"https:\\\/\\\/nextgeneration.paeria.cat\\\/web\\\/#\\\/schema\\\/logo\\\/image\\\/\",\"url\":\"https:\\\/\\\/nextgeneration.paeria.cat\\\/web\\\/wp-content\\\/uploads\\\/2023\\\/09\\\/cropped-titol.png\",\"contentUrl\":\"https:\\\/\\\/nextgeneration.paeria.cat\\\/web\\\/wp-content\\\/uploads\\\/2023\\\/09\\\/cropped-titol.png\",\"width\":1100,\"height\":220,\"caption\":\"Next Generation Lleida - Propostes de projectes - La Paeria - Ajuntament de Lleida\"},\"image\":{\"@id\":\"https:\\\/\\\/nextgeneration.paeria.cat\\\/web\\\/#\\\/schema\\\/logo\\\/image\\\/\"}},{\"@type\":\"Person\",\"@id\":\"https:\\\/\\\/nextgeneration.paeria.cat\\\/web\\\/#\\\/schema\\\/person\\\/a12a490165bc044605332926bbdc1189\",\"name\":\"admin-nextgeneration\",\"image\":{\"@type\":\"ImageObject\",\"inLanguage\":\"ca\",\"@id\":\"https:\\\/\\\/secure.gravatar.com\\\/avatar\\\/01bed9d6851a1f9c8ab5eb704ab3e7882815867f87a0ef562e77261bef722cbe?s=96&d=mm&r=g\",\"url\":\"https:\\\/\\\/secure.gravatar.com\\\/avatar\\\/01bed9d6851a1f9c8ab5eb704ab3e7882815867f87a0ef562e77261bef722cbe?s=96&d=mm&r=g\",\"contentUrl\":\"https:\\\/\\\/secure.gravatar.com\\\/avatar\\\/01bed9d6851a1f9c8ab5eb704ab3e7882815867f87a0ef562e77261bef722cbe?s=96&d=mm&r=g\",\"caption\":\"admin-nextgeneration\"}}]}<\/script>\n<!-- \/ Yoast SEO plugin. -->","yoast_head_json":{"title":"Projecte \u201cSecond Step, cap a la digitalitzaci\u00f3 inclusiva i sostenible de la ciutat de Lleida\u201d - Next Generation Lleida - Propostes de projectes - La Paeria - Ajuntament de Lleida","robots":{"index":"index","follow":"follow","max-snippet":"max-snippet:-1","max-image-preview":"max-image-preview:large","max-video-preview":"max-video-preview:-1"},"canonical":"https:\/\/nextgeneration.paeria.cat\/web\/projecte-second-step-cap-a-la-digitalitzacio-inclusiva-i-sostenible-de-la-ciutat-de-lleida\/","og_locale":"ca_ES","og_type":"article","og_title":"Projecte \u201cSecond Step, cap a la digitalitzaci\u00f3 inclusiva i sostenible de la ciutat de Lleida\u201d - Next Generation Lleida - Propostes de projectes - La Paeria - Ajuntament de Lleida","og_description":"Inici Projectes Next Generation Paeria Projectes concedits\u00a0 Projecte \u201cSecond Step, cap a la digitalitzaci\u00f3 inclusiva i sostenible de la ciutat de Lleida\u201d Durada i assoliment del projecte:Abril 2023 &#8211; Setembre 2024 Realitzat 100% Descripci\u00f3 Secon Step pret\u00e9n aconseguir un major desenvolupament del sector tur\u00edstic de la ciutat, que sigui sostenible i que es refermi la ... Llegiu m\u00e9s","og_url":"https:\/\/nextgeneration.paeria.cat\/web\/projecte-second-step-cap-a-la-digitalitzacio-inclusiva-i-sostenible-de-la-ciutat-de-lleida\/","og_site_name":"Next Generation Lleida - Propostes de projectes - La Paeria - Ajuntament de Lleida","article_published_time":"2023-03-20T14:52:48+00:00","article_modified_time":"2025-03-05T11:27:54+00:00","og_image":[{"url":"https:\/\/nextgeneration.paeria.cat\/web\/wp-content\/uploads\/2021\/05\/li-color_15.png","type":"","width":"","height":""}],"author":"admin-nextgeneration","twitter_card":"summary_large_image","twitter_misc":{"Escrit per":"admin-nextgeneration","Temps estimat de lectura":"5 minuts"},"schema":{"@context":"https:\/\/schema.org","@graph":[{"@type":"Article","@id":"https:\/\/nextgeneration.paeria.cat\/web\/projecte-second-step-cap-a-la-digitalitzacio-inclusiva-i-sostenible-de-la-ciutat-de-lleida\/#article","isPartOf":{"@id":"https:\/\/nextgeneration.paeria.cat\/web\/projecte-second-step-cap-a-la-digitalitzacio-inclusiva-i-sostenible-de-la-ciutat-de-lleida\/"},"author":{"name":"admin-nextgeneration","@id":"https:\/\/nextgeneration.paeria.cat\/web\/#\/schema\/person\/a12a490165bc044605332926bbdc1189"},"headline":"Projecte \u201cSecond Step, cap a la digitalitzaci\u00f3 inclusiva i sostenible de la ciutat de Lleida\u201d","datePublished":"2023-03-20T14:52:48+00:00","dateModified":"2025-03-05T11:27:54+00:00","mainEntityOfPage":{"@id":"https:\/\/nextgeneration.paeria.cat\/web\/projecte-second-step-cap-a-la-digitalitzacio-inclusiva-i-sostenible-de-la-ciutat-de-lleida\/"},"wordCount":557,"publisher":{"@id":"https:\/\/nextgeneration.paeria.cat\/web\/#organization"},"image":{"@id":"https:\/\/nextgeneration.paeria.cat\/web\/projecte-second-step-cap-a-la-digitalitzacio-inclusiva-i-sostenible-de-la-ciutat-de-lleida\/#primaryimage"},"thumbnailUrl":"https:\/\/nextgeneration.paeria.cat\/web\/wp-content\/uploads\/2021\/05\/li-color_15.png","articleSection":["Concedit","Propostes","Propostes de projectes Paeria"],"inLanguage":"ca"},{"@type":"WebPage","@id":"https:\/\/nextgeneration.paeria.cat\/web\/projecte-second-step-cap-a-la-digitalitzacio-inclusiva-i-sostenible-de-la-ciutat-de-lleida\/","url":"https:\/\/nextgeneration.paeria.cat\/web\/projecte-second-step-cap-a-la-digitalitzacio-inclusiva-i-sostenible-de-la-ciutat-de-lleida\/","name":"Projecte \u201cSecond Step, cap a la digitalitzaci\u00f3 inclusiva i sostenible de la ciutat de Lleida\u201d - Next Generation Lleida - Propostes de projectes - La Paeria - Ajuntament de Lleida","isPartOf":{"@id":"https:\/\/nextgeneration.paeria.cat\/web\/#website"},"primaryImageOfPage":{"@id":"https:\/\/nextgeneration.paeria.cat\/web\/projecte-second-step-cap-a-la-digitalitzacio-inclusiva-i-sostenible-de-la-ciutat-de-lleida\/#primaryimage"},"image":{"@id":"https:\/\/nextgeneration.paeria.cat\/web\/projecte-second-step-cap-a-la-digitalitzacio-inclusiva-i-sostenible-de-la-ciutat-de-lleida\/#primaryimage"},"thumbnailUrl":"https:\/\/nextgeneration.paeria.cat\/web\/wp-content\/uploads\/2021\/05\/li-color_15.png","datePublished":"2023-03-20T14:52:48+00:00","dateModified":"2025-03-05T11:27:54+00:00","breadcrumb":{"@id":"https:\/\/nextgeneration.paeria.cat\/web\/projecte-second-step-cap-a-la-digitalitzacio-inclusiva-i-sostenible-de-la-ciutat-de-lleida\/#breadcrumb"},"inLanguage":"ca","potentialAction":[{"@type":"ReadAction","target":["https:\/\/nextgeneration.paeria.cat\/web\/projecte-second-step-cap-a-la-digitalitzacio-inclusiva-i-sostenible-de-la-ciutat-de-lleida\/"]}]},{"@type":"ImageObject","inLanguage":"ca","@id":"https:\/\/nextgeneration.paeria.cat\/web\/projecte-second-step-cap-a-la-digitalitzacio-inclusiva-i-sostenible-de-la-ciutat-de-lleida\/#primaryimage","url":"https:\/\/nextgeneration.paeria.cat\/web\/wp-content\/uploads\/2021\/05\/li-color_15.png","contentUrl":"https:\/\/nextgeneration.paeria.cat\/web\/wp-content\/uploads\/2021\/05\/li-color_15.png","width":8,"height":19},{"@type":"BreadcrumbList","@id":"https:\/\/nextgeneration.paeria.cat\/web\/projecte-second-step-cap-a-la-digitalitzacio-inclusiva-i-sostenible-de-la-ciutat-de-lleida\/#breadcrumb","itemListElement":[{"@type":"ListItem","position":1,"name":"Inici","item":"https:\/\/nextgeneration.paeria.cat\/web\/"},{"@type":"ListItem","position":2,"name":"Projecte \u201cSecond Step, cap a la digitalitzaci\u00f3 inclusiva i sostenible de la ciutat de Lleida\u201d"}]},{"@type":"WebSite","@id":"https:\/\/nextgeneration.paeria.cat\/web\/#website","url":"https:\/\/nextgeneration.paeria.cat\/web\/","name":"Next Generation Lleida - Propostes de projectes - La Paeria - Ajuntament de Lleida","description":"","publisher":{"@id":"https:\/\/nextgeneration.paeria.cat\/web\/#organization"},"potentialAction":[{"@type":"SearchAction","target":{"@type":"EntryPoint","urlTemplate":"https:\/\/nextgeneration.paeria.cat\/web\/?s={search_term_string}"},"query-input":{"@type":"PropertyValueSpecification","valueRequired":true,"valueName":"search_term_string"}}],"inLanguage":"ca"},{"@type":"Organization","@id":"https:\/\/nextgeneration.paeria.cat\/web\/#organization","name":"Next Generation Lleida - Propostes de projectes - La Paeria - Ajuntament de Lleida","url":"https:\/\/nextgeneration.paeria.cat\/web\/","logo":{"@type":"ImageObject","inLanguage":"ca","@id":"https:\/\/nextgeneration.paeria.cat\/web\/#\/schema\/logo\/image\/","url":"https:\/\/nextgeneration.paeria.cat\/web\/wp-content\/uploads\/2023\/09\/cropped-titol.png","contentUrl":"https:\/\/nextgeneration.paeria.cat\/web\/wp-content\/uploads\/2023\/09\/cropped-titol.png","width":1100,"height":220,"caption":"Next Generation Lleida - Propostes de projectes - La Paeria - Ajuntament de Lleida"},"image":{"@id":"https:\/\/nextgeneration.paeria.cat\/web\/#\/schema\/logo\/image\/"}},{"@type":"Person","@id":"https:\/\/nextgeneration.paeria.cat\/web\/#\/schema\/person\/a12a490165bc044605332926bbdc1189","name":"admin-nextgeneration","image":{"@type":"ImageObject","inLanguage":"ca","@id":"https:\/\/secure.gravatar.com\/avatar\/01bed9d6851a1f9c8ab5eb704ab3e7882815867f87a0ef562e77261bef722cbe?s=96&d=mm&r=g","url":"https:\/\/secure.gravatar.com\/avatar\/01bed9d6851a1f9c8ab5eb704ab3e7882815867f87a0ef562e77261bef722cbe?s=96&d=mm&r=g","contentUrl":"https:\/\/secure.gravatar.com\/avatar\/01bed9d6851a1f9c8ab5eb704ab3e7882815867f87a0ef562e77261bef722cbe?s=96&d=mm&r=g","caption":"admin-nextgeneration"}}]}},"_links":{"self":[{"href":"https:\/\/nextgeneration.paeria.cat\/web\/wp-json\/wp\/v2\/posts\/3093","targetHints":{"allow":["GET"]}}],"collection":[{"href":"https:\/\/nextgeneration.paeria.cat\/web\/wp-json\/wp\/v2\/posts"}],"about":[{"href":"https:\/\/nextgeneration.paeria.cat\/web\/wp-json\/wp\/v2\/types\/post"}],"author":[{"embeddable":true,"href":"https:\/\/nextgeneration.paeria.cat\/web\/wp-json\/wp\/v2\/users\/2"}],"replies":[{"embeddable":true,"href":"https:\/\/nextgeneration.paeria.cat\/web\/wp-json\/wp\/v2\/comments?post=3093"}],"version-history":[{"count":70,"href":"https:\/\/nextgeneration.paeria.cat\/web\/wp-json\/wp\/v2\/posts\/3093\/revisions"}],"predecessor-version":[{"id":7577,"href":"https:\/\/nextgeneration.paeria.cat\/web\/wp-json\/wp\/v2\/posts\/3093\/revisions\/7577"}],"wp:attachment":[{"href":"https:\/\/nextgeneration.paeria.cat\/web\/wp-json\/wp\/v2\/media?parent=3093"}],"wp:term":[{"taxonomy":"category","embeddable":true,"href":"https:\/\/nextgeneration.paeria.cat\/web\/wp-json\/wp\/v2\/categories?post=3093"},{"taxonomy":"post_tag","embeddable":true,"href":"https:\/\/nextgeneration.paeria.cat\/web\/wp-json\/wp\/v2\/tags?post=3093"}],"curies":[{"name":"wp","href":"https:\/\/api.w.org\/{rel}","templated":true}]}}