{"id":3195,"date":"2023-03-27T13:11:00","date_gmt":"2023-03-27T11:11:00","guid":{"rendered":"https:\/\/nextgeneration.paeria.cat\/web\/?p=3195"},"modified":"2026-03-10T15:52:47","modified_gmt":"2026-03-10T13:52:47","slug":"projecte-de-substitucio-del-sistema-de-climatitzacio-de-la-regidoria-deducacio","status":"publish","type":"post","link":"https:\/\/nextgeneration.paeria.cat\/web\/projecte-de-substitucio-del-sistema-de-climatitzacio-de-la-regidoria-deducacio\/","title":{"rendered":"Projecte de substituci\u00f3 del sistema de climatitzaci\u00f3 de la Regidoria d&#8217;Educaci\u00f3"},"content":{"rendered":"\t\t<div data-elementor-type=\"wp-post\" data-elementor-id=\"3195\" class=\"elementor elementor-3195\">\n\t\t\t\t\t\t<section class=\"elementor-section elementor-top-section elementor-element elementor-element-104e94a elementor-section-boxed elementor-section-height-default elementor-section-height-default\" data-id=\"104e94a\" data-element_type=\"section\" data-e-type=\"section\">\n\t\t\t\t\t\t<div class=\"elementor-container elementor-column-gap-default\">\n\t\t\t\t\t<div class=\"elementor-column elementor-col-100 elementor-top-column elementor-element elementor-element-d52b4cb\" data-id=\"d52b4cb\" data-element_type=\"column\" data-e-type=\"column\">\n\t\t\t<div class=\"elementor-widget-wrap elementor-element-populated\">\n\t\t\t\t\t\t<div class=\"elementor-element elementor-element-3c53cdf elementor-widget elementor-widget-text-editor\" data-id=\"3c53cdf\" data-element_type=\"widget\" data-e-type=\"widget\" data-widget_type=\"text-editor.default\">\n\t\t\t\t<div class=\"elementor-widget-container\">\n\t\t\t\t\t\t\t\t\t<p><a href=\"https:\/\/nextgeneration.paeria.cat\/web\/\">Inici <\/a><img decoding=\"async\" src=\"https:\/\/nextgeneration.paeria.cat\/web\/wp-content\/uploads\/2021\/05\/li-color_15.png\" \/> Projectes <img decoding=\"async\" src=\"https:\/\/nextgeneration.paeria.cat\/web\/wp-content\/uploads\/2021\/05\/li-color_15.png\" \/> Next Generation Paeria <img decoding=\"async\" src=\"https:\/\/nextgeneration.paeria.cat\/web\/wp-content\/uploads\/2021\/05\/li-color_15.png\" \/> <a href=\"https:\/\/nextgeneration.paeria.cat\/web\/projectes-concedits-next-generation-lleida\/\">Projectes concedits<\/a>\u00a0<img decoding=\"async\" src=\"https:\/\/nextgeneration.paeria.cat\/web\/wp-content\/uploads\/2021\/05\/li-color_15.png\" \/> Projecte de substituci\u00f3 del sistema de climatitzaci\u00f3 de la Regidoria d&#8217;Educaci\u00f3<\/p>\t\t\t\t\t\t\t\t<\/div>\n\t\t\t\t<\/div>\n\t\t\t\t\t<\/div>\n\t\t<\/div>\n\t\t\t\t\t<\/div>\n\t\t<\/section>\n\t\t\t\t<section class=\"elementor-section elementor-top-section elementor-element elementor-element-64bf989 elementor-section-content-middle elementor-section-boxed elementor-section-height-default elementor-section-height-default\" data-id=\"64bf989\" data-element_type=\"section\" data-e-type=\"section\">\n\t\t\t\t\t\t\t<div class=\"elementor-background-overlay\"><\/div>\n\t\t\t\t\t\t\t<div class=\"elementor-container elementor-column-gap-default\">\n\t\t\t\t\t<div class=\"elementor-column elementor-col-100 elementor-top-column elementor-element elementor-element-3121c70\" data-id=\"3121c70\" data-element_type=\"column\" data-e-type=\"column\">\n\t\t\t<div class=\"elementor-widget-wrap elementor-element-populated\">\n\t\t\t\t\t\t<div class=\"elementor-element elementor-element-1809529 elementor-widget elementor-widget-text-editor\" data-id=\"1809529\" data-element_type=\"widget\" data-e-type=\"widget\" data-widget_type=\"text-editor.default\">\n\t\t\t\t<div class=\"elementor-widget-container\">\n\t\t\t\t\t\t\t\t\t<p>Durada i assoliment del projecte:<br \/><strong>Mar\u00e7 2024 &#8211; Mar\u00e7 2026<\/strong><\/p>\t\t\t\t\t\t\t\t<\/div>\n\t\t\t\t<\/div>\n\t\t\t\t<div class=\"elementor-element elementor-element-aad5c90 elementor-widget elementor-widget-progress\" data-id=\"aad5c90\" data-element_type=\"widget\" data-e-type=\"widget\" data-widget_type=\"progress.default\">\n\t\t\t\t<div class=\"elementor-widget-container\">\n\t\t\t\t\t\n\t\t<div class=\"elementor-progress-wrapper\" role=\"progressbar\" aria-valuemin=\"0\" aria-valuemax=\"100\" aria-valuenow=\"100\" aria-valuetext=\"100% (Realitzat)\">\n\t\t\t<div class=\"elementor-progress-bar\" data-max=\"100\">\n\t\t\t\t<span class=\"elementor-progress-text\">Realitzat<\/span>\n\t\t\t\t\t\t\t\t\t<span class=\"elementor-progress-percentage\">100%<\/span>\n\t\t\t\t\t\t\t<\/div>\n\t\t<\/div>\n\t\t\t\t\t\t<\/div>\n\t\t\t\t<\/div>\n\t\t\t\t<div class=\"elementor-element elementor-element-aba1e23 elementor-widget elementor-widget-spacer\" data-id=\"aba1e23\" data-element_type=\"widget\" data-e-type=\"widget\" data-widget_type=\"spacer.default\">\n\t\t\t\t<div class=\"elementor-widget-container\">\n\t\t\t\t\t\t\t<div class=\"elementor-spacer\">\n\t\t\t<div class=\"elementor-spacer-inner\"><\/div>\n\t\t<\/div>\n\t\t\t\t\t\t<\/div>\n\t\t\t\t<\/div>\n\t\t\t\t\t<\/div>\n\t\t<\/div>\n\t\t\t\t\t<\/div>\n\t\t<\/section>\n\t\t\t\t<section class=\"elementor-section elementor-top-section elementor-element elementor-element-34209e1 elementor-section-boxed elementor-section-height-default elementor-section-height-default\" data-id=\"34209e1\" data-element_type=\"section\" data-e-type=\"section\">\n\t\t\t\t\t\t<div class=\"elementor-container elementor-column-gap-default\">\n\t\t\t\t\t<div class=\"elementor-column elementor-col-50 elementor-top-column elementor-element elementor-element-bf8447e\" data-id=\"bf8447e\" data-element_type=\"column\" data-e-type=\"column\">\n\t\t\t<div class=\"elementor-widget-wrap elementor-element-populated\">\n\t\t\t\t\t\t<div class=\"elementor-element elementor-element-48130d4 elementor-widget elementor-widget-text-editor\" data-id=\"48130d4\" data-element_type=\"widget\" data-e-type=\"widget\" data-widget_type=\"text-editor.default\">\n\t\t\t\t<div class=\"elementor-widget-container\">\n\t\t\t\t\t\t\t\t\t<p><strong>Descripci\u00f3<\/strong><\/p>\t\t\t\t\t\t\t\t<\/div>\n\t\t\t\t<\/div>\n\t\t\t\t<div class=\"elementor-element elementor-element-4a96ddb elementor-widget elementor-widget-text-editor\" data-id=\"4a96ddb\" data-element_type=\"widget\" data-e-type=\"widget\" data-widget_type=\"text-editor.default\">\n\t\t\t\t<div class=\"elementor-widget-container\">\n\t\t\t\t\t\t\t\t\t<p>El projecte planteja la substituci\u00f3 de les dues bombes de calor reversibles d\u2019aire-aigua que actualment hi ha a la Regidoria d&#8217;Educaci\u00f3 (abans, Institut Municipal d\u2019Educaci\u00f3 &#8211; IME) per altres unitats noves de pot\u00e8ncia equivalent per mantenir les prestacions de la instal\u00b7laci\u00f3 de climatitzaci\u00f3 existents i donar resposta a les exig\u00e8ncies d\u2019estalvi d\u2019energia, assolint aproximadament un 20% d\u2019estalvi energ\u00e8tic.<\/p><p>Els equips estan situats a la sala de m\u00e0quines de la planta baixa, amb sortida directa a la fa\u00e7ana del carrer Canonge Gonz\u00e1lez. Les unitats de producci\u00f3 de fred i calor actuals es reempla\u00e7aran per dues noves bombes de calor reversible per tot el sistema de climatitzaci\u00f3 de l\u2019edifici. El projecte que renova el sistema i garanteix la qualitat de l\u2019aire i el confort t\u00e8rmic. Alhora, justifica l\u2019acompliment de la normativa vigent.<\/p>\t\t\t\t\t\t\t\t<\/div>\n\t\t\t\t<\/div>\n\t\t\t\t<div class=\"elementor-element elementor-element-21e6ee2 elementor-widget elementor-widget-spacer\" data-id=\"21e6ee2\" data-element_type=\"widget\" data-e-type=\"widget\" data-widget_type=\"spacer.default\">\n\t\t\t\t<div class=\"elementor-widget-container\">\n\t\t\t\t\t\t\t<div class=\"elementor-spacer\">\n\t\t\t<div class=\"elementor-spacer-inner\"><\/div>\n\t\t<\/div>\n\t\t\t\t\t\t<\/div>\n\t\t\t\t<\/div>\n\t\t\t\t<div class=\"elementor-element elementor-element-34a449e elementor-widget elementor-widget-text-editor\" data-id=\"34a449e\" data-element_type=\"widget\" data-e-type=\"widget\" data-widget_type=\"text-editor.default\">\n\t\t\t\t<div class=\"elementor-widget-container\">\n\t\t\t\t\t\t\t\t\t<p>Not\u00edcies<strong> relacionades<\/strong><\/p><ul><li><a href=\"https:\/\/nextgeneration.paeria.cat\/web\/nou-sistema-de-climatitzacio-a-la-regidoria-deducacio-amb-fons-next-generation\/\">Nou sistema de climatitzaci\u00f3 a la Regidoria d\u2019Educaci\u00f3 amb fons Next Generation.<\/a><\/li><li><a href=\"https:\/\/nextgeneration.paeria.cat\/web\/la-regidoria-deducacio-estrena-nou-sistema-de-climatitzacio-amb-un-estalvi-energetic-del-20\/\">La Regidoria d\u2019Educaci\u00f3 estrena nou sistema de climatitzaci\u00f3 amb un estalvi energ\u00e8tic del 20%.<\/a><\/li><\/ul>\t\t\t\t\t\t\t\t<\/div>\n\t\t\t\t<\/div>\n\t\t\t\t\t<\/div>\n\t\t<\/div>\n\t\t\t\t<div class=\"elementor-column elementor-col-50 elementor-top-column elementor-element elementor-element-ff0aa74\" data-id=\"ff0aa74\" data-element_type=\"column\" data-e-type=\"column\">\n\t\t\t<div class=\"elementor-widget-wrap elementor-element-populated\">\n\t\t\t\t\t\t<div class=\"elementor-element elementor-element-fda0d64 elementor-widget elementor-widget-html\" data-id=\"fda0d64\" data-element_type=\"widget\" data-e-type=\"widget\" data-widget_type=\"html.default\">\n\t\t\t\t<div class=\"elementor-widget-container\">\n\t\t\t\t\t<table class=\"taula-projectes\">\r\n    <tr>\r\n\t\t<td>Convocat\u00f2ria<\/td>\r\n\t\t<td>\r\nde l\u2019any 2022 per a al concessi\u00f3 de subvencions dels programes d\u2019incentius per a la implantaci\u00f3 d\u2019instal\u00b7lacions d\u2019energies renovables t\u00e8rmiques en diferents sectors de l\u2019economia.\r\n\r\n\r\n\t\t<\/td>\t\t\r\n\t<\/tr>\r\n\r\n\t<tr>\r\n\t\t<td>Inversi\u00f3<\/td>\r\n\t\t<td><strong>Import del projecte:<\/strong> 108.779 \u20ac<br\/><strong>Import demanat:<\/strong> 90.720 \u20ac\r\n\t\t<br\/><strong>Import concedit:<\/strong> 84.987,04 \u20ac<\/td>\t\t\r\n\t<\/tr>\r\n\r\n\t<tr>\r\n\t\t<td>Data presentaci\u00f3<\/td>\r\n\t\t<td>25\/11\/2022<\/td>\t\t\r\n\t<\/tr>\r\n\t\t<tr>\r\n\t\t<td>Resoluci\u00f3<\/td>\r\n\t\t<td>04\/03\/2024<\/td>\t\t\r\n\t<\/tr>\r\n\t<tr>\r\n\t    <td>Finalitzaci\u00f3 del projecte<\/td>\r\n\t    <td>Ampliaci\u00f3 fins al 31 de mar\u00e7 2026.\r\n        <\/td>\r\n    <\/tr>\r\n\t<tr>\r\n\t    <td>Licitacions<\/td>\r\n\t    <td><a href=\"\/web\/licitacions\/#p-licitacions\" title=\"Licitacions\">Fes clic aqu\u00ed per accedir.<\/a><\/td>\r\n\t<\/tr>\r\n\t<!--<tr>\r\n        <td>Material comunicatiu<\/td>\r\n        <td><a href=\"https:\/\/nextgeneration.paeria.cat\/web\/material-comunicatiu\/\">Fes clic aqu\u00ed per accedir.<\/a><\/td>\r\n    <\/tr>-->    \r\n\t<tr>\r\n\t\t<td>Finan\u00e7at per<\/td>\r\n\t\t<td>\r\n\t\t\tUni\u00f3 Europea \u2013 Next Generation EU, Pla de Recuperaci\u00f3, Transformaci\u00f3 i Resili\u00e8ncia del Govern d\u2019Espanya, Ministerio para la Transici\u00f3n Ecol\u00f3gica y el reto demogr\u00e1fico, \r\nIDAE \u2013 Instituto para la Diversificaci\u00f3n y Ahorro de la Energ\u00eda, Departament d\u2019Acci\u00f3 Clim\u00e0tica, Alimentaci\u00f3 i Agenda Rural\r\nICAEN \u2013 Institut Catal\u00e0 d\u2019Energia.\r\n\t\t<\/td>\t\t\r\n\t<\/tr>\r\n\t\t\t\t\r\n<\/table>\r\n\r\n\t\t\t\t<\/div>\n\t\t\t\t<\/div>\n\t\t\t\t<div class=\"elementor-element elementor-element-ce0304e elementor-widget elementor-widget-image\" data-id=\"ce0304e\" data-element_type=\"widget\" data-e-type=\"widget\" data-widget_type=\"image.default\">\n\t\t\t\t<div class=\"elementor-widget-container\">\n\t\t\t\t\t\t\t\t\t\t\t\t\t\t\t<img decoding=\"async\" width=\"300\" height=\"88\" src=\"https:\/\/nextgeneration.paeria.cat\/web\/wp-content\/uploads\/2023\/12\/Financat-per-la-Unio-Europea-300x88.jpg\" class=\"attachment-medium size-medium wp-image-5239\" alt=\"\" srcset=\"https:\/\/nextgeneration.paeria.cat\/web\/wp-content\/uploads\/2023\/12\/Financat-per-la-Unio-Europea-300x88.jpg 300w, https:\/\/nextgeneration.paeria.cat\/web\/wp-content\/uploads\/2023\/12\/Financat-per-la-Unio-Europea-768x224.jpg 768w, https:\/\/nextgeneration.paeria.cat\/web\/wp-content\/uploads\/2023\/12\/Financat-per-la-Unio-Europea.jpg 873w\" sizes=\"(max-width: 300px) 100vw, 300px\" \/>\t\t\t\t\t\t\t\t\t\t\t\t\t\t\t<\/div>\n\t\t\t\t<\/div>\n\t\t\t\t<div class=\"elementor-element elementor-element-e455631 elementor-widget elementor-widget-image\" data-id=\"e455631\" data-element_type=\"widget\" data-e-type=\"widget\" data-widget_type=\"image.default\">\n\t\t\t\t<div class=\"elementor-widget-container\">\n\t\t\t\t\t\t\t\t\t\t\t\t\t\t\t<img decoding=\"async\" width=\"300\" height=\"92\" src=\"https:\/\/nextgeneration.paeria.cat\/web\/wp-content\/uploads\/2023\/11\/PRTR-CATALA-3-linies-1-300x92.jpg\" class=\"attachment-medium size-medium wp-image-5065\" alt=\"\" srcset=\"https:\/\/nextgeneration.paeria.cat\/web\/wp-content\/uploads\/2023\/11\/PRTR-CATALA-3-linies-1-300x92.jpg 300w, https:\/\/nextgeneration.paeria.cat\/web\/wp-content\/uploads\/2023\/11\/PRTR-CATALA-3-linies-1.jpg 748w\" sizes=\"(max-width: 300px) 100vw, 300px\" \/>\t\t\t\t\t\t\t\t\t\t\t\t\t\t\t<\/div>\n\t\t\t\t<\/div>\n\t\t\t\t<div class=\"elementor-element elementor-element-b65a437 elementor-widget elementor-widget-image\" data-id=\"b65a437\" data-element_type=\"widget\" data-e-type=\"widget\" data-widget_type=\"image.default\">\n\t\t\t\t<div class=\"elementor-widget-container\">\n\t\t\t\t\t\t\t\t\t\t\t\t\t\t\t<img decoding=\"async\" width=\"300\" height=\"70\" src=\"https:\/\/nextgeneration.paeria.cat\/web\/wp-content\/uploads\/2023\/03\/logo_ministerio_para_la_transicion_ecologica_y_el_reto_demografico_300w.png\" class=\"attachment-medium size-medium wp-image-7138\" alt=\"Ministerio para la Transici\u00f3n Ecol\u00f3gica y el Reto Demogr\u00e1fico.\" \/>\t\t\t\t\t\t\t\t\t\t\t\t\t\t\t<\/div>\n\t\t\t\t<\/div>\n\t\t\t\t<div class=\"elementor-element elementor-element-610b2f7 elementor-widget elementor-widget-image\" data-id=\"610b2f7\" data-element_type=\"widget\" data-e-type=\"widget\" data-widget_type=\"image.default\">\n\t\t\t\t<div class=\"elementor-widget-container\">\n\t\t\t\t\t\t\t\t\t\t\t\t\t\t\t<img loading=\"lazy\" decoding=\"async\" width=\"300\" height=\"108\" src=\"https:\/\/nextgeneration.paeria.cat\/web\/wp-content\/uploads\/2023\/03\/idae_300w.png\" class=\"attachment-medium size-medium wp-image-7139\" alt=\"IDAE. Instituto para la Diversificaci\u00f3n y Ahorro de la Energ\u00eda.\" \/>\t\t\t\t\t\t\t\t\t\t\t\t\t\t\t<\/div>\n\t\t\t\t<\/div>\n\t\t\t\t<div class=\"elementor-element elementor-element-5402bca elementor-widget elementor-widget-image\" data-id=\"5402bca\" data-element_type=\"widget\" data-e-type=\"widget\" data-widget_type=\"image.default\">\n\t\t\t\t<div class=\"elementor-widget-container\">\n\t\t\t\t\t\t\t\t\t\t\t\t\t\t\t<img loading=\"lazy\" decoding=\"async\" width=\"300\" height=\"80\" src=\"https:\/\/nextgeneration.paeria.cat\/web\/wp-content\/uploads\/2023\/11\/NextGenerationCatalunya-300x80.jpg\" class=\"attachment-medium size-medium wp-image-5045\" alt=\"\" srcset=\"https:\/\/nextgeneration.paeria.cat\/web\/wp-content\/uploads\/2023\/11\/NextGenerationCatalunya-300x80.jpg 300w, https:\/\/nextgeneration.paeria.cat\/web\/wp-content\/uploads\/2023\/11\/NextGenerationCatalunya-1024x271.jpg 1024w, https:\/\/nextgeneration.paeria.cat\/web\/wp-content\/uploads\/2023\/11\/NextGenerationCatalunya-768x204.jpg 768w, https:\/\/nextgeneration.paeria.cat\/web\/wp-content\/uploads\/2023\/11\/NextGenerationCatalunya.jpg 1026w\" sizes=\"(max-width: 300px) 100vw, 300px\" \/>\t\t\t\t\t\t\t\t\t\t\t\t\t\t\t<\/div>\n\t\t\t\t<\/div>\n\t\t\t\t<div class=\"elementor-element elementor-element-eccec76 elementor-widget elementor-widget-image\" data-id=\"eccec76\" data-element_type=\"widget\" data-e-type=\"widget\" data-widget_type=\"image.default\">\n\t\t\t\t<div class=\"elementor-widget-container\">\n\t\t\t\t\t\t\t\t\t\t\t\t\t\t\t<img loading=\"lazy\" decoding=\"async\" width=\"300\" height=\"68\" src=\"https:\/\/nextgeneration.paeria.cat\/web\/wp-content\/uploads\/2024\/02\/icaen_h3-300x68.png\" class=\"attachment-medium size-medium wp-image-5719\" alt=\"Institut Catal\u00e0 de l&#039;Energia\" srcset=\"https:\/\/nextgeneration.paeria.cat\/web\/wp-content\/uploads\/2024\/02\/icaen_h3-300x68.png 300w, https:\/\/nextgeneration.paeria.cat\/web\/wp-content\/uploads\/2024\/02\/icaen_h3.png 471w\" sizes=\"(max-width: 300px) 100vw, 300px\" \/>\t\t\t\t\t\t\t\t\t\t\t\t\t\t\t<\/div>\n\t\t\t\t<\/div>\n\t\t\t\t\t<\/div>\n\t\t<\/div>\n\t\t\t\t\t<\/div>\n\t\t<\/section>\n\t\t\t\t<section class=\"elementor-section elementor-top-section elementor-element elementor-element-d122e75 elementor-section-boxed elementor-section-height-default elementor-section-height-default\" data-id=\"d122e75\" data-element_type=\"section\" data-e-type=\"section\">\n\t\t\t\t\t\t<div class=\"elementor-container elementor-column-gap-default\">\n\t\t\t\t\t<div class=\"elementor-column elementor-col-100 elementor-top-column elementor-element elementor-element-1b7d3f3\" data-id=\"1b7d3f3\" data-element_type=\"column\" data-e-type=\"column\">\n\t\t\t<div class=\"elementor-widget-wrap elementor-element-populated\">\n\t\t\t\t\t\t<div class=\"elementor-element elementor-element-89abddb elementor-widget elementor-widget-spacer\" data-id=\"89abddb\" data-element_type=\"widget\" data-e-type=\"widget\" data-widget_type=\"spacer.default\">\n\t\t\t\t<div class=\"elementor-widget-container\">\n\t\t\t\t\t\t\t<div class=\"elementor-spacer\">\n\t\t\t<div class=\"elementor-spacer-inner\"><\/div>\n\t\t<\/div>\n\t\t\t\t\t\t<\/div>\n\t\t\t\t<\/div>\n\t\t\t\t\t<\/div>\n\t\t<\/div>\n\t\t\t\t\t<\/div>\n\t\t<\/section>\n\t\t\t\t<section class=\"elementor-section elementor-top-section elementor-element elementor-element-e99eaaa elementor-section-boxed elementor-section-height-default elementor-section-height-default\" data-id=\"e99eaaa\" data-element_type=\"section\" data-e-type=\"section\">\n\t\t\t\t\t\t<div class=\"elementor-container elementor-column-gap-default\">\n\t\t\t\t\t<div class=\"elementor-column elementor-col-100 elementor-top-column elementor-element elementor-element-ff2ee7c\" data-id=\"ff2ee7c\" data-element_type=\"column\" data-e-type=\"column\">\n\t\t\t<div class=\"elementor-widget-wrap elementor-element-populated\">\n\t\t\t\t\t\t<div class=\"elementor-element elementor-element-cd09ea2 elementor-widget elementor-widget-image\" data-id=\"cd09ea2\" data-element_type=\"widget\" data-e-type=\"widget\" data-widget_type=\"image.default\">\n\t\t\t\t<div class=\"elementor-widget-container\">\n\t\t\t\t\t\t\t\t\t\t\t\t\t\t\t\t<a href=\"https:\/\/nextgeneration.paeria.cat\/web\/wp-content\/uploads\/2023\/03\/proposta-educacio-climatitzacio.png\" data-elementor-open-lightbox=\"yes\" data-elementor-lightbox-title=\"Pl\u00e0nol de proposta de reforma de climatitzaci\u00f3\" data-elementor-lightbox-description=\"Pl\u00e0nol de proposta de reforma de climatitzaci\u00f3\" data-e-action-hash=\"#elementor-action%3Aaction%3Dlightbox%26settings%3DeyJpZCI6MzE5NywidXJsIjoiaHR0cHM6XC9cL25leHRnZW5lcmF0aW9uLnBhZXJpYS5jYXRcL3dlYlwvd3AtY29udGVudFwvdXBsb2Fkc1wvMjAyM1wvMDNcL3Byb3Bvc3RhLWVkdWNhY2lvLWNsaW1hdGl0emFjaW8ucG5nIn0%3D\">\n\t\t\t\t\t\t\t<img loading=\"lazy\" decoding=\"async\" width=\"768\" height=\"562\" src=\"https:\/\/nextgeneration.paeria.cat\/web\/wp-content\/uploads\/2023\/03\/proposta-educacio-climatitzacio-768x562.png\" class=\"attachment-medium_large size-medium_large wp-image-3197\" alt=\"Pl\u00e0nol de proposta de reforma de climatitzaci\u00f3\" srcset=\"https:\/\/nextgeneration.paeria.cat\/web\/wp-content\/uploads\/2023\/03\/proposta-educacio-climatitzacio-768x562.png 768w, https:\/\/nextgeneration.paeria.cat\/web\/wp-content\/uploads\/2023\/03\/proposta-educacio-climatitzacio-300x220.png 300w, https:\/\/nextgeneration.paeria.cat\/web\/wp-content\/uploads\/2023\/03\/proposta-educacio-climatitzacio-1024x749.png 1024w, https:\/\/nextgeneration.paeria.cat\/web\/wp-content\/uploads\/2023\/03\/proposta-educacio-climatitzacio.png 1107w\" sizes=\"(max-width: 768px) 100vw, 768px\" \/>\t\t\t\t\t\t\t\t<\/a>\n\t\t\t\t\t\t\t\t\t\t\t\t\t\t\t<\/div>\n\t\t\t\t<\/div>\n\t\t\t\t\t<\/div>\n\t\t<\/div>\n\t\t\t\t\t<\/div>\n\t\t<\/section>\n\t\t\t\t<\/div>\n\t\t","protected":false},"excerpt":{"rendered":"<p>Inici Projectes Next Generation Paeria Projectes concedits\u00a0 Projecte de substituci\u00f3 del sistema de climatitzaci\u00f3 de la Regidoria d&#8217;Educaci\u00f3 Durada i assoliment del projecte:Mar\u00e7 2024 &#8211; Mar\u00e7 2026 Realitzat 100% Descripci\u00f3 El projecte planteja la substituci\u00f3 de les dues bombes de calor reversibles d\u2019aire-aigua que actualment hi ha a la Regidoria d&#8217;Educaci\u00f3 (abans, Institut Municipal d\u2019Educaci\u00f3 &#8230; <a title=\"Projecte de substituci\u00f3 del sistema de climatitzaci\u00f3 de la Regidoria d&#8217;Educaci\u00f3\" class=\"read-more\" href=\"https:\/\/nextgeneration.paeria.cat\/web\/projecte-de-substitucio-del-sistema-de-climatitzacio-de-la-regidoria-deducacio\/\" aria-label=\"M\u00e9s informaci\u00f3 sobre Projecte de substituci\u00f3 del sistema de climatitzaci\u00f3 de la Regidoria d&#8217;Educaci\u00f3\">Llegiu m\u00e9s<\/a><\/p>\n","protected":false},"author":2,"featured_media":0,"comment_status":"closed","ping_status":"closed","sticky":false,"template":"","format":"standard","meta":{"_sitemap_exclude":false,"_sitemap_priority":"","_sitemap_frequency":"","footnotes":""},"categories":[23,3,5],"tags":[],"class_list":["post-3195","post","type-post","status-publish","format-standard","hentry","category-concedit","category-propostes","category-pp-next-generation-lleida-paeria"],"yoast_head":"<!-- This site is optimized with the Yoast SEO plugin v27.5 - https:\/\/yoast.com\/product\/yoast-seo-wordpress\/ -->\n<title>Projecte de substituci\u00f3 del sistema de climatitzaci\u00f3 de la Regidoria d&#039;Educaci\u00f3 - Next Generation Lleida - Propostes de projectes - La Paeria - Ajuntament de Lleida<\/title>\n<meta name=\"robots\" content=\"index, follow, max-snippet:-1, max-image-preview:large, max-video-preview:-1\" \/>\n<link rel=\"canonical\" href=\"https:\/\/nextgeneration.paeria.cat\/web\/projecte-de-substitucio-del-sistema-de-climatitzacio-de-la-regidoria-deducacio\/\" \/>\n<meta property=\"og:locale\" content=\"ca_ES\" \/>\n<meta property=\"og:type\" content=\"article\" \/>\n<meta property=\"og:title\" content=\"Projecte de substituci\u00f3 del sistema de climatitzaci\u00f3 de la Regidoria d&#039;Educaci\u00f3 - Next Generation Lleida - Propostes de projectes - La Paeria - Ajuntament de Lleida\" \/>\n<meta property=\"og:description\" content=\"Inici Projectes Next Generation Paeria Projectes concedits\u00a0 Projecte de substituci\u00f3 del sistema de climatitzaci\u00f3 de la Regidoria d&#8217;Educaci\u00f3 Durada i assoliment del projecte:Mar\u00e7 2024 &#8211; Mar\u00e7 2026 Realitzat 100% Descripci\u00f3 El projecte planteja la substituci\u00f3 de les dues bombes de calor reversibles d\u2019aire-aigua que actualment hi ha a la Regidoria d&#8217;Educaci\u00f3 (abans, Institut Municipal d\u2019Educaci\u00f3 ... Llegiu m\u00e9s\" \/>\n<meta property=\"og:url\" content=\"https:\/\/nextgeneration.paeria.cat\/web\/projecte-de-substitucio-del-sistema-de-climatitzacio-de-la-regidoria-deducacio\/\" \/>\n<meta property=\"og:site_name\" content=\"Next Generation Lleida - Propostes de projectes - La Paeria - Ajuntament de Lleida\" \/>\n<meta property=\"article:published_time\" content=\"2023-03-27T11:11:00+00:00\" \/>\n<meta property=\"article:modified_time\" content=\"2026-03-10T13:52:47+00:00\" \/>\n<meta property=\"og:image\" content=\"https:\/\/nextgeneration.paeria.cat\/web\/wp-content\/uploads\/2021\/05\/li-color_15.png\" \/>\n<meta name=\"author\" content=\"admin-nextgeneration\" \/>\n<meta name=\"twitter:card\" content=\"summary_large_image\" \/>\n<meta name=\"twitter:label1\" content=\"Escrit per\" \/>\n\t<meta name=\"twitter:data1\" content=\"admin-nextgeneration\" \/>\n\t<meta name=\"twitter:label2\" content=\"Temps estimat de lectura\" \/>\n\t<meta name=\"twitter:data2\" content=\"4 minuts\" \/>\n<script type=\"application\/ld+json\" class=\"yoast-schema-graph\">{\"@context\":\"https:\\\/\\\/schema.org\",\"@graph\":[{\"@type\":\"Article\",\"@id\":\"https:\\\/\\\/nextgeneration.paeria.cat\\\/web\\\/projecte-de-substitucio-del-sistema-de-climatitzacio-de-la-regidoria-deducacio\\\/#article\",\"isPartOf\":{\"@id\":\"https:\\\/\\\/nextgeneration.paeria.cat\\\/web\\\/projecte-de-substitucio-del-sistema-de-climatitzacio-de-la-regidoria-deducacio\\\/\"},\"author\":{\"name\":\"admin-nextgeneration\",\"@id\":\"https:\\\/\\\/nextgeneration.paeria.cat\\\/web\\\/#\\\/schema\\\/person\\\/a12a490165bc044605332926bbdc1189\"},\"headline\":\"Projecte de substituci\u00f3 del sistema de climatitzaci\u00f3 de la Regidoria d&#8217;Educaci\u00f3\",\"datePublished\":\"2023-03-27T11:11:00+00:00\",\"dateModified\":\"2026-03-10T13:52:47+00:00\",\"mainEntityOfPage\":{\"@id\":\"https:\\\/\\\/nextgeneration.paeria.cat\\\/web\\\/projecte-de-substitucio-del-sistema-de-climatitzacio-de-la-regidoria-deducacio\\\/\"},\"wordCount\":334,\"publisher\":{\"@id\":\"https:\\\/\\\/nextgeneration.paeria.cat\\\/web\\\/#organization\"},\"image\":{\"@id\":\"https:\\\/\\\/nextgeneration.paeria.cat\\\/web\\\/projecte-de-substitucio-del-sistema-de-climatitzacio-de-la-regidoria-deducacio\\\/#primaryimage\"},\"thumbnailUrl\":\"https:\\\/\\\/nextgeneration.paeria.cat\\\/web\\\/wp-content\\\/uploads\\\/2021\\\/05\\\/li-color_15.png\",\"articleSection\":[\"Concedit\",\"Propostes\",\"Propostes de projectes Paeria\"],\"inLanguage\":\"ca\"},{\"@type\":\"WebPage\",\"@id\":\"https:\\\/\\\/nextgeneration.paeria.cat\\\/web\\\/projecte-de-substitucio-del-sistema-de-climatitzacio-de-la-regidoria-deducacio\\\/\",\"url\":\"https:\\\/\\\/nextgeneration.paeria.cat\\\/web\\\/projecte-de-substitucio-del-sistema-de-climatitzacio-de-la-regidoria-deducacio\\\/\",\"name\":\"Projecte de substituci\u00f3 del sistema de climatitzaci\u00f3 de la Regidoria d'Educaci\u00f3 - Next Generation Lleida - Propostes de projectes - La Paeria - Ajuntament de Lleida\",\"isPartOf\":{\"@id\":\"https:\\\/\\\/nextgeneration.paeria.cat\\\/web\\\/#website\"},\"primaryImageOfPage\":{\"@id\":\"https:\\\/\\\/nextgeneration.paeria.cat\\\/web\\\/projecte-de-substitucio-del-sistema-de-climatitzacio-de-la-regidoria-deducacio\\\/#primaryimage\"},\"image\":{\"@id\":\"https:\\\/\\\/nextgeneration.paeria.cat\\\/web\\\/projecte-de-substitucio-del-sistema-de-climatitzacio-de-la-regidoria-deducacio\\\/#primaryimage\"},\"thumbnailUrl\":\"https:\\\/\\\/nextgeneration.paeria.cat\\\/web\\\/wp-content\\\/uploads\\\/2021\\\/05\\\/li-color_15.png\",\"datePublished\":\"2023-03-27T11:11:00+00:00\",\"dateModified\":\"2026-03-10T13:52:47+00:00\",\"breadcrumb\":{\"@id\":\"https:\\\/\\\/nextgeneration.paeria.cat\\\/web\\\/projecte-de-substitucio-del-sistema-de-climatitzacio-de-la-regidoria-deducacio\\\/#breadcrumb\"},\"inLanguage\":\"ca\",\"potentialAction\":[{\"@type\":\"ReadAction\",\"target\":[\"https:\\\/\\\/nextgeneration.paeria.cat\\\/web\\\/projecte-de-substitucio-del-sistema-de-climatitzacio-de-la-regidoria-deducacio\\\/\"]}]},{\"@type\":\"ImageObject\",\"inLanguage\":\"ca\",\"@id\":\"https:\\\/\\\/nextgeneration.paeria.cat\\\/web\\\/projecte-de-substitucio-del-sistema-de-climatitzacio-de-la-regidoria-deducacio\\\/#primaryimage\",\"url\":\"https:\\\/\\\/nextgeneration.paeria.cat\\\/web\\\/wp-content\\\/uploads\\\/2021\\\/05\\\/li-color_15.png\",\"contentUrl\":\"https:\\\/\\\/nextgeneration.paeria.cat\\\/web\\\/wp-content\\\/uploads\\\/2021\\\/05\\\/li-color_15.png\",\"width\":8,\"height\":19},{\"@type\":\"BreadcrumbList\",\"@id\":\"https:\\\/\\\/nextgeneration.paeria.cat\\\/web\\\/projecte-de-substitucio-del-sistema-de-climatitzacio-de-la-regidoria-deducacio\\\/#breadcrumb\",\"itemListElement\":[{\"@type\":\"ListItem\",\"position\":1,\"name\":\"Inici\",\"item\":\"https:\\\/\\\/nextgeneration.paeria.cat\\\/web\\\/\"},{\"@type\":\"ListItem\",\"position\":2,\"name\":\"Projecte de substituci\u00f3 del sistema de climatitzaci\u00f3 de la Regidoria d&#8217;Educaci\u00f3\"}]},{\"@type\":\"WebSite\",\"@id\":\"https:\\\/\\\/nextgeneration.paeria.cat\\\/web\\\/#website\",\"url\":\"https:\\\/\\\/nextgeneration.paeria.cat\\\/web\\\/\",\"name\":\"Next Generation Lleida - Propostes de projectes - La Paeria - Ajuntament de Lleida\",\"description\":\"\",\"publisher\":{\"@id\":\"https:\\\/\\\/nextgeneration.paeria.cat\\\/web\\\/#organization\"},\"potentialAction\":[{\"@type\":\"SearchAction\",\"target\":{\"@type\":\"EntryPoint\",\"urlTemplate\":\"https:\\\/\\\/nextgeneration.paeria.cat\\\/web\\\/?s={search_term_string}\"},\"query-input\":{\"@type\":\"PropertyValueSpecification\",\"valueRequired\":true,\"valueName\":\"search_term_string\"}}],\"inLanguage\":\"ca\"},{\"@type\":\"Organization\",\"@id\":\"https:\\\/\\\/nextgeneration.paeria.cat\\\/web\\\/#organization\",\"name\":\"Next Generation Lleida - Propostes de projectes - La Paeria - Ajuntament de Lleida\",\"url\":\"https:\\\/\\\/nextgeneration.paeria.cat\\\/web\\\/\",\"logo\":{\"@type\":\"ImageObject\",\"inLanguage\":\"ca\",\"@id\":\"https:\\\/\\\/nextgeneration.paeria.cat\\\/web\\\/#\\\/schema\\\/logo\\\/image\\\/\",\"url\":\"https:\\\/\\\/nextgeneration.paeria.cat\\\/web\\\/wp-content\\\/uploads\\\/2023\\\/09\\\/cropped-titol.png\",\"contentUrl\":\"https:\\\/\\\/nextgeneration.paeria.cat\\\/web\\\/wp-content\\\/uploads\\\/2023\\\/09\\\/cropped-titol.png\",\"width\":1100,\"height\":220,\"caption\":\"Next Generation Lleida - Propostes de projectes - La Paeria - Ajuntament de Lleida\"},\"image\":{\"@id\":\"https:\\\/\\\/nextgeneration.paeria.cat\\\/web\\\/#\\\/schema\\\/logo\\\/image\\\/\"}},{\"@type\":\"Person\",\"@id\":\"https:\\\/\\\/nextgeneration.paeria.cat\\\/web\\\/#\\\/schema\\\/person\\\/a12a490165bc044605332926bbdc1189\",\"name\":\"admin-nextgeneration\",\"image\":{\"@type\":\"ImageObject\",\"inLanguage\":\"ca\",\"@id\":\"https:\\\/\\\/secure.gravatar.com\\\/avatar\\\/01bed9d6851a1f9c8ab5eb704ab3e7882815867f87a0ef562e77261bef722cbe?s=96&d=mm&r=g\",\"url\":\"https:\\\/\\\/secure.gravatar.com\\\/avatar\\\/01bed9d6851a1f9c8ab5eb704ab3e7882815867f87a0ef562e77261bef722cbe?s=96&d=mm&r=g\",\"contentUrl\":\"https:\\\/\\\/secure.gravatar.com\\\/avatar\\\/01bed9d6851a1f9c8ab5eb704ab3e7882815867f87a0ef562e77261bef722cbe?s=96&d=mm&r=g\",\"caption\":\"admin-nextgeneration\"}}]}<\/script>\n<!-- \/ Yoast SEO plugin. -->","yoast_head_json":{"title":"Projecte de substituci\u00f3 del sistema de climatitzaci\u00f3 de la Regidoria d'Educaci\u00f3 - Next Generation Lleida - Propostes de projectes - La Paeria - Ajuntament de Lleida","robots":{"index":"index","follow":"follow","max-snippet":"max-snippet:-1","max-image-preview":"max-image-preview:large","max-video-preview":"max-video-preview:-1"},"canonical":"https:\/\/nextgeneration.paeria.cat\/web\/projecte-de-substitucio-del-sistema-de-climatitzacio-de-la-regidoria-deducacio\/","og_locale":"ca_ES","og_type":"article","og_title":"Projecte de substituci\u00f3 del sistema de climatitzaci\u00f3 de la Regidoria d'Educaci\u00f3 - Next Generation Lleida - Propostes de projectes - La Paeria - Ajuntament de Lleida","og_description":"Inici Projectes Next Generation Paeria Projectes concedits\u00a0 Projecte de substituci\u00f3 del sistema de climatitzaci\u00f3 de la Regidoria d&#8217;Educaci\u00f3 Durada i assoliment del projecte:Mar\u00e7 2024 &#8211; Mar\u00e7 2026 Realitzat 100% Descripci\u00f3 El projecte planteja la substituci\u00f3 de les dues bombes de calor reversibles d\u2019aire-aigua que actualment hi ha a la Regidoria d&#8217;Educaci\u00f3 (abans, Institut Municipal d\u2019Educaci\u00f3 ... Llegiu m\u00e9s","og_url":"https:\/\/nextgeneration.paeria.cat\/web\/projecte-de-substitucio-del-sistema-de-climatitzacio-de-la-regidoria-deducacio\/","og_site_name":"Next Generation Lleida - Propostes de projectes - La Paeria - Ajuntament de Lleida","article_published_time":"2023-03-27T11:11:00+00:00","article_modified_time":"2026-03-10T13:52:47+00:00","og_image":[{"url":"https:\/\/nextgeneration.paeria.cat\/web\/wp-content\/uploads\/2021\/05\/li-color_15.png","type":"","width":"","height":""}],"author":"admin-nextgeneration","twitter_card":"summary_large_image","twitter_misc":{"Escrit per":"admin-nextgeneration","Temps estimat de lectura":"4 minuts"},"schema":{"@context":"https:\/\/schema.org","@graph":[{"@type":"Article","@id":"https:\/\/nextgeneration.paeria.cat\/web\/projecte-de-substitucio-del-sistema-de-climatitzacio-de-la-regidoria-deducacio\/#article","isPartOf":{"@id":"https:\/\/nextgeneration.paeria.cat\/web\/projecte-de-substitucio-del-sistema-de-climatitzacio-de-la-regidoria-deducacio\/"},"author":{"name":"admin-nextgeneration","@id":"https:\/\/nextgeneration.paeria.cat\/web\/#\/schema\/person\/a12a490165bc044605332926bbdc1189"},"headline":"Projecte de substituci\u00f3 del sistema de climatitzaci\u00f3 de la Regidoria d&#8217;Educaci\u00f3","datePublished":"2023-03-27T11:11:00+00:00","dateModified":"2026-03-10T13:52:47+00:00","mainEntityOfPage":{"@id":"https:\/\/nextgeneration.paeria.cat\/web\/projecte-de-substitucio-del-sistema-de-climatitzacio-de-la-regidoria-deducacio\/"},"wordCount":334,"publisher":{"@id":"https:\/\/nextgeneration.paeria.cat\/web\/#organization"},"image":{"@id":"https:\/\/nextgeneration.paeria.cat\/web\/projecte-de-substitucio-del-sistema-de-climatitzacio-de-la-regidoria-deducacio\/#primaryimage"},"thumbnailUrl":"https:\/\/nextgeneration.paeria.cat\/web\/wp-content\/uploads\/2021\/05\/li-color_15.png","articleSection":["Concedit","Propostes","Propostes de projectes Paeria"],"inLanguage":"ca"},{"@type":"WebPage","@id":"https:\/\/nextgeneration.paeria.cat\/web\/projecte-de-substitucio-del-sistema-de-climatitzacio-de-la-regidoria-deducacio\/","url":"https:\/\/nextgeneration.paeria.cat\/web\/projecte-de-substitucio-del-sistema-de-climatitzacio-de-la-regidoria-deducacio\/","name":"Projecte de substituci\u00f3 del sistema de climatitzaci\u00f3 de la Regidoria d'Educaci\u00f3 - Next Generation Lleida - Propostes de projectes - La Paeria - Ajuntament de Lleida","isPartOf":{"@id":"https:\/\/nextgeneration.paeria.cat\/web\/#website"},"primaryImageOfPage":{"@id":"https:\/\/nextgeneration.paeria.cat\/web\/projecte-de-substitucio-del-sistema-de-climatitzacio-de-la-regidoria-deducacio\/#primaryimage"},"image":{"@id":"https:\/\/nextgeneration.paeria.cat\/web\/projecte-de-substitucio-del-sistema-de-climatitzacio-de-la-regidoria-deducacio\/#primaryimage"},"thumbnailUrl":"https:\/\/nextgeneration.paeria.cat\/web\/wp-content\/uploads\/2021\/05\/li-color_15.png","datePublished":"2023-03-27T11:11:00+00:00","dateModified":"2026-03-10T13:52:47+00:00","breadcrumb":{"@id":"https:\/\/nextgeneration.paeria.cat\/web\/projecte-de-substitucio-del-sistema-de-climatitzacio-de-la-regidoria-deducacio\/#breadcrumb"},"inLanguage":"ca","potentialAction":[{"@type":"ReadAction","target":["https:\/\/nextgeneration.paeria.cat\/web\/projecte-de-substitucio-del-sistema-de-climatitzacio-de-la-regidoria-deducacio\/"]}]},{"@type":"ImageObject","inLanguage":"ca","@id":"https:\/\/nextgeneration.paeria.cat\/web\/projecte-de-substitucio-del-sistema-de-climatitzacio-de-la-regidoria-deducacio\/#primaryimage","url":"https:\/\/nextgeneration.paeria.cat\/web\/wp-content\/uploads\/2021\/05\/li-color_15.png","contentUrl":"https:\/\/nextgeneration.paeria.cat\/web\/wp-content\/uploads\/2021\/05\/li-color_15.png","width":8,"height":19},{"@type":"BreadcrumbList","@id":"https:\/\/nextgeneration.paeria.cat\/web\/projecte-de-substitucio-del-sistema-de-climatitzacio-de-la-regidoria-deducacio\/#breadcrumb","itemListElement":[{"@type":"ListItem","position":1,"name":"Inici","item":"https:\/\/nextgeneration.paeria.cat\/web\/"},{"@type":"ListItem","position":2,"name":"Projecte de substituci\u00f3 del sistema de climatitzaci\u00f3 de la Regidoria d&#8217;Educaci\u00f3"}]},{"@type":"WebSite","@id":"https:\/\/nextgeneration.paeria.cat\/web\/#website","url":"https:\/\/nextgeneration.paeria.cat\/web\/","name":"Next Generation Lleida - Propostes de projectes - La Paeria - Ajuntament de Lleida","description":"","publisher":{"@id":"https:\/\/nextgeneration.paeria.cat\/web\/#organization"},"potentialAction":[{"@type":"SearchAction","target":{"@type":"EntryPoint","urlTemplate":"https:\/\/nextgeneration.paeria.cat\/web\/?s={search_term_string}"},"query-input":{"@type":"PropertyValueSpecification","valueRequired":true,"valueName":"search_term_string"}}],"inLanguage":"ca"},{"@type":"Organization","@id":"https:\/\/nextgeneration.paeria.cat\/web\/#organization","name":"Next Generation Lleida - Propostes de projectes - La Paeria - Ajuntament de Lleida","url":"https:\/\/nextgeneration.paeria.cat\/web\/","logo":{"@type":"ImageObject","inLanguage":"ca","@id":"https:\/\/nextgeneration.paeria.cat\/web\/#\/schema\/logo\/image\/","url":"https:\/\/nextgeneration.paeria.cat\/web\/wp-content\/uploads\/2023\/09\/cropped-titol.png","contentUrl":"https:\/\/nextgeneration.paeria.cat\/web\/wp-content\/uploads\/2023\/09\/cropped-titol.png","width":1100,"height":220,"caption":"Next Generation Lleida - Propostes de projectes - La Paeria - Ajuntament de Lleida"},"image":{"@id":"https:\/\/nextgeneration.paeria.cat\/web\/#\/schema\/logo\/image\/"}},{"@type":"Person","@id":"https:\/\/nextgeneration.paeria.cat\/web\/#\/schema\/person\/a12a490165bc044605332926bbdc1189","name":"admin-nextgeneration","image":{"@type":"ImageObject","inLanguage":"ca","@id":"https:\/\/secure.gravatar.com\/avatar\/01bed9d6851a1f9c8ab5eb704ab3e7882815867f87a0ef562e77261bef722cbe?s=96&d=mm&r=g","url":"https:\/\/secure.gravatar.com\/avatar\/01bed9d6851a1f9c8ab5eb704ab3e7882815867f87a0ef562e77261bef722cbe?s=96&d=mm&r=g","contentUrl":"https:\/\/secure.gravatar.com\/avatar\/01bed9d6851a1f9c8ab5eb704ab3e7882815867f87a0ef562e77261bef722cbe?s=96&d=mm&r=g","caption":"admin-nextgeneration"}}]}},"_links":{"self":[{"href":"https:\/\/nextgeneration.paeria.cat\/web\/wp-json\/wp\/v2\/posts\/3195","targetHints":{"allow":["GET"]}}],"collection":[{"href":"https:\/\/nextgeneration.paeria.cat\/web\/wp-json\/wp\/v2\/posts"}],"about":[{"href":"https:\/\/nextgeneration.paeria.cat\/web\/wp-json\/wp\/v2\/types\/post"}],"author":[{"embeddable":true,"href":"https:\/\/nextgeneration.paeria.cat\/web\/wp-json\/wp\/v2\/users\/2"}],"replies":[{"embeddable":true,"href":"https:\/\/nextgeneration.paeria.cat\/web\/wp-json\/wp\/v2\/comments?post=3195"}],"version-history":[{"count":60,"href":"https:\/\/nextgeneration.paeria.cat\/web\/wp-json\/wp\/v2\/posts\/3195\/revisions"}],"predecessor-version":[{"id":8609,"href":"https:\/\/nextgeneration.paeria.cat\/web\/wp-json\/wp\/v2\/posts\/3195\/revisions\/8609"}],"wp:attachment":[{"href":"https:\/\/nextgeneration.paeria.cat\/web\/wp-json\/wp\/v2\/media?parent=3195"}],"wp:term":[{"taxonomy":"category","embeddable":true,"href":"https:\/\/nextgeneration.paeria.cat\/web\/wp-json\/wp\/v2\/categories?post=3195"},{"taxonomy":"post_tag","embeddable":true,"href":"https:\/\/nextgeneration.paeria.cat\/web\/wp-json\/wp\/v2\/tags?post=3195"}],"curies":[{"name":"wp","href":"https:\/\/api.w.org\/{rel}","templated":true}]}}