{"id":3530,"date":"2023-04-21T12:22:23","date_gmt":"2023-04-21T10:22:23","guid":{"rendered":"https:\/\/nextgeneration.paeria.cat\/web\/?p=3530"},"modified":"2025-08-06T13:59:44","modified_gmt":"2025-08-06T11:59:44","slug":"projecte-impuls-digital-linia-1","status":"publish","type":"post","link":"https:\/\/nextgeneration.paeria.cat\/web\/projecte-impuls-digital-linia-1\/","title":{"rendered":"Projecte Impuls digital &#8211; L\u00ednia 1"},"content":{"rendered":"\t\t<div data-elementor-type=\"wp-post\" data-elementor-id=\"3530\" class=\"elementor elementor-3530\">\n\t\t\t\t\t\t<section class=\"elementor-section elementor-top-section elementor-element elementor-element-104e94a elementor-section-boxed elementor-section-height-default elementor-section-height-default\" data-id=\"104e94a\" data-element_type=\"section\" data-e-type=\"section\">\n\t\t\t\t\t\t<div class=\"elementor-container elementor-column-gap-default\">\n\t\t\t\t\t<div class=\"elementor-column elementor-col-100 elementor-top-column elementor-element elementor-element-d52b4cb\" data-id=\"d52b4cb\" data-element_type=\"column\" data-e-type=\"column\">\n\t\t\t<div class=\"elementor-widget-wrap elementor-element-populated\">\n\t\t\t\t\t\t<div class=\"elementor-element elementor-element-3c53cdf elementor-widget elementor-widget-text-editor\" data-id=\"3c53cdf\" data-element_type=\"widget\" data-e-type=\"widget\" data-widget_type=\"text-editor.default\">\n\t\t\t\t<div class=\"elementor-widget-container\">\n\t\t\t\t\t\t\t\t\t<p><a href=\"https:\/\/nextgeneration.paeria.cat\/web\/\">Inici <\/a><img decoding=\"async\" src=\"https:\/\/nextgeneration.paeria.cat\/web\/wp-content\/uploads\/2021\/05\/li-color_15.png\" \/> Projectes <img decoding=\"async\" src=\"https:\/\/nextgeneration.paeria.cat\/web\/wp-content\/uploads\/2021\/05\/li-color_15.png\" \/> <a href=\"https:\/\/nextgeneration.paeria.cat\/web\/projectes-next-generation-dorganismes-vinculats-a-la-paeria\/\">Projectes Next Generation d&#8217;Organismes Vinculats Paeria<\/a>\u00a0<img decoding=\"async\" src=\"https:\/\/nextgeneration.paeria.cat\/web\/wp-content\/uploads\/2021\/05\/li-color_15.png\" \/> Projectes concedits <img decoding=\"async\" src=\"https:\/\/nextgeneration.paeria.cat\/web\/wp-content\/uploads\/2021\/05\/li-color_15.png\" \/> Projecte Impuls digital &#8211; L\u00ednia 1<\/p>\t\t\t\t\t\t\t\t<\/div>\n\t\t\t\t<\/div>\n\t\t\t\t\t<\/div>\n\t\t<\/div>\n\t\t\t\t\t<\/div>\n\t\t<\/section>\n\t\t\t\t<section class=\"elementor-section elementor-top-section elementor-element elementor-element-e0fa114 elementor-section-boxed elementor-section-height-default elementor-section-height-default\" data-id=\"e0fa114\" data-element_type=\"section\" data-e-type=\"section\">\n\t\t\t\t\t\t<div class=\"elementor-container elementor-column-gap-default\">\n\t\t\t\t\t<div class=\"elementor-column elementor-col-100 elementor-top-column elementor-element elementor-element-cd77379\" data-id=\"cd77379\" data-element_type=\"column\" data-e-type=\"column\">\n\t\t\t<div class=\"elementor-widget-wrap elementor-element-populated\">\n\t\t\t\t\t\t<div class=\"elementor-element elementor-element-644c889 elementor-widget elementor-widget-image\" data-id=\"644c889\" data-element_type=\"widget\" data-e-type=\"widget\" data-widget_type=\"image.default\">\n\t\t\t\t<div class=\"elementor-widget-container\">\n\t\t\t\t\t\t\t\t\t\t\t\t\t\t\t<img decoding=\"async\" src=\"https:\/\/nextgeneration.paeria.cat\/web\/wp-content\/uploads\/2021\/05\/apartat15.png\" title=\"\" alt=\"\" loading=\"lazy\" \/>\t\t\t\t\t\t\t\t\t\t\t\t\t\t\t<\/div>\n\t\t\t\t<\/div>\n\t\t\t\t\t<\/div>\n\t\t<\/div>\n\t\t\t\t\t<\/div>\n\t\t<\/section>\n\t\t\t\t<section class=\"elementor-section elementor-top-section elementor-element elementor-element-bcf43ec elementor-section-content-middle elementor-section-boxed elementor-section-height-default elementor-section-height-default\" data-id=\"bcf43ec\" data-element_type=\"section\" data-e-type=\"section\">\n\t\t\t\t\t\t\t<div class=\"elementor-background-overlay\"><\/div>\n\t\t\t\t\t\t\t<div class=\"elementor-container elementor-column-gap-default\">\n\t\t\t\t\t<div class=\"elementor-column elementor-col-100 elementor-top-column elementor-element elementor-element-d0f6fcb\" data-id=\"d0f6fcb\" data-element_type=\"column\" data-e-type=\"column\">\n\t\t\t<div class=\"elementor-widget-wrap elementor-element-populated\">\n\t\t\t\t\t\t<div class=\"elementor-element elementor-element-ed2f830 elementor-widget elementor-widget-text-editor\" data-id=\"ed2f830\" data-element_type=\"widget\" data-e-type=\"widget\" data-widget_type=\"text-editor.default\">\n\t\t\t\t<div class=\"elementor-widget-container\">\n\t\t\t\t\t\t\t\t\t<p>Durada i assoliment del projecte:<br \/><strong>Abril 2023 &#8211; Maig 2024<\/strong><\/p>\t\t\t\t\t\t\t\t<\/div>\n\t\t\t\t<\/div>\n\t\t\t\t<div class=\"elementor-element elementor-element-c59b23f elementor-widget elementor-widget-progress\" data-id=\"c59b23f\" data-element_type=\"widget\" data-e-type=\"widget\" data-widget_type=\"progress.default\">\n\t\t\t\t<div class=\"elementor-widget-container\">\n\t\t\t\t\t\n\t\t<div class=\"elementor-progress-wrapper\" role=\"progressbar\" aria-valuemin=\"0\" aria-valuemax=\"100\" aria-valuenow=\"100\" aria-valuetext=\"100% (Realitzat)\">\n\t\t\t<div class=\"elementor-progress-bar\" data-max=\"100\">\n\t\t\t\t<span class=\"elementor-progress-text\">Realitzat<\/span>\n\t\t\t\t\t\t\t\t\t<span class=\"elementor-progress-percentage\">100%<\/span>\n\t\t\t\t\t\t\t<\/div>\n\t\t<\/div>\n\t\t\t\t\t\t<\/div>\n\t\t\t\t<\/div>\n\t\t\t\t<div class=\"elementor-element elementor-element-88f0834 elementor-widget elementor-widget-spacer\" data-id=\"88f0834\" data-element_type=\"widget\" data-e-type=\"widget\" data-widget_type=\"spacer.default\">\n\t\t\t\t<div class=\"elementor-widget-container\">\n\t\t\t\t\t\t\t<div class=\"elementor-spacer\">\n\t\t\t<div class=\"elementor-spacer-inner\"><\/div>\n\t\t<\/div>\n\t\t\t\t\t\t<\/div>\n\t\t\t\t<\/div>\n\t\t\t\t\t<\/div>\n\t\t<\/div>\n\t\t\t\t\t<\/div>\n\t\t<\/section>\n\t\t\t\t<section class=\"elementor-section elementor-top-section elementor-element elementor-element-34209e1 elementor-section-boxed elementor-section-height-default elementor-section-height-default\" data-id=\"34209e1\" data-element_type=\"section\" data-e-type=\"section\">\n\t\t\t\t\t\t<div class=\"elementor-container elementor-column-gap-default\">\n\t\t\t\t\t<div class=\"elementor-column elementor-col-50 elementor-top-column elementor-element elementor-element-bf8447e\" data-id=\"bf8447e\" data-element_type=\"column\" data-e-type=\"column\">\n\t\t\t<div class=\"elementor-widget-wrap elementor-element-populated\">\n\t\t\t\t\t\t<div class=\"elementor-element elementor-element-48130d4 elementor-widget elementor-widget-text-editor\" data-id=\"48130d4\" data-element_type=\"widget\" data-e-type=\"widget\" data-widget_type=\"text-editor.default\">\n\t\t\t\t<div class=\"elementor-widget-container\">\n\t\t\t\t\t\t\t\t\t<p><strong>Descripci\u00f3<\/strong><\/p>\t\t\t\t\t\t\t\t<\/div>\n\t\t\t\t<\/div>\n\t\t\t\t<div class=\"elementor-element elementor-element-4a96ddb elementor-widget elementor-widget-text-editor\" data-id=\"4a96ddb\" data-element_type=\"widget\" data-e-type=\"widget\" data-widget_type=\"text-editor.default\">\n\t\t\t\t<div class=\"elementor-widget-container\">\n\t\t\t\t\t\t\t\t\t<p>L\u2019Institut Municipal d\u2019Ocupaci\u00f3 (IMO) Salvador Segu\u00ed opta a la subvenci\u00f3 destinada a l&#8217;Impuls digital a l&#8217;educaci\u00f3. S\u2019han presentat accions a les seg\u00fcents l\u00ednies subvencionables:<\/p><ul><li><strong>L\u00ednia 1 &#8211; \u201cFormaci\u00f3 en CDD\u201d<\/strong>. Projectes de formaci\u00f3 per garantir l&#8217;adquisici\u00f3 de compet\u00e8ncies digitals dels docents. (PROJECTE CONCEDIT)<\/li><li><a href=\"https:\/\/nextgeneration.paeria.cat\/web\/projecte-impuls-digital-linia-3\/\">L\u00ednia 3 &#8211; \u201cTrencant motlles\u201d<\/a>. Projectes de comunicaci\u00f3 i difusi\u00f3 per donar a con\u00e8ixer el proc\u00e9s de transformaci\u00f3 i digitalitzaci\u00f3 dels centres educatius, aix\u00ed com els seus plans estrat\u00e8gics. Aquesta l\u00ednia est\u00e0 especialment pensada per impulsar els processos de creaci\u00f3 de recursos i materials innovadors en tots els \u00e0mbits digitals vinculats als actes de comunicaci\u00f3 i difusi\u00f3. (PROJECTE DENEGAT)<\/li><\/ul><p>L\u2019objectiu del projecte \u00e9s accelerar la transformaci\u00f3 en clau digital del sistema educatiu catal\u00e0, per adaptar-lo a les necessitats derivades de les transformacions socials i econ\u00f2miques.<\/p>\t\t\t\t\t\t\t\t<\/div>\n\t\t\t\t<\/div>\n\t\t\t\t<div class=\"elementor-element elementor-element-2d9e8dc elementor-widget elementor-widget-text-editor\" data-id=\"2d9e8dc\" data-element_type=\"widget\" data-e-type=\"widget\" data-widget_type=\"text-editor.default\">\n\t\t\t\t<div class=\"elementor-widget-container\">\n\t\t\t\t\t\t\t\t\t<p><strong>Not\u00edcies relacionades<\/strong><\/p>\t\t\t\t\t\t\t\t<\/div>\n\t\t\t\t<\/div>\n\t\t\t\t<div class=\"elementor-element elementor-element-c216cf5 elementor-widget elementor-widget-text-editor\" data-id=\"c216cf5\" data-element_type=\"widget\" data-e-type=\"widget\" data-widget_type=\"text-editor.default\">\n\t\t\t\t<div class=\"elementor-widget-container\">\n\t\t\t\t\t\t\t\t\t<ul><li><a href=\"https:\/\/nextgeneration.paeria.cat\/web\/limo-adreca-un-curs-de-competencies-digitals-a-professionals-de-centres-educatius\/\">L\u2019IMO adre\u00e7a un curs de compet\u00e8ncies digitals a professionals de centres educatius.<\/a><\/li><\/ul>\t\t\t\t\t\t\t\t<\/div>\n\t\t\t\t<\/div>\n\t\t\t\t\t<\/div>\n\t\t<\/div>\n\t\t\t\t<div class=\"elementor-column elementor-col-50 elementor-top-column elementor-element elementor-element-ff0aa74\" data-id=\"ff0aa74\" data-element_type=\"column\" data-e-type=\"column\">\n\t\t\t<div class=\"elementor-widget-wrap elementor-element-populated\">\n\t\t\t\t\t\t<div class=\"elementor-element elementor-element-fda0d64 elementor-widget elementor-widget-html\" data-id=\"fda0d64\" data-element_type=\"widget\" data-e-type=\"widget\" data-widget_type=\"html.default\">\n\t\t\t\t<div class=\"elementor-widget-container\">\n\t\t\t\t\t<table class=\"taula-projectes\">\r\n    <tr>\r\n\t\t<td>Convocat\u00f2ria<\/td>\r\n\t\t<td>\r\nConvocat\u00f2ria de subvencions del Departament d'Educaci\u00f3 per a l'Impuls digital a l'educaci\u00f3 en el marc del component 19 del Pla de Recuperaci\u00f3, Transformaci\u00f3 i Resili\u00e8ncia (PRTR), finan\u00e7at per la Uni\u00f3 Europea - Next Generation EU.\r\n\r\n\r\n\t\t<\/td>\t\t\r\n\t<\/tr>\r\n\r\n\t<tr>\r\n\t\t<td>Inversi\u00f3<\/td>\r\n\t\t<td><strong>Import del projecte:<\/strong> 94.686,98 \u20ac<br\/><strong>Import demanat L\u00ednia 1:<\/strong> 14.000 \u20ac<br\/><strong>Import concedit L\u00ednia 1:<\/strong> 11.400 \u20ac\r\n\t\t<\/td>\t\t\r\n\t<\/tr>\r\n\r\n\t<tr>\r\n\t\t<td>Data presentaci\u00f3<\/td>\r\n\t\t<td>27\/03\/2023<\/td>\t\t\r\n\t<\/tr>\r\n\t<tr>\r\n\t\t<td>Resoluci\u00f3 definitiva<\/td>\r\n\t\t<td>23\/06\/2023<\/td>\t\t\r\n\t<\/tr>\r\n\t<tr>\r\n\t    <td>Finalitzaci\u00f3 del projecte<\/td>\r\n\t    <td>30\/04\/2024\r\n\t    <\/td>\r\n\t<\/tr>\r\n    <tr>\r\n        <td>Proc\u00e9s<\/td>\r\n        <td>\r\n            <ul>\r\n                <li>Redacci\u00f3 del projecte: Fet.<\/li>\r\n                <li>Aprovaci\u00f3 del projecte: Fet.<\/li>\r\n                <li>Licitaci\u00f3: Fet.<\/li>\r\n                <li>Execuci\u00f3: Fet.<\/li>\r\n            <\/ul>\r\n        <\/td>\r\n    <\/tr>\r\n    <tr><td>Licitacions<\/td><td>Sense licitaci\u00f3.<\/td><\/tr>\r\n\t<tr>\r\n\t\t<td>Convocat per<\/td>\r\n\t\t<td>\r\n\t\t\tUni\u00f3 Europea \u2013 Next Generation EU, Pla de Recuperaci\u00f3, Transformaci\u00f3 i Resili\u00e8ncia del Govern d\u2019Espanya i Departament d\u2019Educaci\u00f3 de la Generalitat de Catalunya.\r\n\t\t<\/td>\t\t\r\n\t<\/tr>\r\n\t\t\t\t\r\n<\/table>\r\n\r\n\t\t\t\t<\/div>\n\t\t\t\t<\/div>\n\t\t\t\t<div class=\"elementor-element elementor-element-7129f65 elementor-widget elementor-widget-image\" data-id=\"7129f65\" data-element_type=\"widget\" data-e-type=\"widget\" data-widget_type=\"image.default\">\n\t\t\t\t<div class=\"elementor-widget-container\">\n\t\t\t\t\t\t\t\t\t\t\t\t\t\t\t<img decoding=\"async\" width=\"300\" height=\"88\" src=\"https:\/\/nextgeneration.paeria.cat\/web\/wp-content\/uploads\/2022\/11\/Financat-per-la-Unio-Europea-300x88.jpg\" class=\"attachment-medium size-medium wp-image-1883\" alt=\"Logo Uni\u00f3 Europea NextGeneration\" srcset=\"https:\/\/nextgeneration.paeria.cat\/web\/wp-content\/uploads\/2022\/11\/Financat-per-la-Unio-Europea-300x88.jpg 300w, https:\/\/nextgeneration.paeria.cat\/web\/wp-content\/uploads\/2022\/11\/Financat-per-la-Unio-Europea-768x224.jpg 768w, https:\/\/nextgeneration.paeria.cat\/web\/wp-content\/uploads\/2022\/11\/Financat-per-la-Unio-Europea.jpg 873w\" sizes=\"(max-width: 300px) 100vw, 300px\" \/>\t\t\t\t\t\t\t\t\t\t\t\t\t\t\t<\/div>\n\t\t\t\t<\/div>\n\t\t\t\t<div class=\"elementor-element elementor-element-9eca1af elementor-widget elementor-widget-image\" data-id=\"9eca1af\" data-element_type=\"widget\" data-e-type=\"widget\" data-widget_type=\"image.default\">\n\t\t\t\t<div class=\"elementor-widget-container\">\n\t\t\t\t\t\t\t\t\t\t\t\t\t\t\t<img fetchpriority=\"high\" decoding=\"async\" width=\"300\" height=\"169\" src=\"https:\/\/nextgeneration.paeria.cat\/web\/wp-content\/uploads\/2022\/11\/Logo-PRTR-tres-lineas_COLOR-300x169.png\" class=\"attachment-medium size-medium wp-image-1884\" alt=\"Logo PRTR\" srcset=\"https:\/\/nextgeneration.paeria.cat\/web\/wp-content\/uploads\/2022\/11\/Logo-PRTR-tres-lineas_COLOR-300x169.png 300w, https:\/\/nextgeneration.paeria.cat\/web\/wp-content\/uploads\/2022\/11\/Logo-PRTR-tres-lineas_COLOR-1024x576.png 1024w, https:\/\/nextgeneration.paeria.cat\/web\/wp-content\/uploads\/2022\/11\/Logo-PRTR-tres-lineas_COLOR-768x432.png 768w, https:\/\/nextgeneration.paeria.cat\/web\/wp-content\/uploads\/2022\/11\/Logo-PRTR-tres-lineas_COLOR-1536x864.png 1536w, https:\/\/nextgeneration.paeria.cat\/web\/wp-content\/uploads\/2022\/11\/Logo-PRTR-tres-lineas_COLOR.png 1920w\" sizes=\"(max-width: 300px) 100vw, 300px\" \/>\t\t\t\t\t\t\t\t\t\t\t\t\t\t\t<\/div>\n\t\t\t\t<\/div>\n\t\t\t\t<div class=\"elementor-element elementor-element-3ad48fd elementor-widget elementor-widget-image\" data-id=\"3ad48fd\" data-element_type=\"widget\" data-e-type=\"widget\" data-widget_type=\"image.default\">\n\t\t\t\t<div class=\"elementor-widget-container\">\n\t\t\t\t\t\t\t\t\t\t\t\t\t\t\t<img decoding=\"async\" src=\"https:\/\/nextgeneration.paeria.cat\/web\/wp-content\/uploads\/2022\/11\/logo-next-generation-catalunya.png\" title=\"\" alt=\"\" loading=\"lazy\" \/>\t\t\t\t\t\t\t\t\t\t\t\t\t\t\t<\/div>\n\t\t\t\t<\/div>\n\t\t\t\t<div class=\"elementor-element elementor-element-64a80e0 elementor-widget elementor-widget-image\" data-id=\"64a80e0\" data-element_type=\"widget\" data-e-type=\"widget\" data-widget_type=\"image.default\">\n\t\t\t\t<div class=\"elementor-widget-container\">\n\t\t\t\t\t\t\t\t\t\t\t\t\t\t\t<img decoding=\"async\" src=\"https:\/\/nextgeneration.paeria.cat\/web\/wp-content\/uploads\/2022\/11\/logo-gene.png\" title=\"\" alt=\"\" loading=\"lazy\" \/>\t\t\t\t\t\t\t\t\t\t\t\t\t\t\t<\/div>\n\t\t\t\t<\/div>\n\t\t\t\t\t<\/div>\n\t\t<\/div>\n\t\t\t\t\t<\/div>\n\t\t<\/section>\n\t\t\t\t<section class=\"elementor-section elementor-top-section elementor-element elementor-element-d122e75 elementor-hidden-desktop elementor-hidden-tablet elementor-hidden-mobile elementor-section-boxed elementor-section-height-default elementor-section-height-default\" data-id=\"d122e75\" data-element_type=\"section\" data-e-type=\"section\">\n\t\t\t\t\t\t<div class=\"elementor-container elementor-column-gap-default\">\n\t\t\t\t\t<div class=\"elementor-column elementor-col-100 elementor-top-column elementor-element elementor-element-1b7d3f3\" data-id=\"1b7d3f3\" data-element_type=\"column\" data-e-type=\"column\">\n\t\t\t<div class=\"elementor-widget-wrap elementor-element-populated\">\n\t\t\t\t\t\t<div class=\"elementor-element elementor-element-34a449e elementor-widget elementor-widget-text-editor\" data-id=\"34a449e\" data-element_type=\"widget\" data-e-type=\"widget\" data-widget_type=\"text-editor.default\">\n\t\t\t\t<div class=\"elementor-widget-container\">\n\t\t\t\t\t\t\t\t\t<p>Not\u00edcies<strong> relacionades<\/strong><\/p><ul><li><a href=\"https:\/\/nextgeneration.paeria.cat\/web\/lleida-presenta-un-projecte-de-mes-de-8-milions-deuros-per-digitalitzar-la-gestio-de-laigua\/\">Lleida presenta un projecte de m\u00e9s de 8 milions d&#8217;euros per digitalitzar la gesti\u00f3 de l&#8217;aigua.<\/a><\/li><\/ul>\t\t\t\t\t\t\t\t<\/div>\n\t\t\t\t<\/div>\n\t\t\t\t\t<\/div>\n\t\t<\/div>\n\t\t\t\t\t<\/div>\n\t\t<\/section>\n\t\t\t\t<section class=\"elementor-section elementor-top-section elementor-element elementor-element-e99eaaa elementor-hidden-desktop elementor-hidden-tablet elementor-hidden-mobile elementor-section-boxed elementor-section-height-default elementor-section-height-default\" data-id=\"e99eaaa\" data-element_type=\"section\" data-e-type=\"section\">\n\t\t\t\t\t\t<div class=\"elementor-container elementor-column-gap-default\">\n\t\t\t\t\t<div class=\"elementor-column elementor-col-100 elementor-top-column elementor-element elementor-element-ff2ee7c\" data-id=\"ff2ee7c\" data-element_type=\"column\" data-e-type=\"column\">\n\t\t\t<div class=\"elementor-widget-wrap elementor-element-populated\">\n\t\t\t\t\t\t<div class=\"elementor-element elementor-element-cd09ea2 elementor-widget elementor-widget-image\" data-id=\"cd09ea2\" data-element_type=\"widget\" data-e-type=\"widget\" data-widget_type=\"image.default\">\n\t\t\t\t<div class=\"elementor-widget-container\">\n\t\t\t\t\t\t\t\t\t\t\t\t\t\t\t\t<a href=\"https:\/\/nextgeneration.paeria.cat\/web\/wp-content\/uploads\/2023\/03\/proposta-educacio-climatitzacio.png\" data-elementor-open-lightbox=\"yes\" data-elementor-lightbox-title=\"Pl\u00e0nol de proposta de reforma de climatitzaci\u00f3\" data-elementor-lightbox-description=\"Pl\u00e0nol de proposta de reforma de climatitzaci\u00f3\" data-e-action-hash=\"#elementor-action%3Aaction%3Dlightbox%26settings%3DeyJpZCI6MzE5NywidXJsIjoiaHR0cHM6XC9cL25leHRnZW5lcmF0aW9uLnBhZXJpYS5jYXRcL3dlYlwvd3AtY29udGVudFwvdXBsb2Fkc1wvMjAyM1wvMDNcL3Byb3Bvc3RhLWVkdWNhY2lvLWNsaW1hdGl0emFjaW8ucG5nIn0%3D\">\n\t\t\t\t\t\t\t<img decoding=\"async\" width=\"768\" height=\"562\" src=\"https:\/\/nextgeneration.paeria.cat\/web\/wp-content\/uploads\/2023\/03\/proposta-educacio-climatitzacio-768x562.png\" class=\"attachment-medium_large size-medium_large wp-image-3197\" alt=\"Pl\u00e0nol de proposta de reforma de climatitzaci\u00f3\" srcset=\"https:\/\/nextgeneration.paeria.cat\/web\/wp-content\/uploads\/2023\/03\/proposta-educacio-climatitzacio-768x562.png 768w, https:\/\/nextgeneration.paeria.cat\/web\/wp-content\/uploads\/2023\/03\/proposta-educacio-climatitzacio-300x220.png 300w, https:\/\/nextgeneration.paeria.cat\/web\/wp-content\/uploads\/2023\/03\/proposta-educacio-climatitzacio-1024x749.png 1024w, https:\/\/nextgeneration.paeria.cat\/web\/wp-content\/uploads\/2023\/03\/proposta-educacio-climatitzacio.png 1107w\" sizes=\"(max-width: 768px) 100vw, 768px\" \/>\t\t\t\t\t\t\t\t<\/a>\n\t\t\t\t\t\t\t\t\t\t\t\t\t\t\t<\/div>\n\t\t\t\t<\/div>\n\t\t\t\t\t<\/div>\n\t\t<\/div>\n\t\t\t\t\t<\/div>\n\t\t<\/section>\n\t\t\t\t<section class=\"elementor-section elementor-top-section elementor-element elementor-element-e823ffe elementor-section-boxed elementor-section-height-default elementor-section-height-default\" data-id=\"e823ffe\" data-element_type=\"section\" data-e-type=\"section\">\n\t\t\t\t\t\t<div class=\"elementor-container elementor-column-gap-default\">\n\t\t\t\t\t<div class=\"elementor-column elementor-col-100 elementor-top-column elementor-element elementor-element-c146a65\" data-id=\"c146a65\" data-element_type=\"column\" data-e-type=\"column\">\n\t\t\t<div class=\"elementor-widget-wrap\">\n\t\t\t\t\t\t\t<\/div>\n\t\t<\/div>\n\t\t\t\t\t<\/div>\n\t\t<\/section>\n\t\t\t\t<\/div>\n\t\t","protected":false},"excerpt":{"rendered":"<p>Inici Projectes Projectes Next Generation d&#8217;Organismes Vinculats Paeria\u00a0 Projectes concedits Projecte Impuls digital &#8211; L\u00ednia 1 Durada i assoliment del projecte:Abril 2023 &#8211; Maig 2024 Realitzat 100% Descripci\u00f3 L\u2019Institut Municipal d\u2019Ocupaci\u00f3 (IMO) Salvador Segu\u00ed opta a la subvenci\u00f3 destinada a l&#8217;Impuls digital a l&#8217;educaci\u00f3. S\u2019han presentat accions a les seg\u00fcents l\u00ednies subvencionables: L\u00ednia 1 &#8211; &#8230; <a title=\"Projecte Impuls digital &#8211; L\u00ednia 1\" class=\"read-more\" href=\"https:\/\/nextgeneration.paeria.cat\/web\/projecte-impuls-digital-linia-1\/\" aria-label=\"M\u00e9s informaci\u00f3 sobre Projecte Impuls digital &#8211; L\u00ednia 1\">Llegiu m\u00e9s<\/a><\/p>\n","protected":false},"author":2,"featured_media":0,"comment_status":"closed","ping_status":"closed","sticky":false,"template":"","format":"standard","meta":{"_sitemap_exclude":false,"_sitemap_priority":"","_sitemap_frequency":"","footnotes":""},"categories":[26,3,6],"tags":[],"class_list":["post-3530","post","type-post","status-publish","format-standard","hentry","category-ov-concedit","category-propostes","category-pp-next-generation-organismes-vinculats-paeria"],"yoast_head":"<!-- This site is optimized with the Yoast SEO plugin v27.5 - https:\/\/yoast.com\/product\/yoast-seo-wordpress\/ -->\n<title>Projecte Impuls digital - L\u00ednia 1 - Next Generation Lleida - Propostes de projectes - La Paeria - Ajuntament de Lleida<\/title>\n<meta name=\"robots\" content=\"index, follow, max-snippet:-1, max-image-preview:large, max-video-preview:-1\" \/>\n<link rel=\"canonical\" href=\"https:\/\/nextgeneration.paeria.cat\/web\/projecte-impuls-digital-linia-1\/\" \/>\n<meta property=\"og:locale\" content=\"ca_ES\" \/>\n<meta property=\"og:type\" content=\"article\" \/>\n<meta property=\"og:title\" content=\"Projecte Impuls digital - L\u00ednia 1 - Next Generation Lleida - Propostes de projectes - La Paeria - Ajuntament de Lleida\" \/>\n<meta property=\"og:description\" content=\"Inici Projectes Projectes Next Generation d&#8217;Organismes Vinculats Paeria\u00a0 Projectes concedits Projecte Impuls digital &#8211; L\u00ednia 1 Durada i assoliment del projecte:Abril 2023 &#8211; Maig 2024 Realitzat 100% Descripci\u00f3 L\u2019Institut Municipal d\u2019Ocupaci\u00f3 (IMO) Salvador Segu\u00ed opta a la subvenci\u00f3 destinada a l&#8217;Impuls digital a l&#8217;educaci\u00f3. S\u2019han presentat accions a les seg\u00fcents l\u00ednies subvencionables: L\u00ednia 1 &#8211; ... Llegiu m\u00e9s\" \/>\n<meta property=\"og:url\" content=\"https:\/\/nextgeneration.paeria.cat\/web\/projecte-impuls-digital-linia-1\/\" \/>\n<meta property=\"og:site_name\" content=\"Next Generation Lleida - Propostes de projectes - La Paeria - Ajuntament de Lleida\" \/>\n<meta property=\"article:published_time\" content=\"2023-04-21T10:22:23+00:00\" \/>\n<meta property=\"article:modified_time\" content=\"2025-08-06T11:59:44+00:00\" \/>\n<meta property=\"og:image\" content=\"https:\/\/nextgeneration.paeria.cat\/web\/wp-content\/uploads\/2021\/05\/li-color_15.png\" \/>\n<meta name=\"author\" content=\"admin-nextgeneration\" \/>\n<meta name=\"twitter:card\" content=\"summary_large_image\" \/>\n<meta name=\"twitter:label1\" content=\"Escrit per\" \/>\n\t<meta name=\"twitter:data1\" content=\"admin-nextgeneration\" \/>\n\t<meta name=\"twitter:label2\" content=\"Temps estimat de lectura\" \/>\n\t<meta name=\"twitter:data2\" content=\"4 minuts\" \/>\n<script type=\"application\/ld+json\" class=\"yoast-schema-graph\">{\"@context\":\"https:\\\/\\\/schema.org\",\"@graph\":[{\"@type\":\"Article\",\"@id\":\"https:\\\/\\\/nextgeneration.paeria.cat\\\/web\\\/projecte-impuls-digital-linia-1\\\/#article\",\"isPartOf\":{\"@id\":\"https:\\\/\\\/nextgeneration.paeria.cat\\\/web\\\/projecte-impuls-digital-linia-1\\\/\"},\"author\":{\"name\":\"admin-nextgeneration\",\"@id\":\"https:\\\/\\\/nextgeneration.paeria.cat\\\/web\\\/#\\\/schema\\\/person\\\/a12a490165bc044605332926bbdc1189\"},\"headline\":\"Projecte Impuls digital &#8211; L\u00ednia 1\",\"datePublished\":\"2023-04-21T10:22:23+00:00\",\"dateModified\":\"2025-08-06T11:59:44+00:00\",\"mainEntityOfPage\":{\"@id\":\"https:\\\/\\\/nextgeneration.paeria.cat\\\/web\\\/projecte-impuls-digital-linia-1\\\/\"},\"wordCount\":320,\"publisher\":{\"@id\":\"https:\\\/\\\/nextgeneration.paeria.cat\\\/web\\\/#organization\"},\"image\":{\"@id\":\"https:\\\/\\\/nextgeneration.paeria.cat\\\/web\\\/projecte-impuls-digital-linia-1\\\/#primaryimage\"},\"thumbnailUrl\":\"https:\\\/\\\/nextgeneration.paeria.cat\\\/web\\\/wp-content\\\/uploads\\\/2021\\\/05\\\/li-color_15.png\",\"articleSection\":[\"Concedit\",\"Propostes\",\"Propostes de projectes d'organismes vinculats Paeria\"],\"inLanguage\":\"ca\"},{\"@type\":\"WebPage\",\"@id\":\"https:\\\/\\\/nextgeneration.paeria.cat\\\/web\\\/projecte-impuls-digital-linia-1\\\/\",\"url\":\"https:\\\/\\\/nextgeneration.paeria.cat\\\/web\\\/projecte-impuls-digital-linia-1\\\/\",\"name\":\"Projecte Impuls digital - L\u00ednia 1 - Next Generation Lleida - Propostes de projectes - La Paeria - Ajuntament de Lleida\",\"isPartOf\":{\"@id\":\"https:\\\/\\\/nextgeneration.paeria.cat\\\/web\\\/#website\"},\"primaryImageOfPage\":{\"@id\":\"https:\\\/\\\/nextgeneration.paeria.cat\\\/web\\\/projecte-impuls-digital-linia-1\\\/#primaryimage\"},\"image\":{\"@id\":\"https:\\\/\\\/nextgeneration.paeria.cat\\\/web\\\/projecte-impuls-digital-linia-1\\\/#primaryimage\"},\"thumbnailUrl\":\"https:\\\/\\\/nextgeneration.paeria.cat\\\/web\\\/wp-content\\\/uploads\\\/2021\\\/05\\\/li-color_15.png\",\"datePublished\":\"2023-04-21T10:22:23+00:00\",\"dateModified\":\"2025-08-06T11:59:44+00:00\",\"breadcrumb\":{\"@id\":\"https:\\\/\\\/nextgeneration.paeria.cat\\\/web\\\/projecte-impuls-digital-linia-1\\\/#breadcrumb\"},\"inLanguage\":\"ca\",\"potentialAction\":[{\"@type\":\"ReadAction\",\"target\":[\"https:\\\/\\\/nextgeneration.paeria.cat\\\/web\\\/projecte-impuls-digital-linia-1\\\/\"]}]},{\"@type\":\"ImageObject\",\"inLanguage\":\"ca\",\"@id\":\"https:\\\/\\\/nextgeneration.paeria.cat\\\/web\\\/projecte-impuls-digital-linia-1\\\/#primaryimage\",\"url\":\"https:\\\/\\\/nextgeneration.paeria.cat\\\/web\\\/wp-content\\\/uploads\\\/2021\\\/05\\\/li-color_15.png\",\"contentUrl\":\"https:\\\/\\\/nextgeneration.paeria.cat\\\/web\\\/wp-content\\\/uploads\\\/2021\\\/05\\\/li-color_15.png\",\"width\":8,\"height\":19},{\"@type\":\"BreadcrumbList\",\"@id\":\"https:\\\/\\\/nextgeneration.paeria.cat\\\/web\\\/projecte-impuls-digital-linia-1\\\/#breadcrumb\",\"itemListElement\":[{\"@type\":\"ListItem\",\"position\":1,\"name\":\"Inici\",\"item\":\"https:\\\/\\\/nextgeneration.paeria.cat\\\/web\\\/\"},{\"@type\":\"ListItem\",\"position\":2,\"name\":\"Projecte Impuls digital &#8211; L\u00ednia 1\"}]},{\"@type\":\"WebSite\",\"@id\":\"https:\\\/\\\/nextgeneration.paeria.cat\\\/web\\\/#website\",\"url\":\"https:\\\/\\\/nextgeneration.paeria.cat\\\/web\\\/\",\"name\":\"Next Generation Lleida - Propostes de projectes - La Paeria - Ajuntament de Lleida\",\"description\":\"\",\"publisher\":{\"@id\":\"https:\\\/\\\/nextgeneration.paeria.cat\\\/web\\\/#organization\"},\"potentialAction\":[{\"@type\":\"SearchAction\",\"target\":{\"@type\":\"EntryPoint\",\"urlTemplate\":\"https:\\\/\\\/nextgeneration.paeria.cat\\\/web\\\/?s={search_term_string}\"},\"query-input\":{\"@type\":\"PropertyValueSpecification\",\"valueRequired\":true,\"valueName\":\"search_term_string\"}}],\"inLanguage\":\"ca\"},{\"@type\":\"Organization\",\"@id\":\"https:\\\/\\\/nextgeneration.paeria.cat\\\/web\\\/#organization\",\"name\":\"Next Generation Lleida - Propostes de projectes - La Paeria - Ajuntament de Lleida\",\"url\":\"https:\\\/\\\/nextgeneration.paeria.cat\\\/web\\\/\",\"logo\":{\"@type\":\"ImageObject\",\"inLanguage\":\"ca\",\"@id\":\"https:\\\/\\\/nextgeneration.paeria.cat\\\/web\\\/#\\\/schema\\\/logo\\\/image\\\/\",\"url\":\"https:\\\/\\\/nextgeneration.paeria.cat\\\/web\\\/wp-content\\\/uploads\\\/2023\\\/09\\\/cropped-titol.png\",\"contentUrl\":\"https:\\\/\\\/nextgeneration.paeria.cat\\\/web\\\/wp-content\\\/uploads\\\/2023\\\/09\\\/cropped-titol.png\",\"width\":1100,\"height\":220,\"caption\":\"Next Generation Lleida - Propostes de projectes - La Paeria - Ajuntament de Lleida\"},\"image\":{\"@id\":\"https:\\\/\\\/nextgeneration.paeria.cat\\\/web\\\/#\\\/schema\\\/logo\\\/image\\\/\"}},{\"@type\":\"Person\",\"@id\":\"https:\\\/\\\/nextgeneration.paeria.cat\\\/web\\\/#\\\/schema\\\/person\\\/a12a490165bc044605332926bbdc1189\",\"name\":\"admin-nextgeneration\",\"image\":{\"@type\":\"ImageObject\",\"inLanguage\":\"ca\",\"@id\":\"https:\\\/\\\/secure.gravatar.com\\\/avatar\\\/01bed9d6851a1f9c8ab5eb704ab3e7882815867f87a0ef562e77261bef722cbe?s=96&d=mm&r=g\",\"url\":\"https:\\\/\\\/secure.gravatar.com\\\/avatar\\\/01bed9d6851a1f9c8ab5eb704ab3e7882815867f87a0ef562e77261bef722cbe?s=96&d=mm&r=g\",\"contentUrl\":\"https:\\\/\\\/secure.gravatar.com\\\/avatar\\\/01bed9d6851a1f9c8ab5eb704ab3e7882815867f87a0ef562e77261bef722cbe?s=96&d=mm&r=g\",\"caption\":\"admin-nextgeneration\"}}]}<\/script>\n<!-- \/ Yoast SEO plugin. -->","yoast_head_json":{"title":"Projecte Impuls digital - L\u00ednia 1 - Next Generation Lleida - Propostes de projectes - La Paeria - Ajuntament de Lleida","robots":{"index":"index","follow":"follow","max-snippet":"max-snippet:-1","max-image-preview":"max-image-preview:large","max-video-preview":"max-video-preview:-1"},"canonical":"https:\/\/nextgeneration.paeria.cat\/web\/projecte-impuls-digital-linia-1\/","og_locale":"ca_ES","og_type":"article","og_title":"Projecte Impuls digital - L\u00ednia 1 - Next Generation Lleida - Propostes de projectes - La Paeria - Ajuntament de Lleida","og_description":"Inici Projectes Projectes Next Generation d&#8217;Organismes Vinculats Paeria\u00a0 Projectes concedits Projecte Impuls digital &#8211; L\u00ednia 1 Durada i assoliment del projecte:Abril 2023 &#8211; Maig 2024 Realitzat 100% Descripci\u00f3 L\u2019Institut Municipal d\u2019Ocupaci\u00f3 (IMO) Salvador Segu\u00ed opta a la subvenci\u00f3 destinada a l&#8217;Impuls digital a l&#8217;educaci\u00f3. S\u2019han presentat accions a les seg\u00fcents l\u00ednies subvencionables: L\u00ednia 1 &#8211; ... Llegiu m\u00e9s","og_url":"https:\/\/nextgeneration.paeria.cat\/web\/projecte-impuls-digital-linia-1\/","og_site_name":"Next Generation Lleida - Propostes de projectes - La Paeria - Ajuntament de Lleida","article_published_time":"2023-04-21T10:22:23+00:00","article_modified_time":"2025-08-06T11:59:44+00:00","og_image":[{"url":"https:\/\/nextgeneration.paeria.cat\/web\/wp-content\/uploads\/2021\/05\/li-color_15.png","type":"","width":"","height":""}],"author":"admin-nextgeneration","twitter_card":"summary_large_image","twitter_misc":{"Escrit per":"admin-nextgeneration","Temps estimat de lectura":"4 minuts"},"schema":{"@context":"https:\/\/schema.org","@graph":[{"@type":"Article","@id":"https:\/\/nextgeneration.paeria.cat\/web\/projecte-impuls-digital-linia-1\/#article","isPartOf":{"@id":"https:\/\/nextgeneration.paeria.cat\/web\/projecte-impuls-digital-linia-1\/"},"author":{"name":"admin-nextgeneration","@id":"https:\/\/nextgeneration.paeria.cat\/web\/#\/schema\/person\/a12a490165bc044605332926bbdc1189"},"headline":"Projecte Impuls digital &#8211; L\u00ednia 1","datePublished":"2023-04-21T10:22:23+00:00","dateModified":"2025-08-06T11:59:44+00:00","mainEntityOfPage":{"@id":"https:\/\/nextgeneration.paeria.cat\/web\/projecte-impuls-digital-linia-1\/"},"wordCount":320,"publisher":{"@id":"https:\/\/nextgeneration.paeria.cat\/web\/#organization"},"image":{"@id":"https:\/\/nextgeneration.paeria.cat\/web\/projecte-impuls-digital-linia-1\/#primaryimage"},"thumbnailUrl":"https:\/\/nextgeneration.paeria.cat\/web\/wp-content\/uploads\/2021\/05\/li-color_15.png","articleSection":["Concedit","Propostes","Propostes de projectes d'organismes vinculats Paeria"],"inLanguage":"ca"},{"@type":"WebPage","@id":"https:\/\/nextgeneration.paeria.cat\/web\/projecte-impuls-digital-linia-1\/","url":"https:\/\/nextgeneration.paeria.cat\/web\/projecte-impuls-digital-linia-1\/","name":"Projecte Impuls digital - L\u00ednia 1 - Next Generation Lleida - Propostes de projectes - La Paeria - Ajuntament de Lleida","isPartOf":{"@id":"https:\/\/nextgeneration.paeria.cat\/web\/#website"},"primaryImageOfPage":{"@id":"https:\/\/nextgeneration.paeria.cat\/web\/projecte-impuls-digital-linia-1\/#primaryimage"},"image":{"@id":"https:\/\/nextgeneration.paeria.cat\/web\/projecte-impuls-digital-linia-1\/#primaryimage"},"thumbnailUrl":"https:\/\/nextgeneration.paeria.cat\/web\/wp-content\/uploads\/2021\/05\/li-color_15.png","datePublished":"2023-04-21T10:22:23+00:00","dateModified":"2025-08-06T11:59:44+00:00","breadcrumb":{"@id":"https:\/\/nextgeneration.paeria.cat\/web\/projecte-impuls-digital-linia-1\/#breadcrumb"},"inLanguage":"ca","potentialAction":[{"@type":"ReadAction","target":["https:\/\/nextgeneration.paeria.cat\/web\/projecte-impuls-digital-linia-1\/"]}]},{"@type":"ImageObject","inLanguage":"ca","@id":"https:\/\/nextgeneration.paeria.cat\/web\/projecte-impuls-digital-linia-1\/#primaryimage","url":"https:\/\/nextgeneration.paeria.cat\/web\/wp-content\/uploads\/2021\/05\/li-color_15.png","contentUrl":"https:\/\/nextgeneration.paeria.cat\/web\/wp-content\/uploads\/2021\/05\/li-color_15.png","width":8,"height":19},{"@type":"BreadcrumbList","@id":"https:\/\/nextgeneration.paeria.cat\/web\/projecte-impuls-digital-linia-1\/#breadcrumb","itemListElement":[{"@type":"ListItem","position":1,"name":"Inici","item":"https:\/\/nextgeneration.paeria.cat\/web\/"},{"@type":"ListItem","position":2,"name":"Projecte Impuls digital &#8211; L\u00ednia 1"}]},{"@type":"WebSite","@id":"https:\/\/nextgeneration.paeria.cat\/web\/#website","url":"https:\/\/nextgeneration.paeria.cat\/web\/","name":"Next Generation Lleida - Propostes de projectes - La Paeria - Ajuntament de Lleida","description":"","publisher":{"@id":"https:\/\/nextgeneration.paeria.cat\/web\/#organization"},"potentialAction":[{"@type":"SearchAction","target":{"@type":"EntryPoint","urlTemplate":"https:\/\/nextgeneration.paeria.cat\/web\/?s={search_term_string}"},"query-input":{"@type":"PropertyValueSpecification","valueRequired":true,"valueName":"search_term_string"}}],"inLanguage":"ca"},{"@type":"Organization","@id":"https:\/\/nextgeneration.paeria.cat\/web\/#organization","name":"Next Generation Lleida - Propostes de projectes - La Paeria - Ajuntament de Lleida","url":"https:\/\/nextgeneration.paeria.cat\/web\/","logo":{"@type":"ImageObject","inLanguage":"ca","@id":"https:\/\/nextgeneration.paeria.cat\/web\/#\/schema\/logo\/image\/","url":"https:\/\/nextgeneration.paeria.cat\/web\/wp-content\/uploads\/2023\/09\/cropped-titol.png","contentUrl":"https:\/\/nextgeneration.paeria.cat\/web\/wp-content\/uploads\/2023\/09\/cropped-titol.png","width":1100,"height":220,"caption":"Next Generation Lleida - Propostes de projectes - La Paeria - Ajuntament de Lleida"},"image":{"@id":"https:\/\/nextgeneration.paeria.cat\/web\/#\/schema\/logo\/image\/"}},{"@type":"Person","@id":"https:\/\/nextgeneration.paeria.cat\/web\/#\/schema\/person\/a12a490165bc044605332926bbdc1189","name":"admin-nextgeneration","image":{"@type":"ImageObject","inLanguage":"ca","@id":"https:\/\/secure.gravatar.com\/avatar\/01bed9d6851a1f9c8ab5eb704ab3e7882815867f87a0ef562e77261bef722cbe?s=96&d=mm&r=g","url":"https:\/\/secure.gravatar.com\/avatar\/01bed9d6851a1f9c8ab5eb704ab3e7882815867f87a0ef562e77261bef722cbe?s=96&d=mm&r=g","contentUrl":"https:\/\/secure.gravatar.com\/avatar\/01bed9d6851a1f9c8ab5eb704ab3e7882815867f87a0ef562e77261bef722cbe?s=96&d=mm&r=g","caption":"admin-nextgeneration"}}]}},"_links":{"self":[{"href":"https:\/\/nextgeneration.paeria.cat\/web\/wp-json\/wp\/v2\/posts\/3530","targetHints":{"allow":["GET"]}}],"collection":[{"href":"https:\/\/nextgeneration.paeria.cat\/web\/wp-json\/wp\/v2\/posts"}],"about":[{"href":"https:\/\/nextgeneration.paeria.cat\/web\/wp-json\/wp\/v2\/types\/post"}],"author":[{"embeddable":true,"href":"https:\/\/nextgeneration.paeria.cat\/web\/wp-json\/wp\/v2\/users\/2"}],"replies":[{"embeddable":true,"href":"https:\/\/nextgeneration.paeria.cat\/web\/wp-json\/wp\/v2\/comments?post=3530"}],"version-history":[{"count":40,"href":"https:\/\/nextgeneration.paeria.cat\/web\/wp-json\/wp\/v2\/posts\/3530\/revisions"}],"predecessor-version":[{"id":8157,"href":"https:\/\/nextgeneration.paeria.cat\/web\/wp-json\/wp\/v2\/posts\/3530\/revisions\/8157"}],"wp:attachment":[{"href":"https:\/\/nextgeneration.paeria.cat\/web\/wp-json\/wp\/v2\/media?parent=3530"}],"wp:term":[{"taxonomy":"category","embeddable":true,"href":"https:\/\/nextgeneration.paeria.cat\/web\/wp-json\/wp\/v2\/categories?post=3530"},{"taxonomy":"post_tag","embeddable":true,"href":"https:\/\/nextgeneration.paeria.cat\/web\/wp-json\/wp\/v2\/tags?post=3530"}],"curies":[{"name":"wp","href":"https:\/\/api.w.org\/{rel}","templated":true}]}}