{"id":3684,"date":"2023-04-27T12:42:05","date_gmt":"2023-04-27T10:42:05","guid":{"rendered":"https:\/\/nextgeneration.paeria.cat\/web\/?p=3684"},"modified":"2023-05-02T12:57:24","modified_gmt":"2023-05-02T10:57:24","slug":"la-paeria-obte-mes-fons-next-generation-per-a-millores-en-el-transport-public-i-en-la-mobilitat-a-peu-i-en-bicicleta","status":"publish","type":"post","link":"https:\/\/nextgeneration.paeria.cat\/web\/la-paeria-obte-mes-fons-next-generation-per-a-millores-en-el-transport-public-i-en-la-mobilitat-a-peu-i-en-bicicleta\/","title":{"rendered":"La Paeria obt\u00e9 m\u00e9s fons Next Generation per a millores en el transport p\u00fablic i en la mobilitat a peu i en bicicleta"},"content":{"rendered":"\t\t<div data-elementor-type=\"wp-post\" data-elementor-id=\"3684\" class=\"elementor elementor-3684\">\n\t\t\t\t\t\t<section class=\"elementor-section elementor-top-section elementor-element elementor-element-a45c10b elementor-section-boxed elementor-section-height-default elementor-section-height-default\" data-id=\"a45c10b\" data-element_type=\"section\" data-e-type=\"section\">\n\t\t\t\t\t\t<div class=\"elementor-container elementor-column-gap-default\">\n\t\t\t\t\t<div class=\"elementor-column elementor-col-100 elementor-top-column elementor-element elementor-element-1615ff8\" data-id=\"1615ff8\" data-element_type=\"column\" data-e-type=\"column\">\n\t\t\t<div class=\"elementor-widget-wrap elementor-element-populated\">\n\t\t\t\t\t\t<div class=\"elementor-element elementor-element-fbe6637 elementor-widget elementor-widget-text-editor\" data-id=\"fbe6637\" data-element_type=\"widget\" data-e-type=\"widget\" data-widget_type=\"text-editor.default\">\n\t\t\t\t<div class=\"elementor-widget-container\">\n\t\t\t\t\t\t\t\t\t<p><strong>Concedit l\u2019ajut de 5,49 milions d\u2019euros a un nou projecte, que dona continu\u00eftat al que ja est\u00e0 en marxa de la implantaci\u00f3 de Zones de Baixa Emissi\u00f3 i per a un canvi de model de mobilitat a la ciutat. S\u2019actuar\u00e0 en entorns escolars, en nous trams de carril bici i s\u2019adquiriran tres nous autobusos el\u00e8ctrics. El projecte de \u201ctransformaci\u00f3 sostenible i digital del transport a Lleida\u201d s\u2019emmarca en el Pla de Recuperaci\u00f3, Transformaci\u00f3 i Resili\u00e8ncia de l\u2019Estat<\/strong><\/p><p>L\u2019Ajuntament de Lleida ha obtingut una nova injecci\u00f3 econ\u00f2mica dels fons europeus NextGenerationEU amb el \u201cprojecte de transformaci\u00f3 sostenible i digital del transport a Lleida\u201d. El document contempla quatre actuacions orientades a les millores en el transport p\u00fablic i en la mobilitat a peu i en bicicleta. El paer en cap, Miquel Pueyo, acompanyat dels tinents d\u2019alcalde Toni Postius i Jordina Freixanet, ha informat del nou projecte concedit que suposa una inversi\u00f3 de 8,7 milions d\u2019euros i pel qual es rebr\u00e0 una ajuda de 5,49 M\u20ac. Les noves actuacions previstes es concentren principalment en entorns escolars, en m\u00e9s trams de carril bici i en l\u2019adquisici\u00f3 de tres nous autobusos el\u00e8ctrics. Tenint en compte que cal esperar la resoluci\u00f3 definitiva, la previsi\u00f3 \u00e9s que es comenci a actuar al setembre i l\u2019execuci\u00f3 de les diferents actuacions s\u2019acabi al gener de l\u2019any 2025.<\/p><p>L\u2019alcalde ha assegurat que el conjunt d\u2019accions s\u2019alineen amb el nou model de mobilitat per a la ciutat que vetlla per les persones, l\u2019entorn i el planeta, i que intenta reduir l\u2019impacte en el canvi clim\u00e0tic amb mesures que aposten per un canvi de mentalitat en els despla\u00e7aments i l\u2019\u00fas d\u2019energies alternatives. Pueyo ha agra\u00eft la implicaci\u00f3 dels t\u00e8cnics municipals que estan immersos en aquests projectes, perqu\u00e8 la repercussi\u00f3 ser\u00e0 ja en el present i en l\u2019atenci\u00f3 de les necessitats de la Lleida del futur.<\/p><p>Un dels aspectes que ha destacat el tinent d\u2019alcalde Postius \u00e9s que els projectes que obtenen el suport econ\u00f2mic de la UE ho fan amb el 100% dels diners demanats, fet que demostra l\u2019alt nivell de les propostes presentades. El tinent d\u2019alcalde ha afirmat que aquests fons s\u00f3n una oportunitat per a les poblacions, per\u00f2 que, alhora, comporta exig\u00e8ncia en l\u2019execuci\u00f3 per complir els terminis. I tamb\u00e9 ha posat en valor que les actuacions suposaran una millora en la millora de la mobilitat de la ciutat, que en el transport p\u00fablic es traduir\u00e0 en qu\u00e8 m\u00e9s de la meitat de la flota d\u2019autobusos ser\u00e0 de busos el\u00e8ctrics.<\/p><p>El subdelegat del govern a Lleida, Jose Cresp\u00edn, ha subratllat que els projectes aprovats contribuiran a dissenyar la ciutat del futur i que afronten el repte de la sostenibilitat. Ha indicat que el projecte que s\u2019ha donat a con\u00e8ixer avui se suma als que ja es faran dins el Pla de Recuperaci\u00f3, Transformaci\u00f3 i Resili\u00e8ncia (PRTR) de l\u2019Estat, finan\u00e7at pels fons europeus, com el baixador de tren al pol\u00edgon industrial El Segre o la nova estaci\u00f3 d\u2019autobusos.<\/p><p><strong>Projecte de transformaci\u00f3 sostenible i digital del transport a Lleida<\/strong><\/p><p>El projecte de transformaci\u00f3 sostenible i digital del transport a Lleida preveu 4 actuacions relacionades amb el transport p\u00fablic, amb la mobilitat en bicicleta, la mobilitat a peu, i la mobilitat a peu en eixos b\u00e0sics.<\/p><ol><li>Les actuacions relacionades amb el transport p\u00fablic suposaran l\u2019adquisici\u00f3 de 3 autobusos el\u00e8ctrics m\u00e9s i 3 punts de rec\u00e0rrega. Aquests autobusos s\u2019afegiran als 5 que ja estaven previstos en l\u2019altre projecte.<\/li><li>Les actuacions relacionades amb la mobilitat a peu consisteixen b\u00e0sicament en ampliacions i millora de les voreres als camins escolars de diversos centres educatius de la ciutat i d\u2019acc\u00e9s a equipaments. Concretament es treballar\u00e0 en 6 entorns:<ul><li>Entorn de l\u2019Escola del Treball, que inclou l\u2019ampliaci\u00f3 de voreres en dos carrers dels itineraris escolars al Passatge la Premsa i Ramon Llull, l\u2019execuci\u00f3 de passos elevats als camins i millora de l\u2019accessibilitat en aquests.<\/li><li>Entorn de Col\u00b7legi Sant Josep de Calassan\u00e7, amb l\u2019execuci\u00f3 d\u2019una plataforma \u00fanica i l\u2019ampliaci\u00f3 d\u2019espai per a vianants al carrer Comtessa Elvira i ampliaci\u00f3 de voreres al carrer Alfred Perenya.<\/li><li>Entorn de l\u2019Escola Pardinyes, amb l\u2019ampliaci\u00f3 de voreres en els carrers. Afecta a Anastasi Pin\u00f3s i Jeroni Pujades. A m\u00e9s, es far\u00e0 plantaci\u00f3 d\u2019arbres i millora de l\u2019accessibilitat.<\/li><li>Entorn de l\u2019Escola Ciutat Jard\u00ed. En aquest cas, hi ha la transformaci\u00f3 en plataforma \u00fanica del tram del carrer Dolors Sistac davant del centre, l\u2019ampliaci\u00f3 de voreres de la resta del carrer i la urbanitzaci\u00f3 de la vorera del carrer Del Roure, actualment no urbanitzada.<\/li><li>Entorn de les escoles del barri de la Bordeta: es preveu la transformaci\u00f3 a plataforma \u00fanica i l\u2019ampliaci\u00f3 de les voreres al carrer Hostal de la Bordeta, aix\u00ed com la urbanitzaci\u00f3 de la vorera a Av. Flix (no existent) i carril bici per accedir a las escoles.<\/li><li>El c\/ Pened\u00e8s, amb l\u2019ampliaci\u00f3 de la vorera no accessible al carrer que dona acc\u00e9s al Centre C\u00edvic i l\u2019escola infantil de Bal\u00e0fia.<\/li><\/ul><\/li><li>Actuaci\u00f3 vinculada a la mobilitat amb bicicleta, amb la construcci\u00f3 de carril bici a dos dels eixos principals de la ciutat:<ul><li>A Alcalde Rovira Roure, amb carril bici a partir del Gran Passeig de Ronda.<\/li><li>A Prat de la Riba, amb un carril bicicleta unidireccional en cada sentit, a partir del carrer Sant Ruf i fins a Bar\u00f3 de Maials.<\/li><\/ul><p>En aquesta part, tamb\u00e9 ha l\u2019execuci\u00f3 de carrils bici per a la implementaci\u00f3 de camins escolars dins dels col\u00b7legis situats als diferents barris de la ciutat.<\/p><\/li><li>Actuaci\u00f3 vinculada a la mobilitat a peu i s\u2019especifica en dos eixos b\u00e0sics per a la ciutat. S\u2019ampliaran voreres i es millorar\u00e0 l\u2019accessibilitat i el confort de:<ul><li>l\u2019avinguda Ind\u00fastria, on es millorar\u00e0 i s\u2019ampliar\u00e0 la vorera dels n\u00fameros imparells.<\/li><li>la rambla de Ferran i l\u2019avinguda de Francesc Maci\u00e0, on, com en els anteriors espais, s\u2019ampliaran les voreres que en alguns trams no s\u00f3n accessibles.<\/li><\/ul><\/li><\/ol><p><strong>Nou model de mobilitat a la ciutat<\/strong><\/p><p>Postius ha comentat l\u2019estat d\u2019algunes actuacions que estan en marxa a la ciutat dins el projecte de ZBE i de canvi de model de mobilitat. Entre altres, ha apuntat la instal\u00b7laci\u00f3 de m\u00e0quines expenedores de zona blava, que ja estan operatives; que a finals de maig estaran les obres de la rambla d\u2019Arag\u00f3, on ara es procedir\u00e0 a completar la pavimentaci\u00f3 i la plantaci\u00f3 d\u2019arbrat; que els treballs a Prat de la Riba estaran acabades a principis de juny, o que les obres al pont de Pardinyes, d\u2019acc\u00e9s al pol\u00edgon, comen\u00e7aran aviat el marge dret de l\u2019avinguda Ind\u00fastria.<\/p><p><strong>Resum dels projectes NextGenerationEU de la Paeria, en el marc del PRTR<\/strong><\/p><p>L\u2019Ajuntament de Lleida ha presentat 37 sol\u00b7licituds a les diverses convocat\u00f2ries obertes per optar als fons NextGenerationEU i dins del Pla de Recuperaci\u00f3, Transformaci\u00f3 i Resili\u00e8ncia de l\u2019Estat. D\u2019aquests, amb el d\u2019avui, s\u2019han concedit 15 projectes, que suposen una inversi\u00f3 de quasi 30 milions d\u2019euros, amb m\u00e9s de dues terceres parts finan\u00e7ades amb fons europeus, m\u00e9s de 21 milions d\u2019euros. L\u2019alcalde ha reiterat que els projectes que es duran a terme permetran donar un impuls econ\u00f2mic i social a la ciutat. Entre altres, cal recordar que estan en marxa el projecte Urban-nat d\u2019adaptaci\u00f3 al canvi clim\u00e0tic i millora de la biodiversitat urbana de Lleida, la rehabilitaci\u00f3 del Palau de Vidre o diverses actuacions per a la transformaci\u00f3 digital en l\u2019administraci\u00f3 local.<\/p>\t\t\t\t\t\t\t\t<\/div>\n\t\t\t\t<\/div>\n\t\t\t\t\t<\/div>\n\t\t<\/div>\n\t\t\t\t\t<\/div>\n\t\t<\/section>\n\t\t\t\t<section class=\"elementor-section elementor-top-section elementor-element elementor-element-e74943f elementor-section-boxed elementor-section-height-default elementor-section-height-default\" data-id=\"e74943f\" data-element_type=\"section\" data-e-type=\"section\">\n\t\t\t\t\t\t<div class=\"elementor-container elementor-column-gap-default\">\n\t\t\t\t\t<div class=\"elementor-column elementor-col-33 elementor-top-column elementor-element elementor-element-09825b8\" data-id=\"09825b8\" data-element_type=\"column\" data-e-type=\"column\">\n\t\t\t<div class=\"elementor-widget-wrap elementor-element-populated\">\n\t\t\t\t\t\t<div class=\"elementor-element elementor-element-1fe72f0 elementor-widget elementor-widget-image\" data-id=\"1fe72f0\" data-element_type=\"widget\" data-e-type=\"widget\" data-widget_type=\"image.default\">\n\t\t\t\t<div class=\"elementor-widget-container\">\n\t\t\t\t\t\t\t\t\t\t\t\t\t\t\t<img fetchpriority=\"high\" decoding=\"async\" width=\"873\" height=\"255\" src=\"https:\/\/nextgeneration.paeria.cat\/web\/wp-content\/uploads\/2022\/11\/Financat-per-la-Unio-Europea.jpg\" class=\"attachment-large size-large wp-image-1883\" alt=\"Logo Uni\u00f3 Europea NextGeneration\" srcset=\"https:\/\/nextgeneration.paeria.cat\/web\/wp-content\/uploads\/2022\/11\/Financat-per-la-Unio-Europea.jpg 873w, https:\/\/nextgeneration.paeria.cat\/web\/wp-content\/uploads\/2022\/11\/Financat-per-la-Unio-Europea-300x88.jpg 300w, https:\/\/nextgeneration.paeria.cat\/web\/wp-content\/uploads\/2022\/11\/Financat-per-la-Unio-Europea-768x224.jpg 768w\" sizes=\"(max-width: 873px) 100vw, 873px\" \/>\t\t\t\t\t\t\t\t\t\t\t\t\t\t\t<\/div>\n\t\t\t\t<\/div>\n\t\t\t\t\t<\/div>\n\t\t<\/div>\n\t\t\t\t<div class=\"elementor-column elementor-col-33 elementor-top-column elementor-element elementor-element-d682e0e\" data-id=\"d682e0e\" data-element_type=\"column\" data-e-type=\"column\">\n\t\t\t<div class=\"elementor-widget-wrap elementor-element-populated\">\n\t\t\t\t\t\t<div class=\"elementor-element elementor-element-8584653 elementor-widget elementor-widget-image\" data-id=\"8584653\" data-element_type=\"widget\" data-e-type=\"widget\" data-widget_type=\"image.default\">\n\t\t\t\t<div class=\"elementor-widget-container\">\n\t\t\t\t\t\t\t\t\t\t\t\t\t\t\t<img decoding=\"async\" width=\"973\" height=\"292\" src=\"https:\/\/nextgeneration.paeria.cat\/web\/wp-content\/uploads\/2022\/11\/logo-catala.png\" class=\"attachment-large size-large wp-image-2112\" alt=\"Pla de Recuperaci\u00f3, Transformaci\u00f3 i Resili\u00e8ncia. Gobierno de Espa\u00f1a.\" srcset=\"https:\/\/nextgeneration.paeria.cat\/web\/wp-content\/uploads\/2022\/11\/logo-catala.png 973w, https:\/\/nextgeneration.paeria.cat\/web\/wp-content\/uploads\/2022\/11\/logo-catala-300x90.png 300w, https:\/\/nextgeneration.paeria.cat\/web\/wp-content\/uploads\/2022\/11\/logo-catala-768x230.png 768w\" sizes=\"(max-width: 973px) 100vw, 973px\" \/>\t\t\t\t\t\t\t\t\t\t\t\t\t\t\t<\/div>\n\t\t\t\t<\/div>\n\t\t\t\t\t<\/div>\n\t\t<\/div>\n\t\t\t\t<div class=\"elementor-column elementor-col-33 elementor-top-column elementor-element elementor-element-5854b81\" data-id=\"5854b81\" data-element_type=\"column\" data-e-type=\"column\">\n\t\t\t<div class=\"elementor-widget-wrap elementor-element-populated\">\n\t\t\t\t\t\t<div class=\"elementor-element elementor-element-d593b3e elementor-widget elementor-widget-image\" data-id=\"d593b3e\" data-element_type=\"widget\" data-e-type=\"widget\" data-widget_type=\"image.default\">\n\t\t\t\t<div class=\"elementor-widget-container\">\n\t\t\t\t\t\t\t\t\t\t\t\t\t\t\t<img decoding=\"async\" width=\"1024\" height=\"274\" src=\"https:\/\/nextgeneration.paeria.cat\/web\/wp-content\/uploads\/2022\/11\/MTMAU.Gob_-1024x274.jpg\" class=\"attachment-large size-large wp-image-1885\" alt=\"Logotip del Ministerio de Transportes, Movilidad y Agenda urbana\" srcset=\"https:\/\/nextgeneration.paeria.cat\/web\/wp-content\/uploads\/2022\/11\/MTMAU.Gob_-1024x274.jpg 1024w, https:\/\/nextgeneration.paeria.cat\/web\/wp-content\/uploads\/2022\/11\/MTMAU.Gob_-300x80.jpg 300w, https:\/\/nextgeneration.paeria.cat\/web\/wp-content\/uploads\/2022\/11\/MTMAU.Gob_-768x205.jpg 768w, https:\/\/nextgeneration.paeria.cat\/web\/wp-content\/uploads\/2022\/11\/MTMAU.Gob_-1536x411.jpg 1536w, https:\/\/nextgeneration.paeria.cat\/web\/wp-content\/uploads\/2022\/11\/MTMAU.Gob_.jpg 2008w\" sizes=\"(max-width: 1024px) 100vw, 1024px\" \/>\t\t\t\t\t\t\t\t\t\t\t\t\t\t\t<\/div>\n\t\t\t\t<\/div>\n\t\t\t\t\t<\/div>\n\t\t<\/div>\n\t\t\t\t\t<\/div>\n\t\t<\/section>\n\t\t\t\t<\/div>\n\t\t","protected":false},"excerpt":{"rendered":"<p>Concedit l\u2019ajut de 5,49 milions d\u2019euros a un nou projecte, que dona continu\u00eftat al que ja est\u00e0 en marxa de la implantaci\u00f3 de Zones de Baixa Emissi\u00f3 i per a un canvi de model de mobilitat a la ciutat. S\u2019actuar\u00e0 en entorns escolars, en nous trams de carril bici i s\u2019adquiriran tres nous autobusos el\u00e8ctrics. &#8230; <a title=\"La Paeria obt\u00e9 m\u00e9s fons Next Generation per a millores en el transport p\u00fablic i en la mobilitat a peu i en bicicleta\" class=\"read-more\" href=\"https:\/\/nextgeneration.paeria.cat\/web\/la-paeria-obte-mes-fons-next-generation-per-a-millores-en-el-transport-public-i-en-la-mobilitat-a-peu-i-en-bicicleta\/\" aria-label=\"M\u00e9s informaci\u00f3 sobre La Paeria obt\u00e9 m\u00e9s fons Next Generation per a millores en el transport p\u00fablic i en la mobilitat a peu i en bicicleta\">Llegiu m\u00e9s<\/a><\/p>\n","protected":false},"author":2,"featured_media":3685,"comment_status":"closed","ping_status":"closed","sticky":false,"template":"","format":"standard","meta":{"_sitemap_exclude":false,"_sitemap_priority":"","_sitemap_frequency":"","footnotes":""},"categories":[4],"tags":[],"class_list":["post-3684","post","type-post","status-publish","format-standard","has-post-thumbnail","hentry","category-noticies"],"yoast_head":"<!-- This site is optimized with the Yoast SEO plugin v27.5 - https:\/\/yoast.com\/product\/yoast-seo-wordpress\/ -->\n<title>La Paeria obt\u00e9 m\u00e9s fons Next Generation per a millores en el transport p\u00fablic i en la mobilitat a peu i en bicicleta - Next Generation Lleida - Propostes de projectes - La Paeria - Ajuntament de Lleida<\/title>\n<meta name=\"robots\" content=\"index, follow, max-snippet:-1, max-image-preview:large, max-video-preview:-1\" \/>\n<link rel=\"canonical\" href=\"https:\/\/nextgeneration.paeria.cat\/web\/la-paeria-obte-mes-fons-next-generation-per-a-millores-en-el-transport-public-i-en-la-mobilitat-a-peu-i-en-bicicleta\/\" \/>\n<meta property=\"og:locale\" content=\"ca_ES\" \/>\n<meta property=\"og:type\" content=\"article\" \/>\n<meta property=\"og:title\" content=\"La Paeria obt\u00e9 m\u00e9s fons Next Generation per a millores en el transport p\u00fablic i en la mobilitat a peu i en bicicleta - Next Generation Lleida - Propostes de projectes - La Paeria - Ajuntament de Lleida\" \/>\n<meta property=\"og:description\" content=\"Concedit l\u2019ajut de 5,49 milions d\u2019euros a un nou projecte, que dona continu\u00eftat al que ja est\u00e0 en marxa de la implantaci\u00f3 de Zones de Baixa Emissi\u00f3 i per a un canvi de model de mobilitat a la ciutat. S\u2019actuar\u00e0 en entorns escolars, en nous trams de carril bici i s\u2019adquiriran tres nous autobusos el\u00e8ctrics. ... Llegiu m\u00e9s\" \/>\n<meta property=\"og:url\" content=\"https:\/\/nextgeneration.paeria.cat\/web\/la-paeria-obte-mes-fons-next-generation-per-a-millores-en-el-transport-public-i-en-la-mobilitat-a-peu-i-en-bicicleta\/\" \/>\n<meta property=\"og:site_name\" content=\"Next Generation Lleida - Propostes de projectes - La Paeria - Ajuntament de Lleida\" \/>\n<meta property=\"article:published_time\" content=\"2023-04-27T10:42:05+00:00\" \/>\n<meta property=\"article:modified_time\" content=\"2023-05-02T10:57:24+00:00\" \/>\n<meta property=\"og:image\" content=\"https:\/\/nextgeneration.paeria.cat\/web\/wp-content\/uploads\/2023\/05\/27-04-2023.jpg\" \/>\n\t<meta property=\"og:image:width\" content=\"768\" \/>\n\t<meta property=\"og:image:height\" content=\"512\" \/>\n\t<meta property=\"og:image:type\" content=\"image\/jpeg\" \/>\n<meta name=\"author\" content=\"admin-nextgeneration\" \/>\n<meta name=\"twitter:card\" content=\"summary_large_image\" \/>\n<meta name=\"twitter:label1\" content=\"Escrit per\" \/>\n\t<meta name=\"twitter:data1\" content=\"admin-nextgeneration\" \/>\n\t<meta name=\"twitter:label2\" content=\"Temps estimat de lectura\" \/>\n\t<meta name=\"twitter:data2\" content=\"8 minuts\" \/>\n<script type=\"application\/ld+json\" class=\"yoast-schema-graph\">{\"@context\":\"https:\\\/\\\/schema.org\",\"@graph\":[{\"@type\":\"Article\",\"@id\":\"https:\\\/\\\/nextgeneration.paeria.cat\\\/web\\\/la-paeria-obte-mes-fons-next-generation-per-a-millores-en-el-transport-public-i-en-la-mobilitat-a-peu-i-en-bicicleta\\\/#article\",\"isPartOf\":{\"@id\":\"https:\\\/\\\/nextgeneration.paeria.cat\\\/web\\\/la-paeria-obte-mes-fons-next-generation-per-a-millores-en-el-transport-public-i-en-la-mobilitat-a-peu-i-en-bicicleta\\\/\"},\"author\":{\"name\":\"admin-nextgeneration\",\"@id\":\"https:\\\/\\\/nextgeneration.paeria.cat\\\/web\\\/#\\\/schema\\\/person\\\/a12a490165bc044605332926bbdc1189\"},\"headline\":\"La Paeria obt\u00e9 m\u00e9s fons Next Generation per a millores en el transport p\u00fablic i en la mobilitat a peu i en bicicleta\",\"datePublished\":\"2023-04-27T10:42:05+00:00\",\"dateModified\":\"2023-05-02T10:57:24+00:00\",\"mainEntityOfPage\":{\"@id\":\"https:\\\/\\\/nextgeneration.paeria.cat\\\/web\\\/la-paeria-obte-mes-fons-next-generation-per-a-millores-en-el-transport-public-i-en-la-mobilitat-a-peu-i-en-bicicleta\\\/\"},\"wordCount\":1338,\"publisher\":{\"@id\":\"https:\\\/\\\/nextgeneration.paeria.cat\\\/web\\\/#organization\"},\"image\":{\"@id\":\"https:\\\/\\\/nextgeneration.paeria.cat\\\/web\\\/la-paeria-obte-mes-fons-next-generation-per-a-millores-en-el-transport-public-i-en-la-mobilitat-a-peu-i-en-bicicleta\\\/#primaryimage\"},\"thumbnailUrl\":\"https:\\\/\\\/nextgeneration.paeria.cat\\\/web\\\/wp-content\\\/uploads\\\/2023\\\/05\\\/27-04-2023.jpg\",\"articleSection\":[\"Not\u00edcies\"],\"inLanguage\":\"ca\"},{\"@type\":\"WebPage\",\"@id\":\"https:\\\/\\\/nextgeneration.paeria.cat\\\/web\\\/la-paeria-obte-mes-fons-next-generation-per-a-millores-en-el-transport-public-i-en-la-mobilitat-a-peu-i-en-bicicleta\\\/\",\"url\":\"https:\\\/\\\/nextgeneration.paeria.cat\\\/web\\\/la-paeria-obte-mes-fons-next-generation-per-a-millores-en-el-transport-public-i-en-la-mobilitat-a-peu-i-en-bicicleta\\\/\",\"name\":\"La Paeria obt\u00e9 m\u00e9s fons Next Generation per a millores en el transport p\u00fablic i en la mobilitat a peu i en bicicleta - Next Generation Lleida - Propostes de projectes - La Paeria - Ajuntament de Lleida\",\"isPartOf\":{\"@id\":\"https:\\\/\\\/nextgeneration.paeria.cat\\\/web\\\/#website\"},\"primaryImageOfPage\":{\"@id\":\"https:\\\/\\\/nextgeneration.paeria.cat\\\/web\\\/la-paeria-obte-mes-fons-next-generation-per-a-millores-en-el-transport-public-i-en-la-mobilitat-a-peu-i-en-bicicleta\\\/#primaryimage\"},\"image\":{\"@id\":\"https:\\\/\\\/nextgeneration.paeria.cat\\\/web\\\/la-paeria-obte-mes-fons-next-generation-per-a-millores-en-el-transport-public-i-en-la-mobilitat-a-peu-i-en-bicicleta\\\/#primaryimage\"},\"thumbnailUrl\":\"https:\\\/\\\/nextgeneration.paeria.cat\\\/web\\\/wp-content\\\/uploads\\\/2023\\\/05\\\/27-04-2023.jpg\",\"datePublished\":\"2023-04-27T10:42:05+00:00\",\"dateModified\":\"2023-05-02T10:57:24+00:00\",\"breadcrumb\":{\"@id\":\"https:\\\/\\\/nextgeneration.paeria.cat\\\/web\\\/la-paeria-obte-mes-fons-next-generation-per-a-millores-en-el-transport-public-i-en-la-mobilitat-a-peu-i-en-bicicleta\\\/#breadcrumb\"},\"inLanguage\":\"ca\",\"potentialAction\":[{\"@type\":\"ReadAction\",\"target\":[\"https:\\\/\\\/nextgeneration.paeria.cat\\\/web\\\/la-paeria-obte-mes-fons-next-generation-per-a-millores-en-el-transport-public-i-en-la-mobilitat-a-peu-i-en-bicicleta\\\/\"]}]},{\"@type\":\"ImageObject\",\"inLanguage\":\"ca\",\"@id\":\"https:\\\/\\\/nextgeneration.paeria.cat\\\/web\\\/la-paeria-obte-mes-fons-next-generation-per-a-millores-en-el-transport-public-i-en-la-mobilitat-a-peu-i-en-bicicleta\\\/#primaryimage\",\"url\":\"https:\\\/\\\/nextgeneration.paeria.cat\\\/web\\\/wp-content\\\/uploads\\\/2023\\\/05\\\/27-04-2023.jpg\",\"contentUrl\":\"https:\\\/\\\/nextgeneration.paeria.cat\\\/web\\\/wp-content\\\/uploads\\\/2023\\\/05\\\/27-04-2023.jpg\",\"width\":768,\"height\":512,\"caption\":\"La Paeria obt\u00e9 m\u00e9s fons Next Generation per a millores en el transport p\u00fablic i en la mobilitat a peu i en bicicleta\"},{\"@type\":\"BreadcrumbList\",\"@id\":\"https:\\\/\\\/nextgeneration.paeria.cat\\\/web\\\/la-paeria-obte-mes-fons-next-generation-per-a-millores-en-el-transport-public-i-en-la-mobilitat-a-peu-i-en-bicicleta\\\/#breadcrumb\",\"itemListElement\":[{\"@type\":\"ListItem\",\"position\":1,\"name\":\"Inici\",\"item\":\"https:\\\/\\\/nextgeneration.paeria.cat\\\/web\\\/\"},{\"@type\":\"ListItem\",\"position\":2,\"name\":\"La Paeria obt\u00e9 m\u00e9s fons Next Generation per a millores en el transport p\u00fablic i en la mobilitat a peu i en bicicleta\"}]},{\"@type\":\"WebSite\",\"@id\":\"https:\\\/\\\/nextgeneration.paeria.cat\\\/web\\\/#website\",\"url\":\"https:\\\/\\\/nextgeneration.paeria.cat\\\/web\\\/\",\"name\":\"Next Generation Lleida - Propostes de projectes - La Paeria - Ajuntament de Lleida\",\"description\":\"\",\"publisher\":{\"@id\":\"https:\\\/\\\/nextgeneration.paeria.cat\\\/web\\\/#organization\"},\"potentialAction\":[{\"@type\":\"SearchAction\",\"target\":{\"@type\":\"EntryPoint\",\"urlTemplate\":\"https:\\\/\\\/nextgeneration.paeria.cat\\\/web\\\/?s={search_term_string}\"},\"query-input\":{\"@type\":\"PropertyValueSpecification\",\"valueRequired\":true,\"valueName\":\"search_term_string\"}}],\"inLanguage\":\"ca\"},{\"@type\":\"Organization\",\"@id\":\"https:\\\/\\\/nextgeneration.paeria.cat\\\/web\\\/#organization\",\"name\":\"Next Generation Lleida - Propostes de projectes - La Paeria - Ajuntament de Lleida\",\"url\":\"https:\\\/\\\/nextgeneration.paeria.cat\\\/web\\\/\",\"logo\":{\"@type\":\"ImageObject\",\"inLanguage\":\"ca\",\"@id\":\"https:\\\/\\\/nextgeneration.paeria.cat\\\/web\\\/#\\\/schema\\\/logo\\\/image\\\/\",\"url\":\"https:\\\/\\\/nextgeneration.paeria.cat\\\/web\\\/wp-content\\\/uploads\\\/2023\\\/09\\\/cropped-titol.png\",\"contentUrl\":\"https:\\\/\\\/nextgeneration.paeria.cat\\\/web\\\/wp-content\\\/uploads\\\/2023\\\/09\\\/cropped-titol.png\",\"width\":1100,\"height\":220,\"caption\":\"Next Generation Lleida - Propostes de projectes - La Paeria - Ajuntament de Lleida\"},\"image\":{\"@id\":\"https:\\\/\\\/nextgeneration.paeria.cat\\\/web\\\/#\\\/schema\\\/logo\\\/image\\\/\"}},{\"@type\":\"Person\",\"@id\":\"https:\\\/\\\/nextgeneration.paeria.cat\\\/web\\\/#\\\/schema\\\/person\\\/a12a490165bc044605332926bbdc1189\",\"name\":\"admin-nextgeneration\",\"image\":{\"@type\":\"ImageObject\",\"inLanguage\":\"ca\",\"@id\":\"https:\\\/\\\/secure.gravatar.com\\\/avatar\\\/01bed9d6851a1f9c8ab5eb704ab3e7882815867f87a0ef562e77261bef722cbe?s=96&d=mm&r=g\",\"url\":\"https:\\\/\\\/secure.gravatar.com\\\/avatar\\\/01bed9d6851a1f9c8ab5eb704ab3e7882815867f87a0ef562e77261bef722cbe?s=96&d=mm&r=g\",\"contentUrl\":\"https:\\\/\\\/secure.gravatar.com\\\/avatar\\\/01bed9d6851a1f9c8ab5eb704ab3e7882815867f87a0ef562e77261bef722cbe?s=96&d=mm&r=g\",\"caption\":\"admin-nextgeneration\"}}]}<\/script>\n<!-- \/ Yoast SEO plugin. -->","yoast_head_json":{"title":"La Paeria obt\u00e9 m\u00e9s fons Next Generation per a millores en el transport p\u00fablic i en la mobilitat a peu i en bicicleta - Next Generation Lleida - Propostes de projectes - La Paeria - Ajuntament de Lleida","robots":{"index":"index","follow":"follow","max-snippet":"max-snippet:-1","max-image-preview":"max-image-preview:large","max-video-preview":"max-video-preview:-1"},"canonical":"https:\/\/nextgeneration.paeria.cat\/web\/la-paeria-obte-mes-fons-next-generation-per-a-millores-en-el-transport-public-i-en-la-mobilitat-a-peu-i-en-bicicleta\/","og_locale":"ca_ES","og_type":"article","og_title":"La Paeria obt\u00e9 m\u00e9s fons Next Generation per a millores en el transport p\u00fablic i en la mobilitat a peu i en bicicleta - Next Generation Lleida - Propostes de projectes - La Paeria - Ajuntament de Lleida","og_description":"Concedit l\u2019ajut de 5,49 milions d\u2019euros a un nou projecte, que dona continu\u00eftat al que ja est\u00e0 en marxa de la implantaci\u00f3 de Zones de Baixa Emissi\u00f3 i per a un canvi de model de mobilitat a la ciutat. S\u2019actuar\u00e0 en entorns escolars, en nous trams de carril bici i s\u2019adquiriran tres nous autobusos el\u00e8ctrics. ... Llegiu m\u00e9s","og_url":"https:\/\/nextgeneration.paeria.cat\/web\/la-paeria-obte-mes-fons-next-generation-per-a-millores-en-el-transport-public-i-en-la-mobilitat-a-peu-i-en-bicicleta\/","og_site_name":"Next Generation Lleida - Propostes de projectes - La Paeria - Ajuntament de Lleida","article_published_time":"2023-04-27T10:42:05+00:00","article_modified_time":"2023-05-02T10:57:24+00:00","og_image":[{"width":768,"height":512,"url":"https:\/\/nextgeneration.paeria.cat\/web\/wp-content\/uploads\/2023\/05\/27-04-2023.jpg","type":"image\/jpeg"}],"author":"admin-nextgeneration","twitter_card":"summary_large_image","twitter_misc":{"Escrit per":"admin-nextgeneration","Temps estimat de lectura":"8 minuts"},"schema":{"@context":"https:\/\/schema.org","@graph":[{"@type":"Article","@id":"https:\/\/nextgeneration.paeria.cat\/web\/la-paeria-obte-mes-fons-next-generation-per-a-millores-en-el-transport-public-i-en-la-mobilitat-a-peu-i-en-bicicleta\/#article","isPartOf":{"@id":"https:\/\/nextgeneration.paeria.cat\/web\/la-paeria-obte-mes-fons-next-generation-per-a-millores-en-el-transport-public-i-en-la-mobilitat-a-peu-i-en-bicicleta\/"},"author":{"name":"admin-nextgeneration","@id":"https:\/\/nextgeneration.paeria.cat\/web\/#\/schema\/person\/a12a490165bc044605332926bbdc1189"},"headline":"La Paeria obt\u00e9 m\u00e9s fons Next Generation per a millores en el transport p\u00fablic i en la mobilitat a peu i en bicicleta","datePublished":"2023-04-27T10:42:05+00:00","dateModified":"2023-05-02T10:57:24+00:00","mainEntityOfPage":{"@id":"https:\/\/nextgeneration.paeria.cat\/web\/la-paeria-obte-mes-fons-next-generation-per-a-millores-en-el-transport-public-i-en-la-mobilitat-a-peu-i-en-bicicleta\/"},"wordCount":1338,"publisher":{"@id":"https:\/\/nextgeneration.paeria.cat\/web\/#organization"},"image":{"@id":"https:\/\/nextgeneration.paeria.cat\/web\/la-paeria-obte-mes-fons-next-generation-per-a-millores-en-el-transport-public-i-en-la-mobilitat-a-peu-i-en-bicicleta\/#primaryimage"},"thumbnailUrl":"https:\/\/nextgeneration.paeria.cat\/web\/wp-content\/uploads\/2023\/05\/27-04-2023.jpg","articleSection":["Not\u00edcies"],"inLanguage":"ca"},{"@type":"WebPage","@id":"https:\/\/nextgeneration.paeria.cat\/web\/la-paeria-obte-mes-fons-next-generation-per-a-millores-en-el-transport-public-i-en-la-mobilitat-a-peu-i-en-bicicleta\/","url":"https:\/\/nextgeneration.paeria.cat\/web\/la-paeria-obte-mes-fons-next-generation-per-a-millores-en-el-transport-public-i-en-la-mobilitat-a-peu-i-en-bicicleta\/","name":"La Paeria obt\u00e9 m\u00e9s fons Next Generation per a millores en el transport p\u00fablic i en la mobilitat a peu i en bicicleta - Next Generation Lleida - Propostes de projectes - La Paeria - Ajuntament de Lleida","isPartOf":{"@id":"https:\/\/nextgeneration.paeria.cat\/web\/#website"},"primaryImageOfPage":{"@id":"https:\/\/nextgeneration.paeria.cat\/web\/la-paeria-obte-mes-fons-next-generation-per-a-millores-en-el-transport-public-i-en-la-mobilitat-a-peu-i-en-bicicleta\/#primaryimage"},"image":{"@id":"https:\/\/nextgeneration.paeria.cat\/web\/la-paeria-obte-mes-fons-next-generation-per-a-millores-en-el-transport-public-i-en-la-mobilitat-a-peu-i-en-bicicleta\/#primaryimage"},"thumbnailUrl":"https:\/\/nextgeneration.paeria.cat\/web\/wp-content\/uploads\/2023\/05\/27-04-2023.jpg","datePublished":"2023-04-27T10:42:05+00:00","dateModified":"2023-05-02T10:57:24+00:00","breadcrumb":{"@id":"https:\/\/nextgeneration.paeria.cat\/web\/la-paeria-obte-mes-fons-next-generation-per-a-millores-en-el-transport-public-i-en-la-mobilitat-a-peu-i-en-bicicleta\/#breadcrumb"},"inLanguage":"ca","potentialAction":[{"@type":"ReadAction","target":["https:\/\/nextgeneration.paeria.cat\/web\/la-paeria-obte-mes-fons-next-generation-per-a-millores-en-el-transport-public-i-en-la-mobilitat-a-peu-i-en-bicicleta\/"]}]},{"@type":"ImageObject","inLanguage":"ca","@id":"https:\/\/nextgeneration.paeria.cat\/web\/la-paeria-obte-mes-fons-next-generation-per-a-millores-en-el-transport-public-i-en-la-mobilitat-a-peu-i-en-bicicleta\/#primaryimage","url":"https:\/\/nextgeneration.paeria.cat\/web\/wp-content\/uploads\/2023\/05\/27-04-2023.jpg","contentUrl":"https:\/\/nextgeneration.paeria.cat\/web\/wp-content\/uploads\/2023\/05\/27-04-2023.jpg","width":768,"height":512,"caption":"La Paeria obt\u00e9 m\u00e9s fons Next Generation per a millores en el transport p\u00fablic i en la mobilitat a peu i en bicicleta"},{"@type":"BreadcrumbList","@id":"https:\/\/nextgeneration.paeria.cat\/web\/la-paeria-obte-mes-fons-next-generation-per-a-millores-en-el-transport-public-i-en-la-mobilitat-a-peu-i-en-bicicleta\/#breadcrumb","itemListElement":[{"@type":"ListItem","position":1,"name":"Inici","item":"https:\/\/nextgeneration.paeria.cat\/web\/"},{"@type":"ListItem","position":2,"name":"La Paeria obt\u00e9 m\u00e9s fons Next Generation per a millores en el transport p\u00fablic i en la mobilitat a peu i en bicicleta"}]},{"@type":"WebSite","@id":"https:\/\/nextgeneration.paeria.cat\/web\/#website","url":"https:\/\/nextgeneration.paeria.cat\/web\/","name":"Next Generation Lleida - Propostes de projectes - La Paeria - Ajuntament de Lleida","description":"","publisher":{"@id":"https:\/\/nextgeneration.paeria.cat\/web\/#organization"},"potentialAction":[{"@type":"SearchAction","target":{"@type":"EntryPoint","urlTemplate":"https:\/\/nextgeneration.paeria.cat\/web\/?s={search_term_string}"},"query-input":{"@type":"PropertyValueSpecification","valueRequired":true,"valueName":"search_term_string"}}],"inLanguage":"ca"},{"@type":"Organization","@id":"https:\/\/nextgeneration.paeria.cat\/web\/#organization","name":"Next Generation Lleida - Propostes de projectes - La Paeria - Ajuntament de Lleida","url":"https:\/\/nextgeneration.paeria.cat\/web\/","logo":{"@type":"ImageObject","inLanguage":"ca","@id":"https:\/\/nextgeneration.paeria.cat\/web\/#\/schema\/logo\/image\/","url":"https:\/\/nextgeneration.paeria.cat\/web\/wp-content\/uploads\/2023\/09\/cropped-titol.png","contentUrl":"https:\/\/nextgeneration.paeria.cat\/web\/wp-content\/uploads\/2023\/09\/cropped-titol.png","width":1100,"height":220,"caption":"Next Generation Lleida - Propostes de projectes - La Paeria - Ajuntament de Lleida"},"image":{"@id":"https:\/\/nextgeneration.paeria.cat\/web\/#\/schema\/logo\/image\/"}},{"@type":"Person","@id":"https:\/\/nextgeneration.paeria.cat\/web\/#\/schema\/person\/a12a490165bc044605332926bbdc1189","name":"admin-nextgeneration","image":{"@type":"ImageObject","inLanguage":"ca","@id":"https:\/\/secure.gravatar.com\/avatar\/01bed9d6851a1f9c8ab5eb704ab3e7882815867f87a0ef562e77261bef722cbe?s=96&d=mm&r=g","url":"https:\/\/secure.gravatar.com\/avatar\/01bed9d6851a1f9c8ab5eb704ab3e7882815867f87a0ef562e77261bef722cbe?s=96&d=mm&r=g","contentUrl":"https:\/\/secure.gravatar.com\/avatar\/01bed9d6851a1f9c8ab5eb704ab3e7882815867f87a0ef562e77261bef722cbe?s=96&d=mm&r=g","caption":"admin-nextgeneration"}}]}},"_links":{"self":[{"href":"https:\/\/nextgeneration.paeria.cat\/web\/wp-json\/wp\/v2\/posts\/3684","targetHints":{"allow":["GET"]}}],"collection":[{"href":"https:\/\/nextgeneration.paeria.cat\/web\/wp-json\/wp\/v2\/posts"}],"about":[{"href":"https:\/\/nextgeneration.paeria.cat\/web\/wp-json\/wp\/v2\/types\/post"}],"author":[{"embeddable":true,"href":"https:\/\/nextgeneration.paeria.cat\/web\/wp-json\/wp\/v2\/users\/2"}],"replies":[{"embeddable":true,"href":"https:\/\/nextgeneration.paeria.cat\/web\/wp-json\/wp\/v2\/comments?post=3684"}],"version-history":[{"count":5,"href":"https:\/\/nextgeneration.paeria.cat\/web\/wp-json\/wp\/v2\/posts\/3684\/revisions"}],"predecessor-version":[{"id":3690,"href":"https:\/\/nextgeneration.paeria.cat\/web\/wp-json\/wp\/v2\/posts\/3684\/revisions\/3690"}],"wp:featuredmedia":[{"embeddable":true,"href":"https:\/\/nextgeneration.paeria.cat\/web\/wp-json\/wp\/v2\/media\/3685"}],"wp:attachment":[{"href":"https:\/\/nextgeneration.paeria.cat\/web\/wp-json\/wp\/v2\/media?parent=3684"}],"wp:term":[{"taxonomy":"category","embeddable":true,"href":"https:\/\/nextgeneration.paeria.cat\/web\/wp-json\/wp\/v2\/categories?post=3684"},{"taxonomy":"post_tag","embeddable":true,"href":"https:\/\/nextgeneration.paeria.cat\/web\/wp-json\/wp\/v2\/tags?post=3684"}],"curies":[{"name":"wp","href":"https:\/\/api.w.org\/{rel}","templated":true}]}}