{"id":3696,"date":"2023-05-18T10:06:44","date_gmt":"2023-05-18T08:06:44","guid":{"rendered":"https:\/\/nextgeneration.paeria.cat\/web\/?p=3696"},"modified":"2026-02-26T15:52:05","modified_gmt":"2026-02-26T13:52:05","slug":"transformacio-sostenible-i-digital-del-transport-a-lleida","status":"publish","type":"post","link":"https:\/\/nextgeneration.paeria.cat\/web\/transformacio-sostenible-i-digital-del-transport-a-lleida\/","title":{"rendered":"Transformaci\u00f3 sostenible i digital del transport a Lleida"},"content":{"rendered":"\t\t<div data-elementor-type=\"wp-post\" data-elementor-id=\"3696\" class=\"elementor elementor-3696\">\n\t\t\t\t\t\t<section class=\"elementor-section elementor-top-section elementor-element elementor-element-104e94a elementor-section-boxed elementor-section-height-default elementor-section-height-default\" data-id=\"104e94a\" data-element_type=\"section\" data-e-type=\"section\">\n\t\t\t\t\t\t<div class=\"elementor-container elementor-column-gap-default\">\n\t\t\t\t\t<div class=\"elementor-column elementor-col-100 elementor-top-column elementor-element elementor-element-d52b4cb\" data-id=\"d52b4cb\" data-element_type=\"column\" data-e-type=\"column\">\n\t\t\t<div class=\"elementor-widget-wrap elementor-element-populated\">\n\t\t\t\t\t\t<div class=\"elementor-element elementor-element-3c53cdf elementor-widget elementor-widget-text-editor\" data-id=\"3c53cdf\" data-element_type=\"widget\" data-e-type=\"widget\" data-widget_type=\"text-editor.default\">\n\t\t\t\t<div class=\"elementor-widget-container\">\n\t\t\t\t\t\t\t\t\t<p><a href=\"https:\/\/nextgeneration.paeria.cat\/web\/\">Inici <\/a><img decoding=\"async\" src=\"https:\/\/nextgeneration.paeria.cat\/web\/wp-content\/uploads\/2021\/05\/li-color_15.png\" \/> Projectes <img decoding=\"async\" src=\"https:\/\/nextgeneration.paeria.cat\/web\/wp-content\/uploads\/2021\/05\/li-color_15.png\" \/> Next Generation Paeria <img decoding=\"async\" src=\"https:\/\/nextgeneration.paeria.cat\/web\/wp-content\/uploads\/2021\/05\/li-color_15.png\" \/> <a href=\"https:\/\/nextgeneration.paeria.cat\/web\/projectes-concedits-next-generation-lleida\/\">Projectes concedits<\/a>\u00a0<img decoding=\"async\" src=\"https:\/\/nextgeneration.paeria.cat\/web\/wp-content\/uploads\/2021\/05\/li-color_15.png\" \/> Transformaci\u00f3 sostenible i digital del transport a Lleida<\/p>\t\t\t\t\t\t\t\t<\/div>\n\t\t\t\t<\/div>\n\t\t\t\t\t<\/div>\n\t\t<\/div>\n\t\t\t\t\t<\/div>\n\t\t<\/section>\n\t\t\t\t<section class=\"elementor-section elementor-top-section elementor-element elementor-element-e8e22ba elementor-section-boxed elementor-section-height-default elementor-section-height-default\" data-id=\"e8e22ba\" data-element_type=\"section\" data-e-type=\"section\">\n\t\t\t\t\t\t<div class=\"elementor-container elementor-column-gap-default\">\n\t\t\t\t\t<div class=\"elementor-column elementor-col-100 elementor-top-column elementor-element elementor-element-132e0b4\" data-id=\"132e0b4\" data-element_type=\"column\" data-e-type=\"column\">\n\t\t\t<div class=\"elementor-widget-wrap elementor-element-populated\">\n\t\t\t\t\t\t<div class=\"elementor-element elementor-element-66214b3 elementor-widget elementor-widget-image\" data-id=\"66214b3\" data-element_type=\"widget\" data-e-type=\"widget\" data-widget_type=\"image.default\">\n\t\t\t\t<div class=\"elementor-widget-container\">\n\t\t\t\t\t\t\t\t\t\t\t\t\t\t\t<img decoding=\"async\" src=\"https:\/\/nextgeneration.paeria.cat\/web\/wp-content\/uploads\/2021\/05\/apartat01.png\" title=\"\" alt=\"\" loading=\"lazy\" \/>\t\t\t\t\t\t\t\t\t\t\t\t\t\t\t<\/div>\n\t\t\t\t<\/div>\n\t\t\t\t\t<\/div>\n\t\t<\/div>\n\t\t\t\t\t<\/div>\n\t\t<\/section>\n\t\t\t\t<section class=\"elementor-section elementor-top-section elementor-element elementor-element-c93f4f8 elementor-section-content-middle elementor-section-boxed elementor-section-height-default elementor-section-height-default\" data-id=\"c93f4f8\" data-element_type=\"section\" data-e-type=\"section\">\n\t\t\t\t\t\t\t<div class=\"elementor-background-overlay\"><\/div>\n\t\t\t\t\t\t\t<div class=\"elementor-container elementor-column-gap-default\">\n\t\t\t\t\t<div class=\"elementor-column elementor-col-100 elementor-top-column elementor-element elementor-element-0177bb6\" data-id=\"0177bb6\" data-element_type=\"column\" data-e-type=\"column\">\n\t\t\t<div class=\"elementor-widget-wrap elementor-element-populated\">\n\t\t\t\t\t\t<div class=\"elementor-element elementor-element-489aec6 elementor-widget elementor-widget-text-editor\" data-id=\"489aec6\" data-element_type=\"widget\" data-e-type=\"widget\" data-widget_type=\"text-editor.default\">\n\t\t\t\t<div class=\"elementor-widget-container\">\n\t\t\t\t\t\t\t\t\t<p>Durada i assoliment del projecte:<br \/><strong>Maig 2023 &#8211; Desembre 2025<\/strong><\/p>\t\t\t\t\t\t\t\t<\/div>\n\t\t\t\t<\/div>\n\t\t\t\t<div class=\"elementor-element elementor-element-00ab5c9 elementor-widget elementor-widget-progress\" data-id=\"00ab5c9\" data-element_type=\"widget\" data-e-type=\"widget\" data-widget_type=\"progress.default\">\n\t\t\t\t<div class=\"elementor-widget-container\">\n\t\t\t\t\t\n\t\t<div class=\"elementor-progress-wrapper\" role=\"progressbar\" aria-valuemin=\"0\" aria-valuemax=\"100\" aria-valuenow=\"100\" aria-valuetext=\"100% (Realitzat)\">\n\t\t\t<div class=\"elementor-progress-bar\" data-max=\"100\">\n\t\t\t\t<span class=\"elementor-progress-text\">Realitzat<\/span>\n\t\t\t\t\t\t\t\t\t<span class=\"elementor-progress-percentage\">100%<\/span>\n\t\t\t\t\t\t\t<\/div>\n\t\t<\/div>\n\t\t\t\t\t\t<\/div>\n\t\t\t\t<\/div>\n\t\t\t\t<div class=\"elementor-element elementor-element-e9585ce elementor-widget elementor-widget-spacer\" data-id=\"e9585ce\" data-element_type=\"widget\" data-e-type=\"widget\" data-widget_type=\"spacer.default\">\n\t\t\t\t<div class=\"elementor-widget-container\">\n\t\t\t\t\t\t\t<div class=\"elementor-spacer\">\n\t\t\t<div class=\"elementor-spacer-inner\"><\/div>\n\t\t<\/div>\n\t\t\t\t\t\t<\/div>\n\t\t\t\t<\/div>\n\t\t\t\t\t<\/div>\n\t\t<\/div>\n\t\t\t\t\t<\/div>\n\t\t<\/section>\n\t\t\t\t<section class=\"elementor-section elementor-top-section elementor-element elementor-element-34209e1 elementor-section-boxed elementor-section-height-default elementor-section-height-default\" data-id=\"34209e1\" data-element_type=\"section\" data-e-type=\"section\">\n\t\t\t\t\t\t<div class=\"elementor-container elementor-column-gap-default\">\n\t\t\t\t\t<div class=\"elementor-column elementor-col-50 elementor-top-column elementor-element elementor-element-bf8447e\" data-id=\"bf8447e\" data-element_type=\"column\" data-e-type=\"column\">\n\t\t\t<div class=\"elementor-widget-wrap elementor-element-populated\">\n\t\t\t\t\t\t<div class=\"elementor-element elementor-element-48130d4 elementor-widget elementor-widget-text-editor\" data-id=\"48130d4\" data-element_type=\"widget\" data-e-type=\"widget\" data-widget_type=\"text-editor.default\">\n\t\t\t\t<div class=\"elementor-widget-container\">\n\t\t\t\t\t\t\t\t\t<p><strong>Descripci\u00f3<\/strong><\/p>\t\t\t\t\t\t\t\t<\/div>\n\t\t\t\t<\/div>\n\t\t\t\t<div class=\"elementor-element elementor-element-4a96ddb elementor-widget elementor-widget-text-editor\" data-id=\"4a96ddb\" data-element_type=\"widget\" data-e-type=\"widget\" data-widget_type=\"text-editor.default\">\n\t\t\t\t<div class=\"elementor-widget-container\">\n\t\t\t\t\t\t\t\t\t<p>El projecte permet executar actuacions que redueixin la circulaci\u00f3 de vehicles i fomenten la mobilitat sostenible a la ciutat de Lleida, a peu, en bicicleta i en transport p\u00fablic, dins la <a href=\"https:\/\/nextgeneration.paeria.cat\/web\/implantacio-de-zones-de-baixa-emissio-zbe-i-actuacions-per-a-un-canvi-de-model-de-ciutat-a-lleida\/\">Zona de Baixes Emissions implantada en el projecte anterior.<\/a> Es concreten actuacions que impliquen pacificaci\u00f3 del tr\u00e0nsit; ampliant espais per a vianants, creant nous eixos de carril bici i pacificant illes; construint passos de vianants elevats i adquirint vehicles el\u00e8ctrics.<\/p>\t\t\t\t\t\t\t\t<\/div>\n\t\t\t\t<\/div>\n\t\t\t\t<div class=\"elementor-element elementor-element-fbb5d95 elementor-widget elementor-widget-text-editor\" data-id=\"fbb5d95\" data-element_type=\"widget\" data-e-type=\"widget\" data-widget_type=\"text-editor.default\">\n\t\t\t\t<div class=\"elementor-widget-container\">\n\t\t\t\t\t\t\t\t\t<p><strong>Actuacions<\/strong><\/p>\t\t\t\t\t\t\t\t<\/div>\n\t\t\t\t<\/div>\n\t\t\t\t<div class=\"elementor-element elementor-element-c548775 elementor-widget elementor-widget-text-editor\" data-id=\"c548775\" data-element_type=\"widget\" data-e-type=\"widget\" data-widget_type=\"text-editor.default\">\n\t\t\t\t<div class=\"elementor-widget-container\">\n\t\t\t\t\t\t\t\t\t<ol><li>Relacionades amb el transport p\u00fablic: adquisici\u00f3 de 3 autobusos el\u00e8ctrics i 3 punts de rec\u00e0rrega.<\/li><li>Relacionades amb la mobilitat a peu: b\u00e0sicament en ampliacions i millora de les voreres als camins escolars:<ul><li>Entorn de l\u2019Escola del Treball: ampliaci\u00f3 de voreres en l\u2019itinerari escolar al Passatge la Premsa, execuci\u00f3 de passos elevats als camins i millora de l\u2019accessibilitat en aquests.<\/li><li>Entorn de Col\u00b7legi Sant Josep de Calassan\u00e7: execuci\u00f3 d\u2019una plataforma \u00fanica i ampliaci\u00f3 d\u2019espai per a vianants al carrer Comtessa Elvira i de voreres al carrer Alfred Perenya.<\/li><li>Entorn de l\u2019Escola Pardinyes: ampliaci\u00f3 de voreres. Afecta als carrers Anastasi Pin\u00f3s i Jeroni Pujades. Plantaci\u00f3 d\u2019arbres i millora de l\u2019accessibilitat.<\/li><li>Entorn de l\u2019Escola Ciutat Jard\u00ed: transformaci\u00f3 en plataforma \u00fanica del tram del carrer Dolors Sistac davant del centre, ampliaci\u00f3 de voreres de la resta del carrer i urbanitzaci\u00f3 de la vorera del carrer Del Roure, actualment no urbanitzada.<\/li><li>Entorn de les escoles del barri de la Bordeta: transformaci\u00f3 a plataforma \u00fanica i ampliaci\u00f3 de les voreres al carrer Hostal de la Bordeta. Urbanitzaci\u00f3 de la vorera a Av. Flix (no existent) i carril bici per accedir a las escoles.<\/li><li>El carrer Pened\u00e8s: ampliaci\u00f3 de la vorera no accessible al carrer que dona acc\u00e9s al Centre C\u00edvic i l\u2019escola infantil de Bal\u00e0fia.<\/li><\/ul><\/li><li>Relacionada a la mobilitat amb bicicleta, amb la construcci\u00f3 de carril bici a dos dels eixos principals de la ciutat:<ul><li>Alcalde Rovira Roure, amb carril bici a partir del Gran Passeig de Ronda.<\/li><li>Prat de la Riba, amb un carril bicicleta unidireccional en cada sentit, a partir del carrer Sant Ruf i fins a Bar\u00f3 de Maials (s\u2019executar\u00e0 al marge dels fons europeus).<\/li><\/ul><p>Tamb\u00e9, execuci\u00f3 de carrils bici per a la implementaci\u00f3 de camins escolars dins dels col\u00b7legis situats als diferents barris de la ciutat.<\/p><\/li><li>Relacionada amb la mobilitat a peu, especialment en dos eixos b\u00e0sics. S\u2019ampliaran voreres i es millorar\u00e0 l\u2019accessibilitat i el confort de:<ul><li>L\u2019avinguda Ind\u00fastria: millora i ampliaci\u00f3 de la vorera dels n\u00fameros imparells.<\/li><li>La rambla de Ferran i l\u2019avinguda de Francesc Maci\u00e0: ampliaci\u00f3 de les voreres que en alguns trams no s\u00f3n accessibles.<\/li><\/ul><\/li><\/ol>\t\t\t\t\t\t\t\t<\/div>\n\t\t\t\t<\/div>\n\t\t\t\t<div class=\"elementor-element elementor-element-0442ab9 elementor-widget elementor-widget-spacer\" data-id=\"0442ab9\" data-element_type=\"widget\" data-e-type=\"widget\" data-widget_type=\"spacer.default\">\n\t\t\t\t<div class=\"elementor-widget-container\">\n\t\t\t\t\t\t\t<div class=\"elementor-spacer\">\n\t\t\t<div class=\"elementor-spacer-inner\"><\/div>\n\t\t<\/div>\n\t\t\t\t\t\t<\/div>\n\t\t\t\t<\/div>\n\t\t\t\t\t<\/div>\n\t\t<\/div>\n\t\t\t\t<div class=\"elementor-column elementor-col-50 elementor-top-column elementor-element elementor-element-ff0aa74\" data-id=\"ff0aa74\" data-element_type=\"column\" data-e-type=\"column\">\n\t\t\t<div class=\"elementor-widget-wrap elementor-element-populated\">\n\t\t\t\t\t\t<div class=\"elementor-element elementor-element-fda0d64 elementor-widget elementor-widget-html\" data-id=\"fda0d64\" data-element_type=\"widget\" data-e-type=\"widget\" data-widget_type=\"html.default\">\n\t\t\t\t<div class=\"elementor-widget-container\">\n\t\t\t\t\t<table class=\"taula-projectes\">\r\n    <tr>\r\n\t\t<td>Convocat\u00f2ria<\/td>\r\n\t\t<td>\r\nd\u2019ajudes a municipis per a la implantaci\u00f3 de zones de baixes emissions i la transformaci\u00f3 digital i sostenible del transport urb\u00e0.<br>\r\n2a convocat\u00f2ria - 2022.\r\n\r\n\r\n\t\t<\/td>\t\t\r\n\t<\/tr>\r\n\r\n\t<tr>\r\n\t\t<td>Inversi\u00f3<\/td>\r\n\t\t<td><strong>Import del projecte:<\/strong> 8.690.703,93 \u20ac<br\/><strong>Import demanat:<\/strong> 5.490.059,95 \u20ac<br\/><strong>Import concedit:<\/strong> 5.490.059,95 \u20ac<\/td>\t\t\r\n\t<\/tr>\r\n\t<tr>\r\n\t    <td>Actuacions<\/td>\r\n\t    <td>4<\/td>\r\n\t<\/tr>\r\n\r\n\t<tr>\r\n\t\t<td>Data presentaci\u00f3<\/td>\r\n\t\t<td>23\/09\/2022<\/td>\t\t\r\n\t<\/tr>\r\n\t\t<tr>\r\n\t\t<td>Resoluci\u00f3 definitiva<\/td>\r\n\t\t<td>24\/07\/2023<\/td>\t\t\r\n\t<\/tr>\r\n\t<tr>\r\n\t    <td>Finalitzaci\u00f3 del projecte<\/td>\r\n\t    <td>Desembre 2025<\/td>\r\n\t<\/tr>\r\n    <tr>\r\n        <td>Proc\u00e9s<\/td>\r\n        <td>\r\n            <ul>\r\n                <li>Redacci\u00f3 del projecte: Fet.<\/li>\r\n                <li>Aprovaci\u00f3 del projecte: Fet.<\/li>\r\n                <li>Execuci\u00f3: Fet.<\/li>\r\n            <\/ul>\r\n        <\/td>\r\n    <\/tr>\r\n\t<tr>\r\n\t    <td>Licitacions<\/td>\r\n\t    <td><a href=\"\/web\/licitacions\/#p-licitacions\" title=\"Licitacions\">Fes clic aqu\u00ed per accedir.<\/a><\/td>\r\n\t<\/tr>\r\n    <tr>\r\n        <td>Material comunicatiu<\/td>\r\n        <td><a href=\"https:\/\/nextgeneration.paeria.cat\/web\/material-comunicatiu\/\">Fes clic aqu\u00ed per accedir.<\/a><\/td>\r\n    <\/tr>\r\n\t<tr>\r\n\t\t<td>Finan\u00e7at per<\/td>\r\n\t\t<td>\r\n\t\t\tUni\u00f3 Europea \u2013 Next Generation EU, Pla de Recuperaci\u00f3, Transformaci\u00f3 i Resili\u00e8ncia del Govern d\u2019Espanya i Ministeri de Transports, Mobilitat i Agenda Urbana.\r\n\t\t<\/td>\t\t\r\n\t<\/tr>\r\n\t\t\t\t\r\n<\/table>\r\n\r\n\t\t\t\t<\/div>\n\t\t\t\t<\/div>\n\t\t\t\t<div class=\"elementor-element elementor-element-c2f871f elementor-widget elementor-widget-image\" data-id=\"c2f871f\" data-element_type=\"widget\" data-e-type=\"widget\" data-widget_type=\"image.default\">\n\t\t\t\t<div class=\"elementor-widget-container\">\n\t\t\t\t\t\t\t\t\t\t\t\t\t\t\t<img decoding=\"async\" width=\"300\" height=\"88\" src=\"https:\/\/nextgeneration.paeria.cat\/web\/wp-content\/uploads\/2022\/11\/Financat-per-la-Unio-Europea-300x88.jpg\" class=\"attachment-medium size-medium wp-image-1883\" alt=\"Logo Uni\u00f3 Europea NextGeneration\" srcset=\"https:\/\/nextgeneration.paeria.cat\/web\/wp-content\/uploads\/2022\/11\/Financat-per-la-Unio-Europea-300x88.jpg 300w, https:\/\/nextgeneration.paeria.cat\/web\/wp-content\/uploads\/2022\/11\/Financat-per-la-Unio-Europea-768x224.jpg 768w, https:\/\/nextgeneration.paeria.cat\/web\/wp-content\/uploads\/2022\/11\/Financat-per-la-Unio-Europea.jpg 873w\" sizes=\"(max-width: 300px) 100vw, 300px\" \/>\t\t\t\t\t\t\t\t\t\t\t\t\t\t\t<\/div>\n\t\t\t\t<\/div>\n\t\t\t\t<div class=\"elementor-element elementor-element-b4f9e92 elementor-widget elementor-widget-image\" data-id=\"b4f9e92\" data-element_type=\"widget\" data-e-type=\"widget\" data-widget_type=\"image.default\">\n\t\t\t\t<div class=\"elementor-widget-container\">\n\t\t\t\t\t\t\t\t\t\t\t\t\t\t\t<img fetchpriority=\"high\" decoding=\"async\" width=\"300\" height=\"169\" src=\"https:\/\/nextgeneration.paeria.cat\/web\/wp-content\/uploads\/2022\/11\/Logo-PRTR-tres-lineas_COLOR-300x169.png\" class=\"attachment-medium size-medium wp-image-1884\" alt=\"Logo PRTR\" srcset=\"https:\/\/nextgeneration.paeria.cat\/web\/wp-content\/uploads\/2022\/11\/Logo-PRTR-tres-lineas_COLOR-300x169.png 300w, https:\/\/nextgeneration.paeria.cat\/web\/wp-content\/uploads\/2022\/11\/Logo-PRTR-tres-lineas_COLOR-1024x576.png 1024w, https:\/\/nextgeneration.paeria.cat\/web\/wp-content\/uploads\/2022\/11\/Logo-PRTR-tres-lineas_COLOR-768x432.png 768w, https:\/\/nextgeneration.paeria.cat\/web\/wp-content\/uploads\/2022\/11\/Logo-PRTR-tres-lineas_COLOR-1536x864.png 1536w, https:\/\/nextgeneration.paeria.cat\/web\/wp-content\/uploads\/2022\/11\/Logo-PRTR-tres-lineas_COLOR.png 1920w\" sizes=\"(max-width: 300px) 100vw, 300px\" \/>\t\t\t\t\t\t\t\t\t\t\t\t\t\t\t<\/div>\n\t\t\t\t<\/div>\n\t\t\t\t<div class=\"elementor-element elementor-element-6b515be elementor-widget elementor-widget-image\" data-id=\"6b515be\" data-element_type=\"widget\" data-e-type=\"widget\" data-widget_type=\"image.default\">\n\t\t\t\t<div class=\"elementor-widget-container\">\n\t\t\t\t\t\t\t\t\t\t\t\t\t\t\t<img decoding=\"async\" width=\"300\" height=\"80\" src=\"https:\/\/nextgeneration.paeria.cat\/web\/wp-content\/uploads\/2022\/11\/MTMAU.Gob_-300x80.jpg\" class=\"attachment-medium size-medium wp-image-1885\" alt=\"Logotip del Ministerio de Transportes, Movilidad y Agenda urbana\" srcset=\"https:\/\/nextgeneration.paeria.cat\/web\/wp-content\/uploads\/2022\/11\/MTMAU.Gob_-300x80.jpg 300w, https:\/\/nextgeneration.paeria.cat\/web\/wp-content\/uploads\/2022\/11\/MTMAU.Gob_-1024x274.jpg 1024w, https:\/\/nextgeneration.paeria.cat\/web\/wp-content\/uploads\/2022\/11\/MTMAU.Gob_-768x205.jpg 768w, https:\/\/nextgeneration.paeria.cat\/web\/wp-content\/uploads\/2022\/11\/MTMAU.Gob_-1536x411.jpg 1536w, https:\/\/nextgeneration.paeria.cat\/web\/wp-content\/uploads\/2022\/11\/MTMAU.Gob_.jpg 2008w\" sizes=\"(max-width: 300px) 100vw, 300px\" \/>\t\t\t\t\t\t\t\t\t\t\t\t\t\t\t<\/div>\n\t\t\t\t<\/div>\n\t\t\t\t\t<\/div>\n\t\t<\/div>\n\t\t\t\t\t<\/div>\n\t\t<\/section>\n\t\t\t\t<section class=\"elementor-section elementor-top-section elementor-element elementor-element-d122e75 elementor-section-boxed elementor-section-height-default elementor-section-height-default\" data-id=\"d122e75\" data-element_type=\"section\" data-e-type=\"section\">\n\t\t\t\t\t\t<div class=\"elementor-container elementor-column-gap-default\">\n\t\t\t\t\t<div class=\"elementor-column elementor-col-100 elementor-top-column elementor-element elementor-element-1b7d3f3\" data-id=\"1b7d3f3\" data-element_type=\"column\" data-e-type=\"column\">\n\t\t\t<div class=\"elementor-widget-wrap elementor-element-populated\">\n\t\t\t\t\t\t<div class=\"elementor-element elementor-element-34a449e elementor-widget elementor-widget-text-editor\" data-id=\"34a449e\" data-element_type=\"widget\" data-e-type=\"widget\" data-widget_type=\"text-editor.default\">\n\t\t\t\t<div class=\"elementor-widget-container\">\n\t\t\t\t\t\t\t\t\t<p>Not\u00edcies<strong> relacionades<\/strong><\/p><ul><li><a href=\"https:\/\/nextgeneration.paeria.cat\/web\/la-paeria-obte-mes-fons-next-generation-per-a-millores-en-el-transport-public-i-en-la-mobilitat-a-peu-i-en-bicicleta\/\">La Paeria obt\u00e9 m\u00e9s fons Next Generation per a millores en el transport p\u00fablic i en la mobilitat a peu i en bicicleta.<\/a><\/li><li><a href=\"https:\/\/nextgeneration.paeria.cat\/web\/la-paeria-impulsa-actuacions-per-una-mobilitat-mes-sostenible-amb-una-inversio-de-49-milions-deuros\/\">La Paeria impulsa actuacions per una mobilitat m\u00e9s sostenible amb una inversi\u00f3 de 4,9 milions d\u2019euros.<\/a><\/li><li><a href=\"https:\/\/nextgeneration.paeria.cat\/web\/obres-per-ampliar-les-voreres-i-renovar-la-xarxa-daigua-a-alfred-perenya\/\" target=\"_blank\" rel=\"noopener\">Obres per ampliar les voreres i renovar la xarxa d\u2019aigua a Alfred Perenya.<\/a><\/li><li><a href=\"https:\/\/nextgeneration.paeria.cat\/web\/inici-de-la-segona-fase-de-les-obres-de-remodelacio-de-lavinguda-industria\/\" target=\"_blank\" rel=\"noopener\">Inici de la segona fase de les obres de remodelaci\u00f3 de l\u2019avinguda Ind\u00fastria<\/a>.<\/li><li><a href=\"https:\/\/nextgeneration.paeria.cat\/web\/la-paeria-millora-lentorn-de-lescola-pardinyes\/\" target=\"_blank\" rel=\"noopener\">La Paeria millora l\u2019entorn de l\u2019escola Pardinyes.<\/a><\/li><li><a href=\"https:\/\/nextgeneration.paeria.cat\/web\/obres-per-millorar-laccessibilitat-a-lescola-sant-josep-de-calassanc-i-al-carrer-alfred-perenya\/\" target=\"_blank\" rel=\"noopener\">Obres per millorar l\u2019accessibilitat a l\u2019escola Sant Josep de Calassan\u00e7 i al carrer Alfred Perenya.<\/a><\/li><li><a href=\"https:\/\/nextgeneration.paeria.cat\/web\/la-paeria-comenca-les-obres-per-a-pacificar-el-transit-a-lentorn-de-lescola-del-treball\/\" target=\"_blank\" rel=\"noopener\">La Paeria comen\u00e7a les obres per a pacificar el tr\u00e0nsit a l\u2019entorn de l\u2019Escola del Treball.<\/a><\/li><li><a href=\"https:\/\/nextgeneration.paeria.cat\/web\/tasques-de-pavimentacio-a-lavinguda-industria\/\" target=\"_blank\" rel=\"noopener\">Tasques de pavimentaci\u00f3 a l\u2019avinguda Ind\u00fastria.<\/a><\/li><li><a href=\"https:\/\/nextgeneration.paeria.cat\/web\/tall-del-transit-al-carrer-de-pi-i-margall-per-obres\/\" target=\"_blank\" rel=\"noopener\">Tall del tr\u00e0nsit al carrer de Pi i Margall per obres<\/a>.<\/li><li><a href=\"https:\/\/nextgeneration.paeria.cat\/web\/la-junta-de-govern-aprova-licitar-les-obres-de-renaturalitzacio-del-carrer-riu-ebre-i-la-remodelacio-de-lavinguda-flix\/\">La Junta de Govern aprova licitar les obres de renaturalitzaci\u00f3 del carrer Riu Ebre i la remodelaci\u00f3 de l\u2019avinguda Flix.<\/a><\/li><li><a href=\"https:\/\/nextgeneration.paeria.cat\/web\/inici-dobres-per-eixamplar-la-vorera-en-un-tram-del-carrer-penedes\/\" target=\"_blank\" rel=\"noopener\">Inici d&#8217;obres per eixamplar la vorera en un tram del carrer Pened\u00e8s.<\/a><\/li><li><a href=\"https:\/\/nextgeneration.paeria.cat\/web\/la-paeria-impulsa-la-revitalitzacio-de-la-rambla-de-ferran\/\" target=\"_blank\" rel=\"noopener\">La Paeria impulsa la revitalitzaci\u00f3 de la rambla de Ferran.<\/a><\/li><li><a href=\"https:\/\/www.paeria.cat\/ca\/actualitat\/noticies\/les-obres-de-remodelacio-de-lentorn-de-lescola-del-treball-llestes-la-setmana-vinent\" target=\"_blank\" rel=\"noopener\">Les obres de remodelaci\u00f3 de l&#8217;entorn de l&#8217;Escola del Treball, llestes la setmana vinent.<\/a><\/li><li><a href=\"https:\/\/nextgeneration.paeria.cat\/web\/la-paeria-inicia-la-licitacio-de-les-obres-de-reforma-de-la-rambla-ferran\/\">La Paeria inicia la licitaci\u00f3 de les obres de reforma de la Rambla Ferran<\/a>.<\/li><li><a href=\"https:\/\/nextgeneration.paeria.cat\/web\/dilluns-arrenca-loperacio-rambla\/\">Dilluns arrenca l&#8217;Operaci\u00f3 Rambla.<\/a><\/li><li><a href=\"https:\/\/nextgeneration.paeria.cat\/web\/la-paeria-remodela-un-tram-de-lavinguda-flix-a-la-bordeta\/\">La Paeria remodela un tram de l\u2019avinguda Flix, a la Bordeta.<\/a><\/li><li><a href=\"https:\/\/nextgeneration.paeria.cat\/web\/la-paeria-completara-la-reforma-de-la-rambla-ferran-en-diverses-fases\/\">La Paeria completar\u00e0 la reforma de la Rambla Ferran en diverses fases<\/a>.<\/li><li><a href=\"https:\/\/nextgeneration.paeria.cat\/web\/el-nombre-de-viatges-en-autobus-arriba-als-73-milions-lany-2024\/\">El nombre de viatges en autob\u00fas arriba als 7,3 milions l\u2019any 2024.<\/a><\/li><li><a href=\"https:\/\/nextgeneration.paeria.cat\/web\/lalcaldia-als-barris-visita-el-clot-i-entorn\/\">L\u2019Alcaldia als Barris visita el Clot i entorn.<\/a><\/li><li><a href=\"https:\/\/nextgeneration.paeria.cat\/web\/pas-alternatiu-per-obres-en-un-tram-de-lavinguda-flix\/\">Pas alternatiu per obres en un tram de l\u2019avinguda Flix<\/a>.<\/li><li><a href=\"https:\/\/nextgeneration.paeria.cat\/web\/inici-de-les-obres-de-prolongacio-del-carrer-roure\/\">Inici de les obres de prolongaci\u00f3 del carrer Roure<\/a>.<\/li><li><a href=\"https:\/\/nextgeneration.paeria.cat\/web\/canvi-de-sentit-del-carrer-pepita-uriz\/\">Canvi de sentit del carrer Pepita Uriz<\/a>.<\/li><li><a href=\"https:\/\/nextgeneration.paeria.cat\/web\/la-paeria-ampliara-les-voreres-al-carrer-hostal-i-lavinguda-flix-i-installara-semafors-a-la-cruilla-davinguda-de-les-garrigues-amb-palauet\/\">La Paeria ampliar\u00e0 les voreres al carrer Hostal i l\u2019avinguda Flix i instal\u00b7lar\u00e0 sem\u00e0fors a la cru\u00eflla d\u2019avinguda de les Garrigues amb Palauet.<\/a><\/li><li><a href=\"https:\/\/nextgeneration.paeria.cat\/web\/obres-per-ampliar-les-voreres-a-comtes-durgell-i-per-prolongar-el-carril-bici-a-prat-de-la-riba\/\">Obres per ampliar les voreres a Comtes d\u2019Urgell i per prolongar el carril bici a Prat de la Riba.<\/a><\/li><li><a href=\"https:\/\/nextgeneration.paeria.cat\/web\/la-paeria-enllesteix-la-renovacio-dun-tram-de-lavinguda-flix\/\">La Paeria enllesteix la renovaci\u00f3 d\u2019un tram de l\u2019avinguda Flix.<\/a><\/li><li><a href=\"https:\/\/nextgeneration.paeria.cat\/web\/la-paeria-reobre-la-nova-rambla-ferran-mes-verda-i-amb-mes-espai-per-a-vianants\/\">La Paeria reobre la nova Rambla Ferran, m\u00e9s verda i amb m\u00e9s espai per a vianants.<\/a><\/li><li><a href=\"https:\/\/nextgeneration.paeria.cat\/web\/en-marxa-les-obres-darranjament-del-paviment-del-carrer-democracia\/\">En marxa les obres d\u2019arranjament del paviment del carrer Democr\u00e0cia.<\/a><\/li><li><a href=\"https:\/\/nextgeneration.paeria.cat\/web\/la-paeria-engega-al-setembre-la-remodelacio-del-carrer-hostal-de-la-bordeta-i-el-seu-entorn\/\">La Paeria engega al setembre la remodelaci\u00f3 del carrer Hostal de la Bordeta i el seu entorn.<\/a><\/li><li><a href=\"https:\/\/nextgeneration.paeria.cat\/web\/la-paeria-reobre-la-nova-rambla-ferran-mes-verda-i-amb-mes-espai-per-a-vianants\/\" target=\"_blank\" rel=\"noopener\">La Paeria reobre la nova Rambla Ferran, m\u00e9s verda i amb m\u00e9s espai per a vianants.<\/a><\/li><li><a href=\"https:\/\/nextgeneration.paeria.cat\/web\/la-paeria-millora-la-mobilitat-al-barri-de-ciutat-jardi-amb-lobertura-de-la-prolongacio-del-carrer-del-roure\/\" target=\"_blank\" rel=\"noopener\">La Paeria millora la mobilitat al barri de Ciutat Jard\u00ed amb l\u2019obertura de la prolongaci\u00f3 del carrer del Roure.<\/a><\/li><li><a href=\"https:\/\/nextgeneration.paeria.cat\/web\/dilluns-comencen-els-treballs-per-prolongar-el-carril-bici-a-prat-de-la-riba\/\">Dilluns comencen els treballs per prolongar el carril bici a Prat de la Riba.<\/a><\/li><li><a href=\"https:\/\/nextgeneration.paeria.cat\/web\/restriccions-de-transit-amb-motiu-de-les-obres-de-prolongacio-del-carril-bici-a-lavinguda-de-prat-de-la-riba\/\" target=\"_blank\" rel=\"noopener\">Restriccions de tr\u00e0nsit amb motiu de les obres de prolongaci\u00f3 del carril bici a l\u2019avinguda de Prat de la Riba.<\/a><\/li><li><a href=\"https:\/\/nextgeneration.paeria.cat\/web\/reoberts-els-4-carrils-del-pont-sobre-les-vies-a-prat-de-la-riba\/\" target=\"_blank\" rel=\"noopener\">Reoberts els 4 carrils del pont sobre les vies a Prat de la Riba.<\/a><\/li><li><a href=\"https:\/\/nextgeneration.paeria.cat\/web\/reobertura-al-transit-del-carrer-de-lhostal-de-la-bordeta-amb-la-finalitzacio-de-les-obres\/\" target=\"_blank\" rel=\"noopener\">Reobertura al tr\u00e0nsit del carrer de l\u2019Hostal de la Bordeta, amb la finalitzaci\u00f3 de les obres.<\/a><\/li><li><a href=\"https:\/\/nextgeneration.paeria.cat\/web\/larrosa-apostar-per-incorporar-autobusos-electrics-es-invertir-en-salut-qualitat-de-vida-i-futur-per-a-lleida\/\" target=\"_blank\" rel=\"noopener\">Larrosa: \u201cApostar per incorporar autobusos el\u00e8ctrics \u00e9s invertir en salut, qualitat de vida i futur per a Lleida\u201d.<\/a><\/li><\/ul>\t\t\t\t\t\t\t\t<\/div>\n\t\t\t\t<\/div>\n\t\t\t\t\t<\/div>\n\t\t<\/div>\n\t\t\t\t\t<\/div>\n\t\t<\/section>\n\t\t\t\t<section class=\"elementor-section elementor-top-section elementor-element elementor-element-e99eaaa elementor-hidden-desktop elementor-hidden-tablet elementor-hidden-mobile elementor-section-boxed elementor-section-height-default elementor-section-height-default\" data-id=\"e99eaaa\" data-element_type=\"section\" data-e-type=\"section\">\n\t\t\t\t\t\t<div class=\"elementor-container elementor-column-gap-default\">\n\t\t\t\t\t<div class=\"elementor-column elementor-col-50 elementor-top-column elementor-element elementor-element-ff2ee7c\" data-id=\"ff2ee7c\" data-element_type=\"column\" data-e-type=\"column\">\n\t\t\t<div class=\"elementor-widget-wrap elementor-element-populated\">\n\t\t\t\t\t\t<div class=\"elementor-element elementor-element-cd09ea2 elementor-widget elementor-widget-image\" data-id=\"cd09ea2\" data-element_type=\"widget\" data-e-type=\"widget\" data-widget_type=\"image.default\">\n\t\t\t\t<div class=\"elementor-widget-container\">\n\t\t\t\t\t\t\t\t\t\t\t\t\t\t\t<img loading=\"lazy\" decoding=\"async\" width=\"300\" height=\"225\" src=\"https:\/\/nextgeneration.paeria.cat\/web\/wp-content\/uploads\/2023\/03\/magi-300x225.jpg\" class=\"attachment-medium size-medium wp-image-3096\" alt=\"Casa Mag\u00ed Llorens\" srcset=\"https:\/\/nextgeneration.paeria.cat\/web\/wp-content\/uploads\/2023\/03\/magi-300x225.jpg 300w, https:\/\/nextgeneration.paeria.cat\/web\/wp-content\/uploads\/2023\/03\/magi-1024x768.jpg 1024w, https:\/\/nextgeneration.paeria.cat\/web\/wp-content\/uploads\/2023\/03\/magi-768x576.jpg 768w, https:\/\/nextgeneration.paeria.cat\/web\/wp-content\/uploads\/2023\/03\/magi-1536x1152.jpg 1536w, https:\/\/nextgeneration.paeria.cat\/web\/wp-content\/uploads\/2023\/03\/magi.jpg 1920w\" sizes=\"(max-width: 300px) 100vw, 300px\" \/>\t\t\t\t\t\t\t\t\t\t\t\t\t\t\t<\/div>\n\t\t\t\t<\/div>\n\t\t\t\t\t<\/div>\n\t\t<\/div>\n\t\t\t\t<div class=\"elementor-column elementor-col-50 elementor-top-column elementor-element elementor-element-a8fa9c9\" data-id=\"a8fa9c9\" data-element_type=\"column\" data-e-type=\"column\">\n\t\t\t<div class=\"elementor-widget-wrap elementor-element-populated\">\n\t\t\t\t\t\t<div class=\"elementor-element elementor-element-d3fe837 elementor-widget elementor-widget-image\" data-id=\"d3fe837\" data-element_type=\"widget\" data-e-type=\"widget\" data-widget_type=\"image.default\">\n\t\t\t\t<div class=\"elementor-widget-container\">\n\t\t\t\t\t\t\t\t\t\t\t\t\t\t\t<img loading=\"lazy\" decoding=\"async\" width=\"300\" height=\"191\" src=\"https:\/\/nextgeneration.paeria.cat\/web\/wp-content\/uploads\/2023\/03\/cuirassa-300x191.jpg\" class=\"attachment-medium size-medium wp-image-3097\" alt=\"La Cuirassa Barri Jueu\" srcset=\"https:\/\/nextgeneration.paeria.cat\/web\/wp-content\/uploads\/2023\/03\/cuirassa-300x191.jpg 300w, https:\/\/nextgeneration.paeria.cat\/web\/wp-content\/uploads\/2023\/03\/cuirassa-1024x653.jpg 1024w, https:\/\/nextgeneration.paeria.cat\/web\/wp-content\/uploads\/2023\/03\/cuirassa-768x490.jpg 768w, https:\/\/nextgeneration.paeria.cat\/web\/wp-content\/uploads\/2023\/03\/cuirassa-1536x979.jpg 1536w, https:\/\/nextgeneration.paeria.cat\/web\/wp-content\/uploads\/2023\/03\/cuirassa.jpg 1920w\" sizes=\"(max-width: 300px) 100vw, 300px\" \/>\t\t\t\t\t\t\t\t\t\t\t\t\t\t\t<\/div>\n\t\t\t\t<\/div>\n\t\t\t\t\t<\/div>\n\t\t<\/div>\n\t\t\t\t\t<\/div>\n\t\t<\/section>\n\t\t\t\t<section class=\"elementor-section elementor-top-section elementor-element elementor-element-707b3ea elementor-section-boxed elementor-section-height-default elementor-section-height-default\" data-id=\"707b3ea\" data-element_type=\"section\" data-e-type=\"section\">\n\t\t\t\t\t\t<div class=\"elementor-container elementor-column-gap-default\">\n\t\t\t\t\t<div class=\"elementor-column elementor-col-100 elementor-top-column elementor-element elementor-element-d6575ec\" data-id=\"d6575ec\" data-element_type=\"column\" data-e-type=\"column\">\n\t\t\t<div class=\"elementor-widget-wrap elementor-element-populated\">\n\t\t\t\t\t\t<div class=\"elementor-element elementor-element-071124d elementor-widget elementor-widget-image\" data-id=\"071124d\" data-element_type=\"widget\" data-e-type=\"widget\" data-widget_type=\"image.default\">\n\t\t\t\t<div class=\"elementor-widget-container\">\n\t\t\t\t\t\t\t\t\t\t\t\t\t\t\t\t<a href=\"https:\/\/nextgeneration.paeria.cat\/web\/wp-content\/uploads\/2022\/11\/mapa-previsio-obres-next-generation.png\" data-elementor-open-lightbox=\"yes\" data-elementor-lightbox-title=\"mapa-previsio-obres-next-generation\" data-elementor-lightbox-description=\"Mapa previsi\u00f3 d&#039;obres Next Generation.\" data-e-action-hash=\"#elementor-action%3Aaction%3Dlightbox%26settings%3DeyJpZCI6NDY5NCwidXJsIjoiaHR0cHM6XC9cL25leHRnZW5lcmF0aW9uLnBhZXJpYS5jYXRcL3dlYlwvd3AtY29udGVudFwvdXBsb2Fkc1wvMjAyMlwvMTFcL21hcGEtcHJldmlzaW8tb2JyZXMtbmV4dC1nZW5lcmF0aW9uLnBuZyJ9\">\n\t\t\t\t\t\t\t<img loading=\"lazy\" decoding=\"async\" width=\"1024\" height=\"724\" src=\"https:\/\/nextgeneration.paeria.cat\/web\/wp-content\/uploads\/2022\/11\/mapa-previsio-obres-next-generation-1024x724.png\" class=\"attachment-large size-large wp-image-4694\" alt=\"Mapa previsi\u00f3 d&#039;obres Next Generation.\" srcset=\"https:\/\/nextgeneration.paeria.cat\/web\/wp-content\/uploads\/2022\/11\/mapa-previsio-obres-next-generation-1024x724.png 1024w, https:\/\/nextgeneration.paeria.cat\/web\/wp-content\/uploads\/2022\/11\/mapa-previsio-obres-next-generation-300x212.png 300w, https:\/\/nextgeneration.paeria.cat\/web\/wp-content\/uploads\/2022\/11\/mapa-previsio-obres-next-generation-768x543.png 768w, https:\/\/nextgeneration.paeria.cat\/web\/wp-content\/uploads\/2022\/11\/mapa-previsio-obres-next-generation-1536x1086.png 1536w, https:\/\/nextgeneration.paeria.cat\/web\/wp-content\/uploads\/2022\/11\/mapa-previsio-obres-next-generation.png 1684w\" sizes=\"(max-width: 1024px) 100vw, 1024px\" \/>\t\t\t\t\t\t\t\t<\/a>\n\t\t\t\t\t\t\t\t\t\t\t\t\t\t\t<\/div>\n\t\t\t\t<\/div>\n\t\t\t\t\t<\/div>\n\t\t<\/div>\n\t\t\t\t\t<\/div>\n\t\t<\/section>\n\t\t\t\t<\/div>\n\t\t","protected":false},"excerpt":{"rendered":"<p>Inici Projectes Next Generation Paeria Projectes concedits\u00a0 Transformaci\u00f3 sostenible i digital del transport a Lleida Durada i assoliment del projecte:Maig 2023 &#8211; Desembre 2025 Realitzat 100% Descripci\u00f3 El projecte permet executar actuacions que redueixin la circulaci\u00f3 de vehicles i fomenten la mobilitat sostenible a la ciutat de Lleida, a peu, en bicicleta i en transport &#8230; <a title=\"Transformaci\u00f3 sostenible i digital del transport a Lleida\" class=\"read-more\" href=\"https:\/\/nextgeneration.paeria.cat\/web\/transformacio-sostenible-i-digital-del-transport-a-lleida\/\" aria-label=\"M\u00e9s informaci\u00f3 sobre Transformaci\u00f3 sostenible i digital del transport a Lleida\">Llegiu m\u00e9s<\/a><\/p>\n","protected":false},"author":2,"featured_media":0,"comment_status":"closed","ping_status":"closed","sticky":false,"template":"","format":"standard","meta":{"_sitemap_exclude":false,"_sitemap_priority":"","_sitemap_frequency":"","footnotes":""},"categories":[23,3,5],"tags":[],"class_list":["post-3696","post","type-post","status-publish","format-standard","hentry","category-concedit","category-propostes","category-pp-next-generation-lleida-paeria"],"yoast_head":"<!-- This site is optimized with the Yoast SEO plugin v27.5 - https:\/\/yoast.com\/product\/yoast-seo-wordpress\/ -->\n<title>Transformaci\u00f3 sostenible i digital del transport a Lleida - Next Generation Lleida - Propostes de projectes - La Paeria - Ajuntament de Lleida<\/title>\n<meta name=\"robots\" content=\"index, follow, max-snippet:-1, max-image-preview:large, max-video-preview:-1\" \/>\n<link rel=\"canonical\" href=\"https:\/\/nextgeneration.paeria.cat\/web\/transformacio-sostenible-i-digital-del-transport-a-lleida\/\" \/>\n<meta property=\"og:locale\" content=\"ca_ES\" \/>\n<meta property=\"og:type\" content=\"article\" \/>\n<meta property=\"og:title\" content=\"Transformaci\u00f3 sostenible i digital del transport a Lleida - Next Generation Lleida - Propostes de projectes - La Paeria - Ajuntament de Lleida\" \/>\n<meta property=\"og:description\" content=\"Inici Projectes Next Generation Paeria Projectes concedits\u00a0 Transformaci\u00f3 sostenible i digital del transport a Lleida Durada i assoliment del projecte:Maig 2023 &#8211; Desembre 2025 Realitzat 100% Descripci\u00f3 El projecte permet executar actuacions que redueixin la circulaci\u00f3 de vehicles i fomenten la mobilitat sostenible a la ciutat de Lleida, a peu, en bicicleta i en transport ... Llegiu m\u00e9s\" \/>\n<meta property=\"og:url\" content=\"https:\/\/nextgeneration.paeria.cat\/web\/transformacio-sostenible-i-digital-del-transport-a-lleida\/\" \/>\n<meta property=\"og:site_name\" content=\"Next Generation Lleida - Propostes de projectes - La Paeria - Ajuntament de Lleida\" \/>\n<meta property=\"article:published_time\" content=\"2023-05-18T08:06:44+00:00\" \/>\n<meta property=\"article:modified_time\" content=\"2026-02-26T13:52:05+00:00\" \/>\n<meta property=\"og:image\" content=\"https:\/\/nextgeneration.paeria.cat\/web\/wp-content\/uploads\/2021\/05\/li-color_15.png\" \/>\n<meta name=\"author\" content=\"admin-nextgeneration\" \/>\n<meta name=\"twitter:card\" content=\"summary_large_image\" \/>\n<meta name=\"twitter:label1\" content=\"Escrit per\" \/>\n\t<meta name=\"twitter:data1\" content=\"admin-nextgeneration\" \/>\n\t<meta name=\"twitter:label2\" content=\"Temps estimat de lectura\" \/>\n\t<meta name=\"twitter:data2\" content=\"8 minuts\" \/>\n<script type=\"application\/ld+json\" class=\"yoast-schema-graph\">{\"@context\":\"https:\\\/\\\/schema.org\",\"@graph\":[{\"@type\":\"Article\",\"@id\":\"https:\\\/\\\/nextgeneration.paeria.cat\\\/web\\\/transformacio-sostenible-i-digital-del-transport-a-lleida\\\/#article\",\"isPartOf\":{\"@id\":\"https:\\\/\\\/nextgeneration.paeria.cat\\\/web\\\/transformacio-sostenible-i-digital-del-transport-a-lleida\\\/\"},\"author\":{\"name\":\"admin-nextgeneration\",\"@id\":\"https:\\\/\\\/nextgeneration.paeria.cat\\\/web\\\/#\\\/schema\\\/person\\\/a12a490165bc044605332926bbdc1189\"},\"headline\":\"Transformaci\u00f3 sostenible i digital del transport a Lleida\",\"datePublished\":\"2023-05-18T08:06:44+00:00\",\"dateModified\":\"2026-02-26T13:52:05+00:00\",\"mainEntityOfPage\":{\"@id\":\"https:\\\/\\\/nextgeneration.paeria.cat\\\/web\\\/transformacio-sostenible-i-digital-del-transport-a-lleida\\\/\"},\"wordCount\":1102,\"publisher\":{\"@id\":\"https:\\\/\\\/nextgeneration.paeria.cat\\\/web\\\/#organization\"},\"image\":{\"@id\":\"https:\\\/\\\/nextgeneration.paeria.cat\\\/web\\\/transformacio-sostenible-i-digital-del-transport-a-lleida\\\/#primaryimage\"},\"thumbnailUrl\":\"https:\\\/\\\/nextgeneration.paeria.cat\\\/web\\\/wp-content\\\/uploads\\\/2021\\\/05\\\/li-color_15.png\",\"articleSection\":[\"Concedit\",\"Propostes\",\"Propostes de projectes Paeria\"],\"inLanguage\":\"ca\"},{\"@type\":\"WebPage\",\"@id\":\"https:\\\/\\\/nextgeneration.paeria.cat\\\/web\\\/transformacio-sostenible-i-digital-del-transport-a-lleida\\\/\",\"url\":\"https:\\\/\\\/nextgeneration.paeria.cat\\\/web\\\/transformacio-sostenible-i-digital-del-transport-a-lleida\\\/\",\"name\":\"Transformaci\u00f3 sostenible i digital del transport a Lleida - Next Generation Lleida - Propostes de projectes - La Paeria - Ajuntament de Lleida\",\"isPartOf\":{\"@id\":\"https:\\\/\\\/nextgeneration.paeria.cat\\\/web\\\/#website\"},\"primaryImageOfPage\":{\"@id\":\"https:\\\/\\\/nextgeneration.paeria.cat\\\/web\\\/transformacio-sostenible-i-digital-del-transport-a-lleida\\\/#primaryimage\"},\"image\":{\"@id\":\"https:\\\/\\\/nextgeneration.paeria.cat\\\/web\\\/transformacio-sostenible-i-digital-del-transport-a-lleida\\\/#primaryimage\"},\"thumbnailUrl\":\"https:\\\/\\\/nextgeneration.paeria.cat\\\/web\\\/wp-content\\\/uploads\\\/2021\\\/05\\\/li-color_15.png\",\"datePublished\":\"2023-05-18T08:06:44+00:00\",\"dateModified\":\"2026-02-26T13:52:05+00:00\",\"breadcrumb\":{\"@id\":\"https:\\\/\\\/nextgeneration.paeria.cat\\\/web\\\/transformacio-sostenible-i-digital-del-transport-a-lleida\\\/#breadcrumb\"},\"inLanguage\":\"ca\",\"potentialAction\":[{\"@type\":\"ReadAction\",\"target\":[\"https:\\\/\\\/nextgeneration.paeria.cat\\\/web\\\/transformacio-sostenible-i-digital-del-transport-a-lleida\\\/\"]}]},{\"@type\":\"ImageObject\",\"inLanguage\":\"ca\",\"@id\":\"https:\\\/\\\/nextgeneration.paeria.cat\\\/web\\\/transformacio-sostenible-i-digital-del-transport-a-lleida\\\/#primaryimage\",\"url\":\"https:\\\/\\\/nextgeneration.paeria.cat\\\/web\\\/wp-content\\\/uploads\\\/2021\\\/05\\\/li-color_15.png\",\"contentUrl\":\"https:\\\/\\\/nextgeneration.paeria.cat\\\/web\\\/wp-content\\\/uploads\\\/2021\\\/05\\\/li-color_15.png\",\"width\":8,\"height\":19},{\"@type\":\"BreadcrumbList\",\"@id\":\"https:\\\/\\\/nextgeneration.paeria.cat\\\/web\\\/transformacio-sostenible-i-digital-del-transport-a-lleida\\\/#breadcrumb\",\"itemListElement\":[{\"@type\":\"ListItem\",\"position\":1,\"name\":\"Inici\",\"item\":\"https:\\\/\\\/nextgeneration.paeria.cat\\\/web\\\/\"},{\"@type\":\"ListItem\",\"position\":2,\"name\":\"Transformaci\u00f3 sostenible i digital del transport a Lleida\"}]},{\"@type\":\"WebSite\",\"@id\":\"https:\\\/\\\/nextgeneration.paeria.cat\\\/web\\\/#website\",\"url\":\"https:\\\/\\\/nextgeneration.paeria.cat\\\/web\\\/\",\"name\":\"Next Generation Lleida - Propostes de projectes - La Paeria - Ajuntament de Lleida\",\"description\":\"\",\"publisher\":{\"@id\":\"https:\\\/\\\/nextgeneration.paeria.cat\\\/web\\\/#organization\"},\"potentialAction\":[{\"@type\":\"SearchAction\",\"target\":{\"@type\":\"EntryPoint\",\"urlTemplate\":\"https:\\\/\\\/nextgeneration.paeria.cat\\\/web\\\/?s={search_term_string}\"},\"query-input\":{\"@type\":\"PropertyValueSpecification\",\"valueRequired\":true,\"valueName\":\"search_term_string\"}}],\"inLanguage\":\"ca\"},{\"@type\":\"Organization\",\"@id\":\"https:\\\/\\\/nextgeneration.paeria.cat\\\/web\\\/#organization\",\"name\":\"Next Generation Lleida - Propostes de projectes - La Paeria - Ajuntament de Lleida\",\"url\":\"https:\\\/\\\/nextgeneration.paeria.cat\\\/web\\\/\",\"logo\":{\"@type\":\"ImageObject\",\"inLanguage\":\"ca\",\"@id\":\"https:\\\/\\\/nextgeneration.paeria.cat\\\/web\\\/#\\\/schema\\\/logo\\\/image\\\/\",\"url\":\"https:\\\/\\\/nextgeneration.paeria.cat\\\/web\\\/wp-content\\\/uploads\\\/2023\\\/09\\\/cropped-titol.png\",\"contentUrl\":\"https:\\\/\\\/nextgeneration.paeria.cat\\\/web\\\/wp-content\\\/uploads\\\/2023\\\/09\\\/cropped-titol.png\",\"width\":1100,\"height\":220,\"caption\":\"Next Generation Lleida - Propostes de projectes - La Paeria - Ajuntament de Lleida\"},\"image\":{\"@id\":\"https:\\\/\\\/nextgeneration.paeria.cat\\\/web\\\/#\\\/schema\\\/logo\\\/image\\\/\"}},{\"@type\":\"Person\",\"@id\":\"https:\\\/\\\/nextgeneration.paeria.cat\\\/web\\\/#\\\/schema\\\/person\\\/a12a490165bc044605332926bbdc1189\",\"name\":\"admin-nextgeneration\",\"image\":{\"@type\":\"ImageObject\",\"inLanguage\":\"ca\",\"@id\":\"https:\\\/\\\/secure.gravatar.com\\\/avatar\\\/01bed9d6851a1f9c8ab5eb704ab3e7882815867f87a0ef562e77261bef722cbe?s=96&d=mm&r=g\",\"url\":\"https:\\\/\\\/secure.gravatar.com\\\/avatar\\\/01bed9d6851a1f9c8ab5eb704ab3e7882815867f87a0ef562e77261bef722cbe?s=96&d=mm&r=g\",\"contentUrl\":\"https:\\\/\\\/secure.gravatar.com\\\/avatar\\\/01bed9d6851a1f9c8ab5eb704ab3e7882815867f87a0ef562e77261bef722cbe?s=96&d=mm&r=g\",\"caption\":\"admin-nextgeneration\"}}]}<\/script>\n<!-- \/ Yoast SEO plugin. -->","yoast_head_json":{"title":"Transformaci\u00f3 sostenible i digital del transport a Lleida - Next Generation Lleida - Propostes de projectes - La Paeria - Ajuntament de Lleida","robots":{"index":"index","follow":"follow","max-snippet":"max-snippet:-1","max-image-preview":"max-image-preview:large","max-video-preview":"max-video-preview:-1"},"canonical":"https:\/\/nextgeneration.paeria.cat\/web\/transformacio-sostenible-i-digital-del-transport-a-lleida\/","og_locale":"ca_ES","og_type":"article","og_title":"Transformaci\u00f3 sostenible i digital del transport a Lleida - Next Generation Lleida - Propostes de projectes - La Paeria - Ajuntament de Lleida","og_description":"Inici Projectes Next Generation Paeria Projectes concedits\u00a0 Transformaci\u00f3 sostenible i digital del transport a Lleida Durada i assoliment del projecte:Maig 2023 &#8211; Desembre 2025 Realitzat 100% Descripci\u00f3 El projecte permet executar actuacions que redueixin la circulaci\u00f3 de vehicles i fomenten la mobilitat sostenible a la ciutat de Lleida, a peu, en bicicleta i en transport ... Llegiu m\u00e9s","og_url":"https:\/\/nextgeneration.paeria.cat\/web\/transformacio-sostenible-i-digital-del-transport-a-lleida\/","og_site_name":"Next Generation Lleida - Propostes de projectes - La Paeria - Ajuntament de Lleida","article_published_time":"2023-05-18T08:06:44+00:00","article_modified_time":"2026-02-26T13:52:05+00:00","og_image":[{"url":"https:\/\/nextgeneration.paeria.cat\/web\/wp-content\/uploads\/2021\/05\/li-color_15.png","type":"","width":"","height":""}],"author":"admin-nextgeneration","twitter_card":"summary_large_image","twitter_misc":{"Escrit per":"admin-nextgeneration","Temps estimat de lectura":"8 minuts"},"schema":{"@context":"https:\/\/schema.org","@graph":[{"@type":"Article","@id":"https:\/\/nextgeneration.paeria.cat\/web\/transformacio-sostenible-i-digital-del-transport-a-lleida\/#article","isPartOf":{"@id":"https:\/\/nextgeneration.paeria.cat\/web\/transformacio-sostenible-i-digital-del-transport-a-lleida\/"},"author":{"name":"admin-nextgeneration","@id":"https:\/\/nextgeneration.paeria.cat\/web\/#\/schema\/person\/a12a490165bc044605332926bbdc1189"},"headline":"Transformaci\u00f3 sostenible i digital del transport a Lleida","datePublished":"2023-05-18T08:06:44+00:00","dateModified":"2026-02-26T13:52:05+00:00","mainEntityOfPage":{"@id":"https:\/\/nextgeneration.paeria.cat\/web\/transformacio-sostenible-i-digital-del-transport-a-lleida\/"},"wordCount":1102,"publisher":{"@id":"https:\/\/nextgeneration.paeria.cat\/web\/#organization"},"image":{"@id":"https:\/\/nextgeneration.paeria.cat\/web\/transformacio-sostenible-i-digital-del-transport-a-lleida\/#primaryimage"},"thumbnailUrl":"https:\/\/nextgeneration.paeria.cat\/web\/wp-content\/uploads\/2021\/05\/li-color_15.png","articleSection":["Concedit","Propostes","Propostes de projectes Paeria"],"inLanguage":"ca"},{"@type":"WebPage","@id":"https:\/\/nextgeneration.paeria.cat\/web\/transformacio-sostenible-i-digital-del-transport-a-lleida\/","url":"https:\/\/nextgeneration.paeria.cat\/web\/transformacio-sostenible-i-digital-del-transport-a-lleida\/","name":"Transformaci\u00f3 sostenible i digital del transport a Lleida - Next Generation Lleida - Propostes de projectes - La Paeria - Ajuntament de Lleida","isPartOf":{"@id":"https:\/\/nextgeneration.paeria.cat\/web\/#website"},"primaryImageOfPage":{"@id":"https:\/\/nextgeneration.paeria.cat\/web\/transformacio-sostenible-i-digital-del-transport-a-lleida\/#primaryimage"},"image":{"@id":"https:\/\/nextgeneration.paeria.cat\/web\/transformacio-sostenible-i-digital-del-transport-a-lleida\/#primaryimage"},"thumbnailUrl":"https:\/\/nextgeneration.paeria.cat\/web\/wp-content\/uploads\/2021\/05\/li-color_15.png","datePublished":"2023-05-18T08:06:44+00:00","dateModified":"2026-02-26T13:52:05+00:00","breadcrumb":{"@id":"https:\/\/nextgeneration.paeria.cat\/web\/transformacio-sostenible-i-digital-del-transport-a-lleida\/#breadcrumb"},"inLanguage":"ca","potentialAction":[{"@type":"ReadAction","target":["https:\/\/nextgeneration.paeria.cat\/web\/transformacio-sostenible-i-digital-del-transport-a-lleida\/"]}]},{"@type":"ImageObject","inLanguage":"ca","@id":"https:\/\/nextgeneration.paeria.cat\/web\/transformacio-sostenible-i-digital-del-transport-a-lleida\/#primaryimage","url":"https:\/\/nextgeneration.paeria.cat\/web\/wp-content\/uploads\/2021\/05\/li-color_15.png","contentUrl":"https:\/\/nextgeneration.paeria.cat\/web\/wp-content\/uploads\/2021\/05\/li-color_15.png","width":8,"height":19},{"@type":"BreadcrumbList","@id":"https:\/\/nextgeneration.paeria.cat\/web\/transformacio-sostenible-i-digital-del-transport-a-lleida\/#breadcrumb","itemListElement":[{"@type":"ListItem","position":1,"name":"Inici","item":"https:\/\/nextgeneration.paeria.cat\/web\/"},{"@type":"ListItem","position":2,"name":"Transformaci\u00f3 sostenible i digital del transport a Lleida"}]},{"@type":"WebSite","@id":"https:\/\/nextgeneration.paeria.cat\/web\/#website","url":"https:\/\/nextgeneration.paeria.cat\/web\/","name":"Next Generation Lleida - Propostes de projectes - La Paeria - Ajuntament de Lleida","description":"","publisher":{"@id":"https:\/\/nextgeneration.paeria.cat\/web\/#organization"},"potentialAction":[{"@type":"SearchAction","target":{"@type":"EntryPoint","urlTemplate":"https:\/\/nextgeneration.paeria.cat\/web\/?s={search_term_string}"},"query-input":{"@type":"PropertyValueSpecification","valueRequired":true,"valueName":"search_term_string"}}],"inLanguage":"ca"},{"@type":"Organization","@id":"https:\/\/nextgeneration.paeria.cat\/web\/#organization","name":"Next Generation Lleida - Propostes de projectes - La Paeria - Ajuntament de Lleida","url":"https:\/\/nextgeneration.paeria.cat\/web\/","logo":{"@type":"ImageObject","inLanguage":"ca","@id":"https:\/\/nextgeneration.paeria.cat\/web\/#\/schema\/logo\/image\/","url":"https:\/\/nextgeneration.paeria.cat\/web\/wp-content\/uploads\/2023\/09\/cropped-titol.png","contentUrl":"https:\/\/nextgeneration.paeria.cat\/web\/wp-content\/uploads\/2023\/09\/cropped-titol.png","width":1100,"height":220,"caption":"Next Generation Lleida - Propostes de projectes - La Paeria - Ajuntament de Lleida"},"image":{"@id":"https:\/\/nextgeneration.paeria.cat\/web\/#\/schema\/logo\/image\/"}},{"@type":"Person","@id":"https:\/\/nextgeneration.paeria.cat\/web\/#\/schema\/person\/a12a490165bc044605332926bbdc1189","name":"admin-nextgeneration","image":{"@type":"ImageObject","inLanguage":"ca","@id":"https:\/\/secure.gravatar.com\/avatar\/01bed9d6851a1f9c8ab5eb704ab3e7882815867f87a0ef562e77261bef722cbe?s=96&d=mm&r=g","url":"https:\/\/secure.gravatar.com\/avatar\/01bed9d6851a1f9c8ab5eb704ab3e7882815867f87a0ef562e77261bef722cbe?s=96&d=mm&r=g","contentUrl":"https:\/\/secure.gravatar.com\/avatar\/01bed9d6851a1f9c8ab5eb704ab3e7882815867f87a0ef562e77261bef722cbe?s=96&d=mm&r=g","caption":"admin-nextgeneration"}}]}},"_links":{"self":[{"href":"https:\/\/nextgeneration.paeria.cat\/web\/wp-json\/wp\/v2\/posts\/3696","targetHints":{"allow":["GET"]}}],"collection":[{"href":"https:\/\/nextgeneration.paeria.cat\/web\/wp-json\/wp\/v2\/posts"}],"about":[{"href":"https:\/\/nextgeneration.paeria.cat\/web\/wp-json\/wp\/v2\/types\/post"}],"author":[{"embeddable":true,"href":"https:\/\/nextgeneration.paeria.cat\/web\/wp-json\/wp\/v2\/users\/2"}],"replies":[{"embeddable":true,"href":"https:\/\/nextgeneration.paeria.cat\/web\/wp-json\/wp\/v2\/comments?post=3696"}],"version-history":[{"count":165,"href":"https:\/\/nextgeneration.paeria.cat\/web\/wp-json\/wp\/v2\/posts\/3696\/revisions"}],"predecessor-version":[{"id":8582,"href":"https:\/\/nextgeneration.paeria.cat\/web\/wp-json\/wp\/v2\/posts\/3696\/revisions\/8582"}],"wp:attachment":[{"href":"https:\/\/nextgeneration.paeria.cat\/web\/wp-json\/wp\/v2\/media?parent=3696"}],"wp:term":[{"taxonomy":"category","embeddable":true,"href":"https:\/\/nextgeneration.paeria.cat\/web\/wp-json\/wp\/v2\/categories?post=3696"},{"taxonomy":"post_tag","embeddable":true,"href":"https:\/\/nextgeneration.paeria.cat\/web\/wp-json\/wp\/v2\/tags?post=3696"}],"curies":[{"name":"wp","href":"https:\/\/api.w.org\/{rel}","templated":true}]}}