{"id":4719,"date":"2023-09-20T08:54:04","date_gmt":"2023-09-20T06:54:04","guid":{"rendered":"https:\/\/nextgeneration.paeria.cat\/web\/?p=4719"},"modified":"2023-10-03T09:01:20","modified_gmt":"2023-10-03T07:01:20","slug":"la-paeria-impulsa-actuacions-per-una-mobilitat-mes-sostenible-amb-una-inversio-de-49-milions-deuros","status":"publish","type":"post","link":"https:\/\/nextgeneration.paeria.cat\/web\/la-paeria-impulsa-actuacions-per-una-mobilitat-mes-sostenible-amb-una-inversio-de-49-milions-deuros\/","title":{"rendered":"La Paeria impulsa actuacions per una mobilitat m\u00e9s sostenible amb una inversi\u00f3 de 4,9 milions d\u2019euros"},"content":{"rendered":"\t\t<div data-elementor-type=\"wp-post\" data-elementor-id=\"4719\" class=\"elementor elementor-4719\">\n\t\t\t\t\t\t<section class=\"elementor-section elementor-top-section elementor-element elementor-element-a45c10b elementor-section-boxed elementor-section-height-default elementor-section-height-default\" data-id=\"a45c10b\" data-element_type=\"section\" data-e-type=\"section\">\n\t\t\t\t\t\t<div class=\"elementor-container elementor-column-gap-default\">\n\t\t\t\t\t<div class=\"elementor-column elementor-col-100 elementor-top-column elementor-element elementor-element-1615ff8\" data-id=\"1615ff8\" data-element_type=\"column\" data-e-type=\"column\">\n\t\t\t<div class=\"elementor-widget-wrap elementor-element-populated\">\n\t\t\t\t\t\t<div class=\"elementor-element elementor-element-fbe6637 elementor-widget elementor-widget-text-editor\" data-id=\"fbe6637\" data-element_type=\"widget\" data-e-type=\"widget\" data-widget_type=\"text-editor.default\">\n\t\t\t\t<div class=\"elementor-widget-container\">\n\t\t\t\t\t\t\t\t\t<p><strong>La comissi\u00f3 informativa de Gesti\u00f3 de la Ciutat ha informat de la licitaci\u00f3 d\u2019obres per a construir nou carril bici a Rovira Roure, eixamplar la vorera a l\u2019avinguda Ind\u00fastria, pacificar el tr\u00e0nsit al voltant de tres escoles i per a comprar tres autobusos el\u00e8ctrics<\/strong><\/p><p>La comissi\u00f3 informativa de Gesti\u00f3 de la Ciutat ha informat avui de l\u2019aprovaci\u00f3 de diferents plecs de cl\u00e0usules de projectes d\u2019obres i de subministrament de material vinculats a fons europeus Next Generation per a dur a terme la corresponent licitaci\u00f3. Es tracta de projectes orientats tots ells a avan\u00e7ar en modes de transport m\u00e9s sostenibles i en la pacificaci\u00f3 del tr\u00e0nsit i que sumen una inversi\u00f3 total a la ciutat de 4,9 milions d\u2019euros.<\/p><p><strong>Nou tram de carril bici a l\u2019avinguda Alcalde Rovira Roure<\/strong><\/p><p>Aix\u00ed, per una banda s\u2019ha informat de la licitaci\u00f3 de les obres per a construir carril bici a l\u2019avinguda Alcalde Rovira Roure, concretament en el tram situat entre el Passeig de l\u2019Onze de Setembre i el Gran Passeig de Ronda, al barri Camp d&#8217;Esports.<\/p><p>Es tracta d\u2019un tram de 397 metres de longitud on s\u2019habilitar\u00e0 el carril bici bidireccional i segregat de la cal\u00e7ada. Es situar\u00e0 al costat dels n\u00fameros imparells (on hi ha el gimn\u00e0s Viding Ekke) i la seva construcci\u00f3 comportar\u00e0 l\u2019eliminaci\u00f3 d\u2019una filera d\u2019aparcaments en el primer tram, i del carril de circulaci\u00f3 situat m\u00e9s a la dreta, en el segon. Tamb\u00e9 es demolir\u00e0 un petit tram de vorera. Es mantindran dos carrils per a la circulaci\u00f3 de vehicles.<\/p><p>Aquest nou tram de carril bici segregat de la vorera substituir\u00e0 el que hi havia a l\u2019altra banda de Rovira Roure compartit amb la vorera, millorant aix\u00ed la seguretat vi\u00e0ria en un espai de pas on hi ha l\u2019hospital Santa Maria i l\u2019escola Pr\u00e0ctiques II. Tamb\u00e9 est\u00e0 previst millorar l\u2019accessibilitat al transport p\u00fablic amb una nova plataforma de bus i una vintena de places per a aparcament de bicicletes. Les obres duraran 3 mesos i tenen un pressupost d\u2019execuci\u00f3 de 232.920 \u20ac.<\/p><p><strong>Ampliaci\u00f3 de la vorera de l\u2019Avinguda Ind\u00fastria<\/strong><\/p><p>D\u2019altra banda, s\u2019ha informat de l\u2019aprovaci\u00f3 del projecte per a ampliar la vorera dels n\u00fameros parells a l\u2019avinguda Ind\u00fastria, entre els carrer Lloren\u00e7 Agust\u00ed i Claveria i Enginyer Pablo Agust\u00ed, al pol\u00edgon Industrial El Segre. Aquesta actuaci\u00f3 complementa la que s\u2019est\u00e0 fent a la vorera de l\u2019altra banda de l\u2019avinguda per instal\u00b7lar-hi carril bici, i suposar\u00e0 una millora important de l\u2019accessibilitat i la seguretat vi\u00e0ria, amb dos passos de vianants nous amb sem\u00e0for. La vorera triplicar\u00e0 la seva superf\u00edcie, passant a tenir una amplada m\u00ednima de 2,25 metres, i l\u2019aparcament passar\u00e0 de bateria a filera.<\/p><p>L\u2019obra inclou tamb\u00e9 l\u2019adequaci\u00f3 de dues parades d\u2019autob\u00fas, la millora de l\u2019enllumenat i els serveis i la plantaci\u00f3 de 48 arbres. El pressupost del projecte \u00e9s de 1.322.718,09 euros i el termini d\u2019execuci\u00f3, de 5 mesos. La superf\u00edcie d\u2019actuaci\u00f3 \u00e9s de 15.300 m\u00b2.<\/p><p><strong>Pacificaci\u00f3 del tr\u00e0nsit en entorns escolars<\/strong><\/p><p>La comissi\u00f3 ha informat de l&#8217;aprovaci\u00f3 dels projectes per a pacificar el tr\u00e0nsit en el entorn de diversos centres educatius: Escola del Treball, Sant Josep de Calassan\u00e7 i Pardinyes.<\/p><p>A l&#8217;entorn de l&#8217;Escola del Treball, s&#8217;actua als carrers Alfred Perenya, implantant passos elevats als encreuaments amb la pla\u00e7a del Treball i Paer Casanoves; i al Passatge la Premsa, ampliant les voreres, que ara s\u00f3n molt estretes, i eliminant l&#8217;aparcament. El pressupost d&#8217;execuci\u00f3 de l&#8217;obra \u00e9s de 400.944 euros i el termini d&#8217;execuci\u00f3, de 5 mesos.<\/p><p>A l&#8217;entorn de l&#8217;escola Sant Josep Calassan\u00e7 s&#8217;actua eixamplant voreres als carrers Alfred Perenya (entre Enric Granados i Alcalde Porqueras); al carrer Comtessa Elvira (que passar\u00e0 a ser de plantaforma \u00fanica entre Humbert Torres i la sortida de l&#8217;escola); i al carrer Pened\u00e8s (entre els carrers La Garrotxa i La Selva, a la vorera dreta en sentit pla\u00e7a Fran\u00e7a). El pressupost d&#8217;execuci\u00f3 de l&#8217;obra \u00e9s de 499.711,18 \u20ac i el termini d&#8217;execuci\u00f3, de 5 mesos.<\/p><p>Per \u00faltim, a l&#8217;entorn de l&#8217;escola Pardinyes, l&#8217;actuaci\u00f3 se centra als carrers Jeroni Pujades (entre Tarragona i Anastasi Pin\u00f3s) i a Anastasi Pin\u00f3s (entre Jeroni Pujades i Benavarri). L&#8217;actuaci\u00f3 inclou l&#8217;ampliaci\u00f3 de voreres i passos elevats i la renovaci\u00f3 del col\u00b7lector de clavegueram de Jeroni Pujades, a m\u00e9s de la renovaci\u00f3 d&#8217;altres serveis i la plantaci\u00f3 d&#8217;arbres. El pressupost d&#8217;execuci\u00f3 de l&#8217;obra \u00e9s de 336.940,15 \u20ac i el termini d&#8217;execuci\u00f3, tamb\u00e9 de 5 mesos.<\/p><p><strong>Autobusos el\u00e8ctrics<\/strong><\/p><p>Tamb\u00e9 s\u2019ha informat de l\u2019aprovaci\u00f3 del plec de cl\u00e0usules per al contracte de subministrament de tres autobusos el\u00e8ctrics per a Autobusos de Lleida, i l\u2019inici de la licitaci\u00f3 per un import de 2.116.290 euros. L\u2019entrega dels vehicles est\u00e0 prevista al 2024 i 2025.<\/p><p><strong>Conveni amb l\u2019Ag\u00e8ncia de l\u2019Habitatge<\/strong><\/p><p>Durant la sessi\u00f3, s\u2019ha informat de la proposta d\u2019aprovaci\u00f3 del conveni de col\u00b7laboraci\u00f3 entre la Paeria i l\u2019Ag\u00e8ncia de l\u2019Habitatge de Catalunya per a la gesti\u00f3 dels entorns residencials de rehabilitaci\u00f3 programada (ERRP), fins a l\u2019any 2026. S\u2019ofereixen ajuts per a la millora energ\u00e8tica dels edificis amb subvencions d\u2019entre el 40 i el 80%, que poden arribar al 100% en situacions de vulnerabilitat econ\u00f2mica.<\/p><p>L\u2019Ajuntament assumeix la tasca de promoci\u00f3 de les ajudes entre les comunitats de propietaris, l\u2019assessorament i suport en la tramitaci\u00f3 i l\u2019execuci\u00f3 de les obres complement\u00e0ries d\u2019urbanitzaci\u00f3, si s\u2019escau. L\u2019Ag\u00e8ncia compensar\u00e0 els costos d\u2019aquests serveis.<\/p><p>Tamb\u00e9 s\u2019ha tramitat l\u2019enc\u00e0rrec a l\u2019Empresa Municipal d\u2019Agenda Urbana, perqu\u00e8 dugui a terme aquestes tasques en el programa Barris de l\u2019Oficina de Rehabilitaci\u00f3 de l\u2019Habitatge.<\/p><p>Per \u00faltim, a la comissi\u00f3 tamb\u00e9 s\u2019ha donat compte de la ren\u00fancia a la subvenci\u00f3 amb fons Next Generation prevista per a promoure 114 habitatges de protecci\u00f3 oficial, amb l\u2019objectiu d\u2019alliberar els fons perqu\u00e8 altres promotors de la ciutat puguin aprofitar-los per a fer habitatge social.<\/p>\t\t\t\t\t\t\t\t<\/div>\n\t\t\t\t<\/div>\n\t\t\t\t\t<\/div>\n\t\t<\/div>\n\t\t\t\t\t<\/div>\n\t\t<\/section>\n\t\t\t\t<section class=\"elementor-section elementor-top-section elementor-element elementor-element-a781ed5 elementor-section-boxed elementor-section-height-default elementor-section-height-default\" data-id=\"a781ed5\" data-element_type=\"section\" data-e-type=\"section\">\n\t\t\t\t\t\t<div class=\"elementor-container elementor-column-gap-default\">\n\t\t\t\t\t<div class=\"elementor-column elementor-col-33 elementor-top-column elementor-element elementor-element-891da33\" data-id=\"891da33\" data-element_type=\"column\" data-e-type=\"column\">\n\t\t\t<div class=\"elementor-widget-wrap elementor-element-populated\">\n\t\t\t\t\t\t<div class=\"elementor-element elementor-element-1fe72f0 elementor-widget elementor-widget-image\" data-id=\"1fe72f0\" data-element_type=\"widget\" data-e-type=\"widget\" data-widget_type=\"image.default\">\n\t\t\t\t<div class=\"elementor-widget-container\">\n\t\t\t\t\t\t\t\t\t\t\t\t\t\t\t<img fetchpriority=\"high\" decoding=\"async\" width=\"873\" height=\"255\" src=\"https:\/\/nextgeneration.paeria.cat\/web\/wp-content\/uploads\/2022\/11\/Financat-per-la-Unio-Europea.jpg\" class=\"attachment-large size-large wp-image-1883\" alt=\"Logo Uni\u00f3 Europea NextGeneration\" srcset=\"https:\/\/nextgeneration.paeria.cat\/web\/wp-content\/uploads\/2022\/11\/Financat-per-la-Unio-Europea.jpg 873w, https:\/\/nextgeneration.paeria.cat\/web\/wp-content\/uploads\/2022\/11\/Financat-per-la-Unio-Europea-300x88.jpg 300w, https:\/\/nextgeneration.paeria.cat\/web\/wp-content\/uploads\/2022\/11\/Financat-per-la-Unio-Europea-768x224.jpg 768w\" sizes=\"(max-width: 873px) 100vw, 873px\" \/>\t\t\t\t\t\t\t\t\t\t\t\t\t\t\t<\/div>\n\t\t\t\t<\/div>\n\t\t\t\t\t<\/div>\n\t\t<\/div>\n\t\t\t\t<div class=\"elementor-column elementor-col-33 elementor-top-column elementor-element elementor-element-c82c55a\" data-id=\"c82c55a\" data-element_type=\"column\" data-e-type=\"column\">\n\t\t\t<div class=\"elementor-widget-wrap elementor-element-populated\">\n\t\t\t\t\t\t<div class=\"elementor-element elementor-element-8584653 elementor-widget elementor-widget-image\" data-id=\"8584653\" data-element_type=\"widget\" data-e-type=\"widget\" data-widget_type=\"image.default\">\n\t\t\t\t<div class=\"elementor-widget-container\">\n\t\t\t\t\t\t\t\t\t\t\t\t\t\t\t<img decoding=\"async\" width=\"973\" height=\"292\" src=\"https:\/\/nextgeneration.paeria.cat\/web\/wp-content\/uploads\/2022\/11\/logo-catala.png\" class=\"attachment-large size-large wp-image-2112\" alt=\"Pla de Recuperaci\u00f3, Transformaci\u00f3 i Resili\u00e8ncia. Gobierno de Espa\u00f1a.\" srcset=\"https:\/\/nextgeneration.paeria.cat\/web\/wp-content\/uploads\/2022\/11\/logo-catala.png 973w, https:\/\/nextgeneration.paeria.cat\/web\/wp-content\/uploads\/2022\/11\/logo-catala-300x90.png 300w, https:\/\/nextgeneration.paeria.cat\/web\/wp-content\/uploads\/2022\/11\/logo-catala-768x230.png 768w\" sizes=\"(max-width: 973px) 100vw, 973px\" \/>\t\t\t\t\t\t\t\t\t\t\t\t\t\t\t<\/div>\n\t\t\t\t<\/div>\n\t\t\t\t\t<\/div>\n\t\t<\/div>\n\t\t\t\t<div class=\"elementor-column elementor-col-33 elementor-top-column elementor-element elementor-element-c18412b\" data-id=\"c18412b\" data-element_type=\"column\" data-e-type=\"column\">\n\t\t\t<div class=\"elementor-widget-wrap elementor-element-populated\">\n\t\t\t\t\t\t<div class=\"elementor-element elementor-element-9d9cb22 elementor-widget elementor-widget-image\" data-id=\"9d9cb22\" data-element_type=\"widget\" data-e-type=\"widget\" data-widget_type=\"image.default\">\n\t\t\t\t<div class=\"elementor-widget-container\">\n\t\t\t\t\t\t\t\t\t\t\t\t\t\t\t<img decoding=\"async\" src=\"https:\/\/nextgeneration.paeria.cat\/web\/wp-content\/uploads\/elementor\/thumbs\/MTMAU.Gob_-px7vj1t6wgrsxiryif4uy17ivih6lis0rwgcerppfk.jpg\" title=\"Logotip del Ministerio de Transportes, Movilidad y Agenda urbana\" alt=\"Logotip del Ministerio de Transportes, Movilidad y Agenda urbana\" loading=\"lazy\" \/>\t\t\t\t\t\t\t\t\t\t\t\t\t\t\t<\/div>\n\t\t\t\t<\/div>\n\t\t\t\t\t<\/div>\n\t\t<\/div>\n\t\t\t\t\t<\/div>\n\t\t<\/section>\n\t\t\t\t<\/div>\n\t\t","protected":false},"excerpt":{"rendered":"<p>La comissi\u00f3 informativa de Gesti\u00f3 de la Ciutat ha informat de la licitaci\u00f3 d\u2019obres per a construir nou carril bici a Rovira Roure, eixamplar la vorera a l\u2019avinguda Ind\u00fastria, pacificar el tr\u00e0nsit al voltant de tres escoles i per a comprar tres autobusos el\u00e8ctrics La comissi\u00f3 informativa de Gesti\u00f3 de la Ciutat ha informat avui &#8230; <a title=\"La Paeria impulsa actuacions per una mobilitat m\u00e9s sostenible amb una inversi\u00f3 de 4,9 milions d\u2019euros\" class=\"read-more\" href=\"https:\/\/nextgeneration.paeria.cat\/web\/la-paeria-impulsa-actuacions-per-una-mobilitat-mes-sostenible-amb-una-inversio-de-49-milions-deuros\/\" aria-label=\"M\u00e9s informaci\u00f3 sobre La Paeria impulsa actuacions per una mobilitat m\u00e9s sostenible amb una inversi\u00f3 de 4,9 milions d\u2019euros\">Llegiu m\u00e9s<\/a><\/p>\n","protected":false},"author":2,"featured_media":4720,"comment_status":"closed","ping_status":"closed","sticky":false,"template":"","format":"standard","meta":{"_sitemap_exclude":false,"_sitemap_priority":"","_sitemap_frequency":"","footnotes":""},"categories":[4],"tags":[],"class_list":["post-4719","post","type-post","status-publish","format-standard","has-post-thumbnail","hentry","category-noticies"],"yoast_head":"<!-- This site is optimized with the Yoast SEO plugin v27.5 - https:\/\/yoast.com\/product\/yoast-seo-wordpress\/ -->\n<title>La Paeria impulsa actuacions per una mobilitat m\u00e9s sostenible amb una inversi\u00f3 de 4,9 milions d\u2019euros - Next Generation Lleida - Propostes de projectes - La Paeria - Ajuntament de Lleida<\/title>\n<meta name=\"robots\" content=\"index, follow, max-snippet:-1, max-image-preview:large, max-video-preview:-1\" \/>\n<link rel=\"canonical\" href=\"https:\/\/nextgeneration.paeria.cat\/web\/la-paeria-impulsa-actuacions-per-una-mobilitat-mes-sostenible-amb-una-inversio-de-49-milions-deuros\/\" \/>\n<meta property=\"og:locale\" content=\"ca_ES\" \/>\n<meta property=\"og:type\" content=\"article\" \/>\n<meta property=\"og:title\" content=\"La Paeria impulsa actuacions per una mobilitat m\u00e9s sostenible amb una inversi\u00f3 de 4,9 milions d\u2019euros - Next Generation Lleida - Propostes de projectes - La Paeria - Ajuntament de Lleida\" \/>\n<meta property=\"og:description\" content=\"La comissi\u00f3 informativa de Gesti\u00f3 de la Ciutat ha informat de la licitaci\u00f3 d\u2019obres per a construir nou carril bici a Rovira Roure, eixamplar la vorera a l\u2019avinguda Ind\u00fastria, pacificar el tr\u00e0nsit al voltant de tres escoles i per a comprar tres autobusos el\u00e8ctrics La comissi\u00f3 informativa de Gesti\u00f3 de la Ciutat ha informat avui ... Llegiu m\u00e9s\" \/>\n<meta property=\"og:url\" content=\"https:\/\/nextgeneration.paeria.cat\/web\/la-paeria-impulsa-actuacions-per-una-mobilitat-mes-sostenible-amb-una-inversio-de-49-milions-deuros\/\" \/>\n<meta property=\"og:site_name\" content=\"Next Generation Lleida - Propostes de projectes - La Paeria - Ajuntament de Lleida\" \/>\n<meta property=\"article:published_time\" content=\"2023-09-20T06:54:04+00:00\" \/>\n<meta property=\"article:modified_time\" content=\"2023-10-03T07:01:20+00:00\" \/>\n<meta property=\"og:image\" content=\"https:\/\/nextgeneration.paeria.cat\/web\/wp-content\/uploads\/2023\/10\/20-09-2023.jpeg\" \/>\n\t<meta property=\"og:image:width\" content=\"768\" \/>\n\t<meta property=\"og:image:height\" content=\"512\" \/>\n\t<meta property=\"og:image:type\" content=\"image\/jpeg\" \/>\n<meta name=\"author\" content=\"admin-nextgeneration\" \/>\n<meta name=\"twitter:card\" content=\"summary_large_image\" \/>\n<meta name=\"twitter:label1\" content=\"Escrit per\" \/>\n\t<meta name=\"twitter:data1\" content=\"admin-nextgeneration\" \/>\n\t<meta name=\"twitter:label2\" content=\"Temps estimat de lectura\" \/>\n\t<meta name=\"twitter:data2\" content=\"6 minuts\" \/>\n<script type=\"application\/ld+json\" class=\"yoast-schema-graph\">{\"@context\":\"https:\\\/\\\/schema.org\",\"@graph\":[{\"@type\":\"Article\",\"@id\":\"https:\\\/\\\/nextgeneration.paeria.cat\\\/web\\\/la-paeria-impulsa-actuacions-per-una-mobilitat-mes-sostenible-amb-una-inversio-de-49-milions-deuros\\\/#article\",\"isPartOf\":{\"@id\":\"https:\\\/\\\/nextgeneration.paeria.cat\\\/web\\\/la-paeria-impulsa-actuacions-per-una-mobilitat-mes-sostenible-amb-una-inversio-de-49-milions-deuros\\\/\"},\"author\":{\"name\":\"admin-nextgeneration\",\"@id\":\"https:\\\/\\\/nextgeneration.paeria.cat\\\/web\\\/#\\\/schema\\\/person\\\/a12a490165bc044605332926bbdc1189\"},\"headline\":\"La Paeria impulsa actuacions per una mobilitat m\u00e9s sostenible amb una inversi\u00f3 de 4,9 milions d\u2019euros\",\"datePublished\":\"2023-09-20T06:54:04+00:00\",\"dateModified\":\"2023-10-03T07:01:20+00:00\",\"mainEntityOfPage\":{\"@id\":\"https:\\\/\\\/nextgeneration.paeria.cat\\\/web\\\/la-paeria-impulsa-actuacions-per-una-mobilitat-mes-sostenible-amb-una-inversio-de-49-milions-deuros\\\/\"},\"wordCount\":1066,\"publisher\":{\"@id\":\"https:\\\/\\\/nextgeneration.paeria.cat\\\/web\\\/#organization\"},\"image\":{\"@id\":\"https:\\\/\\\/nextgeneration.paeria.cat\\\/web\\\/la-paeria-impulsa-actuacions-per-una-mobilitat-mes-sostenible-amb-una-inversio-de-49-milions-deuros\\\/#primaryimage\"},\"thumbnailUrl\":\"https:\\\/\\\/nextgeneration.paeria.cat\\\/web\\\/wp-content\\\/uploads\\\/2023\\\/10\\\/20-09-2023.jpeg\",\"articleSection\":[\"Not\u00edcies\"],\"inLanguage\":\"ca\"},{\"@type\":\"WebPage\",\"@id\":\"https:\\\/\\\/nextgeneration.paeria.cat\\\/web\\\/la-paeria-impulsa-actuacions-per-una-mobilitat-mes-sostenible-amb-una-inversio-de-49-milions-deuros\\\/\",\"url\":\"https:\\\/\\\/nextgeneration.paeria.cat\\\/web\\\/la-paeria-impulsa-actuacions-per-una-mobilitat-mes-sostenible-amb-una-inversio-de-49-milions-deuros\\\/\",\"name\":\"La Paeria impulsa actuacions per una mobilitat m\u00e9s sostenible amb una inversi\u00f3 de 4,9 milions d\u2019euros - Next Generation Lleida - Propostes de projectes - La Paeria - Ajuntament de Lleida\",\"isPartOf\":{\"@id\":\"https:\\\/\\\/nextgeneration.paeria.cat\\\/web\\\/#website\"},\"primaryImageOfPage\":{\"@id\":\"https:\\\/\\\/nextgeneration.paeria.cat\\\/web\\\/la-paeria-impulsa-actuacions-per-una-mobilitat-mes-sostenible-amb-una-inversio-de-49-milions-deuros\\\/#primaryimage\"},\"image\":{\"@id\":\"https:\\\/\\\/nextgeneration.paeria.cat\\\/web\\\/la-paeria-impulsa-actuacions-per-una-mobilitat-mes-sostenible-amb-una-inversio-de-49-milions-deuros\\\/#primaryimage\"},\"thumbnailUrl\":\"https:\\\/\\\/nextgeneration.paeria.cat\\\/web\\\/wp-content\\\/uploads\\\/2023\\\/10\\\/20-09-2023.jpeg\",\"datePublished\":\"2023-09-20T06:54:04+00:00\",\"dateModified\":\"2023-10-03T07:01:20+00:00\",\"breadcrumb\":{\"@id\":\"https:\\\/\\\/nextgeneration.paeria.cat\\\/web\\\/la-paeria-impulsa-actuacions-per-una-mobilitat-mes-sostenible-amb-una-inversio-de-49-milions-deuros\\\/#breadcrumb\"},\"inLanguage\":\"ca\",\"potentialAction\":[{\"@type\":\"ReadAction\",\"target\":[\"https:\\\/\\\/nextgeneration.paeria.cat\\\/web\\\/la-paeria-impulsa-actuacions-per-una-mobilitat-mes-sostenible-amb-una-inversio-de-49-milions-deuros\\\/\"]}]},{\"@type\":\"ImageObject\",\"inLanguage\":\"ca\",\"@id\":\"https:\\\/\\\/nextgeneration.paeria.cat\\\/web\\\/la-paeria-impulsa-actuacions-per-una-mobilitat-mes-sostenible-amb-una-inversio-de-49-milions-deuros\\\/#primaryimage\",\"url\":\"https:\\\/\\\/nextgeneration.paeria.cat\\\/web\\\/wp-content\\\/uploads\\\/2023\\\/10\\\/20-09-2023.jpeg\",\"contentUrl\":\"https:\\\/\\\/nextgeneration.paeria.cat\\\/web\\\/wp-content\\\/uploads\\\/2023\\\/10\\\/20-09-2023.jpeg\",\"width\":768,\"height\":512,\"caption\":\"La Paeria licitar\u00e0 les obres per a construir carril bici a l\u2019avinguda Alcalde Rovira Roure, concretament en el tram situat entre el Passeig de l\u2019Onze de Setembre i el Gran Passeig de Ronda, al barri Camp d'Esports.\"},{\"@type\":\"BreadcrumbList\",\"@id\":\"https:\\\/\\\/nextgeneration.paeria.cat\\\/web\\\/la-paeria-impulsa-actuacions-per-una-mobilitat-mes-sostenible-amb-una-inversio-de-49-milions-deuros\\\/#breadcrumb\",\"itemListElement\":[{\"@type\":\"ListItem\",\"position\":1,\"name\":\"Inici\",\"item\":\"https:\\\/\\\/nextgeneration.paeria.cat\\\/web\\\/\"},{\"@type\":\"ListItem\",\"position\":2,\"name\":\"La Paeria impulsa actuacions per una mobilitat m\u00e9s sostenible amb una inversi\u00f3 de 4,9 milions d\u2019euros\"}]},{\"@type\":\"WebSite\",\"@id\":\"https:\\\/\\\/nextgeneration.paeria.cat\\\/web\\\/#website\",\"url\":\"https:\\\/\\\/nextgeneration.paeria.cat\\\/web\\\/\",\"name\":\"Next Generation Lleida - Propostes de projectes - La Paeria - Ajuntament de Lleida\",\"description\":\"\",\"publisher\":{\"@id\":\"https:\\\/\\\/nextgeneration.paeria.cat\\\/web\\\/#organization\"},\"potentialAction\":[{\"@type\":\"SearchAction\",\"target\":{\"@type\":\"EntryPoint\",\"urlTemplate\":\"https:\\\/\\\/nextgeneration.paeria.cat\\\/web\\\/?s={search_term_string}\"},\"query-input\":{\"@type\":\"PropertyValueSpecification\",\"valueRequired\":true,\"valueName\":\"search_term_string\"}}],\"inLanguage\":\"ca\"},{\"@type\":\"Organization\",\"@id\":\"https:\\\/\\\/nextgeneration.paeria.cat\\\/web\\\/#organization\",\"name\":\"Next Generation Lleida - Propostes de projectes - La Paeria - Ajuntament de Lleida\",\"url\":\"https:\\\/\\\/nextgeneration.paeria.cat\\\/web\\\/\",\"logo\":{\"@type\":\"ImageObject\",\"inLanguage\":\"ca\",\"@id\":\"https:\\\/\\\/nextgeneration.paeria.cat\\\/web\\\/#\\\/schema\\\/logo\\\/image\\\/\",\"url\":\"https:\\\/\\\/nextgeneration.paeria.cat\\\/web\\\/wp-content\\\/uploads\\\/2023\\\/09\\\/cropped-titol.png\",\"contentUrl\":\"https:\\\/\\\/nextgeneration.paeria.cat\\\/web\\\/wp-content\\\/uploads\\\/2023\\\/09\\\/cropped-titol.png\",\"width\":1100,\"height\":220,\"caption\":\"Next Generation Lleida - Propostes de projectes - La Paeria - Ajuntament de Lleida\"},\"image\":{\"@id\":\"https:\\\/\\\/nextgeneration.paeria.cat\\\/web\\\/#\\\/schema\\\/logo\\\/image\\\/\"}},{\"@type\":\"Person\",\"@id\":\"https:\\\/\\\/nextgeneration.paeria.cat\\\/web\\\/#\\\/schema\\\/person\\\/a12a490165bc044605332926bbdc1189\",\"name\":\"admin-nextgeneration\",\"image\":{\"@type\":\"ImageObject\",\"inLanguage\":\"ca\",\"@id\":\"https:\\\/\\\/secure.gravatar.com\\\/avatar\\\/01bed9d6851a1f9c8ab5eb704ab3e7882815867f87a0ef562e77261bef722cbe?s=96&d=mm&r=g\",\"url\":\"https:\\\/\\\/secure.gravatar.com\\\/avatar\\\/01bed9d6851a1f9c8ab5eb704ab3e7882815867f87a0ef562e77261bef722cbe?s=96&d=mm&r=g\",\"contentUrl\":\"https:\\\/\\\/secure.gravatar.com\\\/avatar\\\/01bed9d6851a1f9c8ab5eb704ab3e7882815867f87a0ef562e77261bef722cbe?s=96&d=mm&r=g\",\"caption\":\"admin-nextgeneration\"}}]}<\/script>\n<!-- \/ Yoast SEO plugin. -->","yoast_head_json":{"title":"La Paeria impulsa actuacions per una mobilitat m\u00e9s sostenible amb una inversi\u00f3 de 4,9 milions d\u2019euros - Next Generation Lleida - Propostes de projectes - La Paeria - Ajuntament de Lleida","robots":{"index":"index","follow":"follow","max-snippet":"max-snippet:-1","max-image-preview":"max-image-preview:large","max-video-preview":"max-video-preview:-1"},"canonical":"https:\/\/nextgeneration.paeria.cat\/web\/la-paeria-impulsa-actuacions-per-una-mobilitat-mes-sostenible-amb-una-inversio-de-49-milions-deuros\/","og_locale":"ca_ES","og_type":"article","og_title":"La Paeria impulsa actuacions per una mobilitat m\u00e9s sostenible amb una inversi\u00f3 de 4,9 milions d\u2019euros - Next Generation Lleida - Propostes de projectes - La Paeria - Ajuntament de Lleida","og_description":"La comissi\u00f3 informativa de Gesti\u00f3 de la Ciutat ha informat de la licitaci\u00f3 d\u2019obres per a construir nou carril bici a Rovira Roure, eixamplar la vorera a l\u2019avinguda Ind\u00fastria, pacificar el tr\u00e0nsit al voltant de tres escoles i per a comprar tres autobusos el\u00e8ctrics La comissi\u00f3 informativa de Gesti\u00f3 de la Ciutat ha informat avui ... Llegiu m\u00e9s","og_url":"https:\/\/nextgeneration.paeria.cat\/web\/la-paeria-impulsa-actuacions-per-una-mobilitat-mes-sostenible-amb-una-inversio-de-49-milions-deuros\/","og_site_name":"Next Generation Lleida - Propostes de projectes - La Paeria - Ajuntament de Lleida","article_published_time":"2023-09-20T06:54:04+00:00","article_modified_time":"2023-10-03T07:01:20+00:00","og_image":[{"width":768,"height":512,"url":"https:\/\/nextgeneration.paeria.cat\/web\/wp-content\/uploads\/2023\/10\/20-09-2023.jpeg","type":"image\/jpeg"}],"author":"admin-nextgeneration","twitter_card":"summary_large_image","twitter_misc":{"Escrit per":"admin-nextgeneration","Temps estimat de lectura":"6 minuts"},"schema":{"@context":"https:\/\/schema.org","@graph":[{"@type":"Article","@id":"https:\/\/nextgeneration.paeria.cat\/web\/la-paeria-impulsa-actuacions-per-una-mobilitat-mes-sostenible-amb-una-inversio-de-49-milions-deuros\/#article","isPartOf":{"@id":"https:\/\/nextgeneration.paeria.cat\/web\/la-paeria-impulsa-actuacions-per-una-mobilitat-mes-sostenible-amb-una-inversio-de-49-milions-deuros\/"},"author":{"name":"admin-nextgeneration","@id":"https:\/\/nextgeneration.paeria.cat\/web\/#\/schema\/person\/a12a490165bc044605332926bbdc1189"},"headline":"La Paeria impulsa actuacions per una mobilitat m\u00e9s sostenible amb una inversi\u00f3 de 4,9 milions d\u2019euros","datePublished":"2023-09-20T06:54:04+00:00","dateModified":"2023-10-03T07:01:20+00:00","mainEntityOfPage":{"@id":"https:\/\/nextgeneration.paeria.cat\/web\/la-paeria-impulsa-actuacions-per-una-mobilitat-mes-sostenible-amb-una-inversio-de-49-milions-deuros\/"},"wordCount":1066,"publisher":{"@id":"https:\/\/nextgeneration.paeria.cat\/web\/#organization"},"image":{"@id":"https:\/\/nextgeneration.paeria.cat\/web\/la-paeria-impulsa-actuacions-per-una-mobilitat-mes-sostenible-amb-una-inversio-de-49-milions-deuros\/#primaryimage"},"thumbnailUrl":"https:\/\/nextgeneration.paeria.cat\/web\/wp-content\/uploads\/2023\/10\/20-09-2023.jpeg","articleSection":["Not\u00edcies"],"inLanguage":"ca"},{"@type":"WebPage","@id":"https:\/\/nextgeneration.paeria.cat\/web\/la-paeria-impulsa-actuacions-per-una-mobilitat-mes-sostenible-amb-una-inversio-de-49-milions-deuros\/","url":"https:\/\/nextgeneration.paeria.cat\/web\/la-paeria-impulsa-actuacions-per-una-mobilitat-mes-sostenible-amb-una-inversio-de-49-milions-deuros\/","name":"La Paeria impulsa actuacions per una mobilitat m\u00e9s sostenible amb una inversi\u00f3 de 4,9 milions d\u2019euros - Next Generation Lleida - Propostes de projectes - La Paeria - Ajuntament de Lleida","isPartOf":{"@id":"https:\/\/nextgeneration.paeria.cat\/web\/#website"},"primaryImageOfPage":{"@id":"https:\/\/nextgeneration.paeria.cat\/web\/la-paeria-impulsa-actuacions-per-una-mobilitat-mes-sostenible-amb-una-inversio-de-49-milions-deuros\/#primaryimage"},"image":{"@id":"https:\/\/nextgeneration.paeria.cat\/web\/la-paeria-impulsa-actuacions-per-una-mobilitat-mes-sostenible-amb-una-inversio-de-49-milions-deuros\/#primaryimage"},"thumbnailUrl":"https:\/\/nextgeneration.paeria.cat\/web\/wp-content\/uploads\/2023\/10\/20-09-2023.jpeg","datePublished":"2023-09-20T06:54:04+00:00","dateModified":"2023-10-03T07:01:20+00:00","breadcrumb":{"@id":"https:\/\/nextgeneration.paeria.cat\/web\/la-paeria-impulsa-actuacions-per-una-mobilitat-mes-sostenible-amb-una-inversio-de-49-milions-deuros\/#breadcrumb"},"inLanguage":"ca","potentialAction":[{"@type":"ReadAction","target":["https:\/\/nextgeneration.paeria.cat\/web\/la-paeria-impulsa-actuacions-per-una-mobilitat-mes-sostenible-amb-una-inversio-de-49-milions-deuros\/"]}]},{"@type":"ImageObject","inLanguage":"ca","@id":"https:\/\/nextgeneration.paeria.cat\/web\/la-paeria-impulsa-actuacions-per-una-mobilitat-mes-sostenible-amb-una-inversio-de-49-milions-deuros\/#primaryimage","url":"https:\/\/nextgeneration.paeria.cat\/web\/wp-content\/uploads\/2023\/10\/20-09-2023.jpeg","contentUrl":"https:\/\/nextgeneration.paeria.cat\/web\/wp-content\/uploads\/2023\/10\/20-09-2023.jpeg","width":768,"height":512,"caption":"La Paeria licitar\u00e0 les obres per a construir carril bici a l\u2019avinguda Alcalde Rovira Roure, concretament en el tram situat entre el Passeig de l\u2019Onze de Setembre i el Gran Passeig de Ronda, al barri Camp d'Esports."},{"@type":"BreadcrumbList","@id":"https:\/\/nextgeneration.paeria.cat\/web\/la-paeria-impulsa-actuacions-per-una-mobilitat-mes-sostenible-amb-una-inversio-de-49-milions-deuros\/#breadcrumb","itemListElement":[{"@type":"ListItem","position":1,"name":"Inici","item":"https:\/\/nextgeneration.paeria.cat\/web\/"},{"@type":"ListItem","position":2,"name":"La Paeria impulsa actuacions per una mobilitat m\u00e9s sostenible amb una inversi\u00f3 de 4,9 milions d\u2019euros"}]},{"@type":"WebSite","@id":"https:\/\/nextgeneration.paeria.cat\/web\/#website","url":"https:\/\/nextgeneration.paeria.cat\/web\/","name":"Next Generation Lleida - Propostes de projectes - La Paeria - Ajuntament de Lleida","description":"","publisher":{"@id":"https:\/\/nextgeneration.paeria.cat\/web\/#organization"},"potentialAction":[{"@type":"SearchAction","target":{"@type":"EntryPoint","urlTemplate":"https:\/\/nextgeneration.paeria.cat\/web\/?s={search_term_string}"},"query-input":{"@type":"PropertyValueSpecification","valueRequired":true,"valueName":"search_term_string"}}],"inLanguage":"ca"},{"@type":"Organization","@id":"https:\/\/nextgeneration.paeria.cat\/web\/#organization","name":"Next Generation Lleida - Propostes de projectes - La Paeria - Ajuntament de Lleida","url":"https:\/\/nextgeneration.paeria.cat\/web\/","logo":{"@type":"ImageObject","inLanguage":"ca","@id":"https:\/\/nextgeneration.paeria.cat\/web\/#\/schema\/logo\/image\/","url":"https:\/\/nextgeneration.paeria.cat\/web\/wp-content\/uploads\/2023\/09\/cropped-titol.png","contentUrl":"https:\/\/nextgeneration.paeria.cat\/web\/wp-content\/uploads\/2023\/09\/cropped-titol.png","width":1100,"height":220,"caption":"Next Generation Lleida - Propostes de projectes - La Paeria - Ajuntament de Lleida"},"image":{"@id":"https:\/\/nextgeneration.paeria.cat\/web\/#\/schema\/logo\/image\/"}},{"@type":"Person","@id":"https:\/\/nextgeneration.paeria.cat\/web\/#\/schema\/person\/a12a490165bc044605332926bbdc1189","name":"admin-nextgeneration","image":{"@type":"ImageObject","inLanguage":"ca","@id":"https:\/\/secure.gravatar.com\/avatar\/01bed9d6851a1f9c8ab5eb704ab3e7882815867f87a0ef562e77261bef722cbe?s=96&d=mm&r=g","url":"https:\/\/secure.gravatar.com\/avatar\/01bed9d6851a1f9c8ab5eb704ab3e7882815867f87a0ef562e77261bef722cbe?s=96&d=mm&r=g","contentUrl":"https:\/\/secure.gravatar.com\/avatar\/01bed9d6851a1f9c8ab5eb704ab3e7882815867f87a0ef562e77261bef722cbe?s=96&d=mm&r=g","caption":"admin-nextgeneration"}}]}},"_links":{"self":[{"href":"https:\/\/nextgeneration.paeria.cat\/web\/wp-json\/wp\/v2\/posts\/4719","targetHints":{"allow":["GET"]}}],"collection":[{"href":"https:\/\/nextgeneration.paeria.cat\/web\/wp-json\/wp\/v2\/posts"}],"about":[{"href":"https:\/\/nextgeneration.paeria.cat\/web\/wp-json\/wp\/v2\/types\/post"}],"author":[{"embeddable":true,"href":"https:\/\/nextgeneration.paeria.cat\/web\/wp-json\/wp\/v2\/users\/2"}],"replies":[{"embeddable":true,"href":"https:\/\/nextgeneration.paeria.cat\/web\/wp-json\/wp\/v2\/comments?post=4719"}],"version-history":[{"count":4,"href":"https:\/\/nextgeneration.paeria.cat\/web\/wp-json\/wp\/v2\/posts\/4719\/revisions"}],"predecessor-version":[{"id":4724,"href":"https:\/\/nextgeneration.paeria.cat\/web\/wp-json\/wp\/v2\/posts\/4719\/revisions\/4724"}],"wp:featuredmedia":[{"embeddable":true,"href":"https:\/\/nextgeneration.paeria.cat\/web\/wp-json\/wp\/v2\/media\/4720"}],"wp:attachment":[{"href":"https:\/\/nextgeneration.paeria.cat\/web\/wp-json\/wp\/v2\/media?parent=4719"}],"wp:term":[{"taxonomy":"category","embeddable":true,"href":"https:\/\/nextgeneration.paeria.cat\/web\/wp-json\/wp\/v2\/categories?post=4719"},{"taxonomy":"post_tag","embeddable":true,"href":"https:\/\/nextgeneration.paeria.cat\/web\/wp-json\/wp\/v2\/tags?post=4719"}],"curies":[{"name":"wp","href":"https:\/\/api.w.org\/{rel}","templated":true}]}}