{"id":4970,"date":"2023-03-01T10:53:15","date_gmt":"2023-03-01T08:53:15","guid":{"rendered":"https:\/\/nextgeneration.paeria.cat\/web\/?p=4970"},"modified":"2024-02-01T11:32:15","modified_gmt":"2024-02-01T09:32:15","slug":"presentacio-del-projecte-de-rutes-saludables-a-la-mariola-i-el-turo-de-gardeny","status":"publish","type":"post","link":"https:\/\/nextgeneration.paeria.cat\/web\/presentacio-del-projecte-de-rutes-saludables-a-la-mariola-i-el-turo-de-gardeny\/","title":{"rendered":"Presentaci\u00f3 del projecte de rutes saludables a la Mariola i el Tur\u00f3 de Gardeny"},"content":{"rendered":"\t\t<div data-elementor-type=\"wp-post\" data-elementor-id=\"4970\" class=\"elementor elementor-4970\">\n\t\t\t\t\t\t<section class=\"elementor-section elementor-top-section elementor-element elementor-element-a45c10b elementor-section-boxed elementor-section-height-default elementor-section-height-default\" data-id=\"a45c10b\" data-element_type=\"section\" data-e-type=\"section\">\n\t\t\t\t\t\t<div class=\"elementor-container elementor-column-gap-default\">\n\t\t\t\t\t<div class=\"elementor-column elementor-col-100 elementor-top-column elementor-element elementor-element-1615ff8\" data-id=\"1615ff8\" data-element_type=\"column\" data-e-type=\"column\">\n\t\t\t<div class=\"elementor-widget-wrap elementor-element-populated\">\n\t\t\t\t\t\t<div class=\"elementor-element elementor-element-fbe6637 elementor-widget elementor-widget-text-editor\" data-id=\"fbe6637\" data-element_type=\"widget\" data-e-type=\"widget\" data-widget_type=\"text-editor.default\">\n\t\t\t\t<div class=\"elementor-widget-container\">\n\t\t\t\t\t\t\t\t\t<p><strong>El paer en cap, Miquel Pueyo, ha presidit aquest vespre la sessi\u00f3 ordin\u00e0ria del consell de la zona 09, que ha debatut sobre les accions previstes per \u201cLa Descomunal\u201d<\/strong><\/p><p>La zona 09, que agrupa els barris de la Mariola i Tur\u00f3 de Gardeny ha celebrat aquest vespre el seu consell de zona ordinari, en el qual s\u2019ha presentat <a href=\"https:\/\/nextgeneration.paeria.cat\/web\/la-paeria-implantara-rutes-i-espais-saludables-a-la-mariola-amb-fons-next-generation\/\" target=\"_blank\" rel=\"noopener\">el projecte de rutes saludables i equipaments esportius a l\u2019aire lliure<\/a>, que es desenvolupa gr\u00e0cies a una ajuda dels fons Next Generation de 118.235 euros i amb la participaci\u00f3 de la xarxa d\u2019esports de <a href=\"https:\/\/ladescomunal.cat\/\" target=\"_blank\" rel=\"noopener\">La Descomunal, la comunalitat urbana de Lleida.<\/a><\/p><p>La sessi\u00f3 ha estat presidida pel paer en cap, Miquel Pueyo, qui ha destacat que aquest \u00e9s un barri neur\u00e0lgic de la ciutat, amb una pres\u00e8ncia continuada en l\u2019agenda del govern, i ha felicitat els impulsors de la Descomunal per la tasca que fan de promoci\u00f3 d\u2019activitats enriquidores i estimulants pel barri. Tamb\u00e9 han intervingut la regidora de Participaci\u00f3, Marta Gispert i el regidor de barri, Jaume Rutllant.<\/p><p>La intervenci\u00f3 del projecte de rutes saludables i equipaments esportius a l\u2019aire lliure es basa en una iniciativa sorgida dels ve\u00efns i ve\u00efnes del barri, en el marc del Consell de Zona, per dignificar i millorar el seu entorn i afavorir l\u2019acc\u00e9s a recursos comunitaris. S\u2019han creat 3 rutes saludables, segures i accessibles que uneixen el barri amb el Tur\u00f3 de Gardeny, amb diferents itineraris pensats per a caminar, c\u00f3rrer i anar amb bici i adaptats als diferents col\u00b7lectius. Aix\u00ed, es preveu:<\/p><p><strong>Ruta vermella:<\/strong> Est\u00e0 pensada per a fer exercici de manera activa, caminant o corrent. Inclou la connexi\u00f3 entre el barri i un element d&#8217;inter\u00e8s cultural com \u00e9s el castell de Gardeny, amb uns 3 quil\u00f2metres de longitud, aproximadament.<br \/><strong>Ruta groga:<\/strong> Pret\u00e9n fomentar alhora el passeig i l&#8217;exercici f\u00edsic. La dist\u00e0ncia \u00e9s d\u20191,5 quil\u00f2metres. Tamb\u00e9 uneix les petites pistes poliesportives que existeixen a la zona.<br \/><strong>Ruta verda:<\/strong> Principalment per al passeig i l&#8217;exercici de les persones grans. \u00c9s una ruta accessible en la qual es troben ombres, bancs i fonts i amb la qual es poden crear accions comunit\u00e0ries que fomentin la cura de les zones verdes del barri. Compta amb, aproximadament, 3 quil\u00f2metres de recorregut.<br \/>Tamb\u00e9 s\u2019implantaran 3 infraestructures d\u2019exercici f\u00edsic a m\u00e9s de la plantaci\u00f3 d\u2019arbrat, desbrossament i l\u2019\u00fas de l\u2019urbanisme t\u00e0ctic per afavorir l\u2019exercici f\u00edsic a l\u2019aire lliure, la mobilitat a peu i la cohesi\u00f3 social. Aquests elements seran inclusius i tindran en compte a nens, adolescents, dones, gent gran i persones amb diversitat funcional i formaran part de les rutes saludables. Es tracta de:<\/p><p>-Una infraestructura d&#8217;exercici f\u00edsic per a la gent gran i poblaci\u00f3 adulta \u2013 C\/de la Merc\u00e8<br \/>-Un parc de calist\u00e8nia \u2013 Zona verda Tur\u00f3 de Gardeny<br \/>-Un parc de joc infantil f\u00edsic i mental actiu i inclusiu \u2013 C\/Henri Dunant<br \/>Durant la trobada tamb\u00e9 s\u2019han explicat altres actuacions previstes per l\u2019Ajuntament al barri i s\u2019ha dut a terme una xerrada sobre prevenci\u00f3 d\u2019incendis a les llars, a c\u00e0rrec de Jordi Castany, membre de cos de Bombers.<\/p><p>El projecte s\u2019emmarca en el Pla de Recuperaci\u00f3, Transformaci\u00f3 i Resili\u00e8ncia, finan\u00e7at pels fons Next Generation EU, i amb el suport del Ministeri de Sanitat, la Federaci\u00f3 Espanyola de Municipis i Prov\u00edncies i la Xarxa Espanyola de Ciutats Saludables.<\/p>\t\t\t\t\t\t\t\t<\/div>\n\t\t\t\t<\/div>\n\t\t\t\t\t<\/div>\n\t\t<\/div>\n\t\t\t\t\t<\/div>\n\t\t<\/section>\n\t\t\t\t<section class=\"elementor-section elementor-top-section elementor-element elementor-element-aa7cc51 elementor-section-boxed elementor-section-height-default elementor-section-height-default\" data-id=\"aa7cc51\" data-element_type=\"section\" data-e-type=\"section\">\n\t\t\t\t\t\t<div class=\"elementor-container elementor-column-gap-default\">\n\t\t\t\t\t<div class=\"elementor-column elementor-col-50 elementor-top-column elementor-element elementor-element-d88a586\" data-id=\"d88a586\" data-element_type=\"column\" data-e-type=\"column\">\n\t\t\t<div class=\"elementor-widget-wrap elementor-element-populated\">\n\t\t\t\t\t\t<div class=\"elementor-element elementor-element-0d20b96 elementor-widget elementor-widget-image\" data-id=\"0d20b96\" data-element_type=\"widget\" data-e-type=\"widget\" data-widget_type=\"image.default\">\n\t\t\t\t<div class=\"elementor-widget-container\">\n\t\t\t\t\t\t\t\t\t\t\t\t\t\t\t<img fetchpriority=\"high\" decoding=\"async\" width=\"1024\" height=\"683\" src=\"https:\/\/nextgeneration.paeria.cat\/web\/wp-content\/uploads\/2023\/10\/presentacio-rutes-saludables-Mariola-Consell-Zona-2-1024x683.jpg\" class=\"attachment-large size-large wp-image-4940\" alt=\"Presentaci\u00f3 del projecte de rutes saludables a la Mariola i el Tur\u00f3 de Gardeny\" srcset=\"https:\/\/nextgeneration.paeria.cat\/web\/wp-content\/uploads\/2023\/10\/presentacio-rutes-saludables-Mariola-Consell-Zona-2-1024x683.jpg 1024w, https:\/\/nextgeneration.paeria.cat\/web\/wp-content\/uploads\/2023\/10\/presentacio-rutes-saludables-Mariola-Consell-Zona-2-300x200.jpg 300w, https:\/\/nextgeneration.paeria.cat\/web\/wp-content\/uploads\/2023\/10\/presentacio-rutes-saludables-Mariola-Consell-Zona-2-768x512.jpg 768w, https:\/\/nextgeneration.paeria.cat\/web\/wp-content\/uploads\/2023\/10\/presentacio-rutes-saludables-Mariola-Consell-Zona-2-1536x1024.jpg 1536w, https:\/\/nextgeneration.paeria.cat\/web\/wp-content\/uploads\/2023\/10\/presentacio-rutes-saludables-Mariola-Consell-Zona-2-2048x1365.jpg 2048w\" sizes=\"(max-width: 1024px) 100vw, 1024px\" \/>\t\t\t\t\t\t\t\t\t\t\t\t\t\t\t<\/div>\n\t\t\t\t<\/div>\n\t\t\t\t\t<\/div>\n\t\t<\/div>\n\t\t\t\t<div class=\"elementor-column elementor-col-50 elementor-top-column elementor-element elementor-element-cf5f528\" data-id=\"cf5f528\" data-element_type=\"column\" data-e-type=\"column\">\n\t\t\t<div class=\"elementor-widget-wrap elementor-element-populated\">\n\t\t\t\t\t\t<div class=\"elementor-element elementor-element-690a5b1 elementor-widget elementor-widget-image\" data-id=\"690a5b1\" data-element_type=\"widget\" data-e-type=\"widget\" data-widget_type=\"image.default\">\n\t\t\t\t<div class=\"elementor-widget-container\">\n\t\t\t\t\t\t\t\t\t\t\t\t\t\t\t<img decoding=\"async\" width=\"1024\" height=\"683\" src=\"https:\/\/nextgeneration.paeria.cat\/web\/wp-content\/uploads\/2023\/10\/presentacio-rutes-saludables-Mariola-Consell-Zona-3-1024x683.jpg\" class=\"attachment-large size-large wp-image-4941\" alt=\"Una de les intervencions que han tingut lloc al consell\" srcset=\"https:\/\/nextgeneration.paeria.cat\/web\/wp-content\/uploads\/2023\/10\/presentacio-rutes-saludables-Mariola-Consell-Zona-3-1024x683.jpg 1024w, https:\/\/nextgeneration.paeria.cat\/web\/wp-content\/uploads\/2023\/10\/presentacio-rutes-saludables-Mariola-Consell-Zona-3-300x200.jpg 300w, https:\/\/nextgeneration.paeria.cat\/web\/wp-content\/uploads\/2023\/10\/presentacio-rutes-saludables-Mariola-Consell-Zona-3-768x512.jpg 768w, https:\/\/nextgeneration.paeria.cat\/web\/wp-content\/uploads\/2023\/10\/presentacio-rutes-saludables-Mariola-Consell-Zona-3-1536x1024.jpg 1536w, https:\/\/nextgeneration.paeria.cat\/web\/wp-content\/uploads\/2023\/10\/presentacio-rutes-saludables-Mariola-Consell-Zona-3-2048x1366.jpg 2048w\" sizes=\"(max-width: 1024px) 100vw, 1024px\" \/>\t\t\t\t\t\t\t\t\t\t\t\t\t\t\t<\/div>\n\t\t\t\t<\/div>\n\t\t\t\t\t<\/div>\n\t\t<\/div>\n\t\t\t\t\t<\/div>\n\t\t<\/section>\n\t\t\t\t<section class=\"elementor-section elementor-top-section elementor-element elementor-element-01dc009 elementor-section-boxed elementor-section-height-default elementor-section-height-default\" data-id=\"01dc009\" data-element_type=\"section\" data-e-type=\"section\">\n\t\t\t\t\t\t<div class=\"elementor-container elementor-column-gap-default\">\n\t\t\t\t\t<div class=\"elementor-column elementor-col-100 elementor-top-column elementor-element elementor-element-586a36d\" data-id=\"586a36d\" data-element_type=\"column\" data-e-type=\"column\">\n\t\t\t<div class=\"elementor-widget-wrap elementor-element-populated\">\n\t\t\t\t\t\t<section class=\"elementor-section elementor-inner-section elementor-element elementor-element-8e0a601 elementor-section-content-middle elementor-section-boxed elementor-section-height-default elementor-section-height-default\" data-id=\"8e0a601\" data-element_type=\"section\" data-e-type=\"section\">\n\t\t\t\t\t\t<div class=\"elementor-container elementor-column-gap-default\">\n\t\t\t\t\t<div class=\"elementor-column elementor-col-20 elementor-inner-column elementor-element elementor-element-962f538\" data-id=\"962f538\" data-element_type=\"column\" data-e-type=\"column\">\n\t\t\t<div class=\"elementor-widget-wrap elementor-element-populated\">\n\t\t\t\t\t\t<div class=\"elementor-element elementor-element-ea11487 elementor-widget elementor-widget-image\" data-id=\"ea11487\" data-element_type=\"widget\" data-e-type=\"widget\" data-widget_type=\"image.default\">\n\t\t\t\t<div class=\"elementor-widget-container\">\n\t\t\t\t\t\t\t\t\t\t\t\t\t\t\t<img decoding=\"async\" src=\"https:\/\/nextgeneration.paeria.cat\/web\/wp-content\/uploads\/2022\/11\/Financat-per-la-Unio-Europea.jpg\" title=\"\" alt=\"\" loading=\"lazy\" \/>\t\t\t\t\t\t\t\t\t\t\t\t\t\t\t<\/div>\n\t\t\t\t<\/div>\n\t\t\t\t\t<\/div>\n\t\t<\/div>\n\t\t\t\t<div class=\"elementor-column elementor-col-20 elementor-inner-column elementor-element elementor-element-e37f95a\" data-id=\"e37f95a\" data-element_type=\"column\" data-e-type=\"column\">\n\t\t\t<div class=\"elementor-widget-wrap elementor-element-populated\">\n\t\t\t\t\t\t<div class=\"elementor-element elementor-element-fcc6237 elementor-widget elementor-widget-image\" data-id=\"fcc6237\" data-element_type=\"widget\" data-e-type=\"widget\" data-widget_type=\"image.default\">\n\t\t\t\t<div class=\"elementor-widget-container\">\n\t\t\t\t\t\t\t\t\t\t\t\t\t\t\t<img decoding=\"async\" src=\"https:\/\/nextgeneration.paeria.cat\/web\/wp-content\/uploads\/2022\/11\/logo-ministerio-sanidad.png\" title=\"\" alt=\"Logotip del Ministerio de Sanidad del Gobierno de Espa\u00f1a.\" loading=\"lazy\" \/>\t\t\t\t\t\t\t\t\t\t\t\t\t\t\t<\/div>\n\t\t\t\t<\/div>\n\t\t\t\t\t<\/div>\n\t\t<\/div>\n\t\t\t\t<div class=\"elementor-column elementor-col-20 elementor-inner-column elementor-element elementor-element-a83c9c1\" data-id=\"a83c9c1\" data-element_type=\"column\" data-e-type=\"column\">\n\t\t\t<div class=\"elementor-widget-wrap elementor-element-populated\">\n\t\t\t\t\t\t<div class=\"elementor-element elementor-element-0e93438 elementor-widget elementor-widget-image\" data-id=\"0e93438\" data-element_type=\"widget\" data-e-type=\"widget\" data-widget_type=\"image.default\">\n\t\t\t\t<div class=\"elementor-widget-container\">\n\t\t\t\t\t\t\t\t\t\t\t\t\t\t\t<img decoding=\"async\" src=\"https:\/\/nextgeneration.paeria.cat\/web\/wp-content\/uploads\/2022\/11\/Logo-PRTR-tres-lineas_COLOR.png\" title=\"\" alt=\"Logotip del Plan de Recuperaci\u00f3n, Transformaci\u00f3n y Resiliencia.\" loading=\"lazy\" \/>\t\t\t\t\t\t\t\t\t\t\t\t\t\t\t<\/div>\n\t\t\t\t<\/div>\n\t\t\t\t\t<\/div>\n\t\t<\/div>\n\t\t\t\t<div class=\"elementor-column elementor-col-20 elementor-inner-column elementor-element elementor-element-7546dc7\" data-id=\"7546dc7\" data-element_type=\"column\" data-e-type=\"column\">\n\t\t\t<div class=\"elementor-widget-wrap elementor-element-populated\">\n\t\t\t\t\t\t<div class=\"elementor-element elementor-element-9a321c6 elementor-widget elementor-widget-image\" data-id=\"9a321c6\" data-element_type=\"widget\" data-e-type=\"widget\" data-widget_type=\"image.default\">\n\t\t\t\t<div class=\"elementor-widget-container\">\n\t\t\t\t\t\t\t\t\t\t\t\t\t\t\t<img decoding=\"async\" src=\"https:\/\/nextgeneration.paeria.cat\/web\/wp-content\/uploads\/2022\/11\/logo-fed-municipios-provincias-per-web.png\" title=\"\" alt=\"Logotip de la Federaci\u00f3n Espa\u00f1ola de municipios y provincias.\" loading=\"lazy\" \/>\t\t\t\t\t\t\t\t\t\t\t\t\t\t\t<\/div>\n\t\t\t\t<\/div>\n\t\t\t\t\t<\/div>\n\t\t<\/div>\n\t\t\t\t<div class=\"elementor-column elementor-col-20 elementor-inner-column elementor-element elementor-element-700138b\" data-id=\"700138b\" data-element_type=\"column\" data-e-type=\"column\">\n\t\t\t<div class=\"elementor-widget-wrap elementor-element-populated\">\n\t\t\t\t\t\t<div class=\"elementor-element elementor-element-094b877 elementor-widget elementor-widget-image\" data-id=\"094b877\" data-element_type=\"widget\" data-e-type=\"widget\" data-widget_type=\"image.default\">\n\t\t\t\t<div class=\"elementor-widget-container\">\n\t\t\t\t\t\t\t\t\t\t\t\t\t\t\t<img decoding=\"async\" src=\"https:\/\/nextgeneration.paeria.cat\/web\/wp-content\/uploads\/2022\/11\/logo-recs.png\" title=\"\" alt=\"Red Espa\u00f1ola de Ciudades Saludables.\" loading=\"lazy\" \/>\t\t\t\t\t\t\t\t\t\t\t\t\t\t\t<\/div>\n\t\t\t\t<\/div>\n\t\t\t\t\t<\/div>\n\t\t<\/div>\n\t\t\t\t\t<\/div>\n\t\t<\/section>\n\t\t\t\t\t<\/div>\n\t\t<\/div>\n\t\t\t\t\t<\/div>\n\t\t<\/section>\n\t\t\t\t<section class=\"elementor-section elementor-top-section elementor-element elementor-element-814d5d3 elementor-section-boxed elementor-section-height-default elementor-section-height-default\" data-id=\"814d5d3\" data-element_type=\"section\" data-e-type=\"section\">\n\t\t\t\t\t\t<div class=\"elementor-container elementor-column-gap-default\">\n\t\t\t\t\t<div class=\"elementor-column elementor-col-100 elementor-top-column elementor-element elementor-element-07b8c54\" data-id=\"07b8c54\" data-element_type=\"column\" data-e-type=\"column\">\n\t\t\t<div class=\"elementor-widget-wrap elementor-element-populated\">\n\t\t\t\t\t\t<section class=\"elementor-section elementor-inner-section elementor-element elementor-element-b21c5e9 elementor-section-boxed elementor-section-height-default elementor-section-height-default\" data-id=\"b21c5e9\" data-element_type=\"section\" data-e-type=\"section\">\n\t\t\t\t\t\t<div class=\"elementor-container elementor-column-gap-default\">\n\t\t\t\t\t<div class=\"elementor-column elementor-col-100 elementor-inner-column elementor-element elementor-element-eaa1674\" data-id=\"eaa1674\" data-element_type=\"column\" data-e-type=\"column\">\n\t\t\t<div class=\"elementor-widget-wrap\">\n\t\t\t\t\t\t\t<\/div>\n\t\t<\/div>\n\t\t\t\t\t<\/div>\n\t\t<\/section>\n\t\t\t\t\t<\/div>\n\t\t<\/div>\n\t\t\t\t\t<\/div>\n\t\t<\/section>\n\t\t\t\t<\/div>\n\t\t","protected":false},"excerpt":{"rendered":"<p>El paer en cap, Miquel Pueyo, ha presidit aquest vespre la sessi\u00f3 ordin\u00e0ria del consell de la zona 09, que ha debatut sobre les accions previstes per \u201cLa Descomunal\u201d La zona 09, que agrupa els barris de la Mariola i Tur\u00f3 de Gardeny ha celebrat aquest vespre el seu consell de zona ordinari, en el &#8230; <a title=\"Presentaci\u00f3 del projecte de rutes saludables a la Mariola i el Tur\u00f3 de Gardeny\" class=\"read-more\" href=\"https:\/\/nextgeneration.paeria.cat\/web\/presentacio-del-projecte-de-rutes-saludables-a-la-mariola-i-el-turo-de-gardeny\/\" aria-label=\"M\u00e9s informaci\u00f3 sobre Presentaci\u00f3 del projecte de rutes saludables a la Mariola i el Tur\u00f3 de Gardeny\">Llegiu m\u00e9s<\/a><\/p>\n","protected":false},"author":6,"featured_media":4958,"comment_status":"closed","ping_status":"closed","sticky":false,"template":"","format":"standard","meta":{"_sitemap_exclude":false,"_sitemap_priority":"","_sitemap_frequency":"","footnotes":""},"categories":[4],"tags":[],"class_list":["post-4970","post","type-post","status-publish","format-standard","has-post-thumbnail","hentry","category-noticies"],"yoast_head":"<!-- This site is optimized with the Yoast SEO plugin v27.5 - https:\/\/yoast.com\/product\/yoast-seo-wordpress\/ -->\n<title>Presentaci\u00f3 del projecte de rutes saludables a la Mariola i el Tur\u00f3 de Gardeny - Next Generation Lleida - Propostes de projectes - La Paeria - Ajuntament de Lleida<\/title>\n<meta name=\"robots\" content=\"index, follow, max-snippet:-1, max-image-preview:large, max-video-preview:-1\" \/>\n<link rel=\"canonical\" href=\"https:\/\/nextgeneration.paeria.cat\/web\/presentacio-del-projecte-de-rutes-saludables-a-la-mariola-i-el-turo-de-gardeny\/\" \/>\n<meta property=\"og:locale\" content=\"ca_ES\" \/>\n<meta property=\"og:type\" content=\"article\" \/>\n<meta property=\"og:title\" content=\"Presentaci\u00f3 del projecte de rutes saludables a la Mariola i el Tur\u00f3 de Gardeny - Next Generation Lleida - Propostes de projectes - La Paeria - Ajuntament de Lleida\" \/>\n<meta property=\"og:description\" content=\"El paer en cap, Miquel Pueyo, ha presidit aquest vespre la sessi\u00f3 ordin\u00e0ria del consell de la zona 09, que ha debatut sobre les accions previstes per \u201cLa Descomunal\u201d La zona 09, que agrupa els barris de la Mariola i Tur\u00f3 de Gardeny ha celebrat aquest vespre el seu consell de zona ordinari, en el ... Llegiu m\u00e9s\" \/>\n<meta property=\"og:url\" content=\"https:\/\/nextgeneration.paeria.cat\/web\/presentacio-del-projecte-de-rutes-saludables-a-la-mariola-i-el-turo-de-gardeny\/\" \/>\n<meta property=\"og:site_name\" content=\"Next Generation Lleida - Propostes de projectes - La Paeria - Ajuntament de Lleida\" \/>\n<meta property=\"article:published_time\" content=\"2023-03-01T08:53:15+00:00\" \/>\n<meta property=\"article:modified_time\" content=\"2024-02-01T09:32:15+00:00\" \/>\n<meta property=\"og:image\" content=\"https:\/\/nextgeneration.paeria.cat\/web\/wp-content\/uploads\/2023\/10\/presentacio-rutes-saludables-Mariola-Consell-Zona-1-scaled.jpg\" \/>\n\t<meta property=\"og:image:width\" content=\"2560\" \/>\n\t<meta property=\"og:image:height\" content=\"1707\" \/>\n\t<meta property=\"og:image:type\" content=\"image\/jpeg\" \/>\n<meta name=\"author\" content=\"Dolors Ortin\" \/>\n<meta name=\"twitter:card\" content=\"summary_large_image\" \/>\n<meta name=\"twitter:label1\" content=\"Escrit per\" \/>\n\t<meta name=\"twitter:data1\" content=\"Dolors Ortin\" \/>\n\t<meta name=\"twitter:label2\" content=\"Temps estimat de lectura\" \/>\n\t<meta name=\"twitter:data2\" content=\"1 minut\" \/>\n<script type=\"application\/ld+json\" class=\"yoast-schema-graph\">{\"@context\":\"https:\\\/\\\/schema.org\",\"@graph\":[{\"@type\":\"Article\",\"@id\":\"https:\\\/\\\/nextgeneration.paeria.cat\\\/web\\\/presentacio-del-projecte-de-rutes-saludables-a-la-mariola-i-el-turo-de-gardeny\\\/#article\",\"isPartOf\":{\"@id\":\"https:\\\/\\\/nextgeneration.paeria.cat\\\/web\\\/presentacio-del-projecte-de-rutes-saludables-a-la-mariola-i-el-turo-de-gardeny\\\/\"},\"author\":{\"name\":\"Dolors Ortin\",\"@id\":\"https:\\\/\\\/nextgeneration.paeria.cat\\\/web\\\/#\\\/schema\\\/person\\\/d0869853685f5118a45408d600973c20\"},\"headline\":\"Presentaci\u00f3 del projecte de rutes saludables a la Mariola i el Tur\u00f3 de Gardeny\",\"datePublished\":\"2023-03-01T08:53:15+00:00\",\"dateModified\":\"2024-02-01T09:32:15+00:00\",\"mainEntityOfPage\":{\"@id\":\"https:\\\/\\\/nextgeneration.paeria.cat\\\/web\\\/presentacio-del-projecte-de-rutes-saludables-a-la-mariola-i-el-turo-de-gardeny\\\/\"},\"wordCount\":597,\"publisher\":{\"@id\":\"https:\\\/\\\/nextgeneration.paeria.cat\\\/web\\\/#organization\"},\"image\":{\"@id\":\"https:\\\/\\\/nextgeneration.paeria.cat\\\/web\\\/presentacio-del-projecte-de-rutes-saludables-a-la-mariola-i-el-turo-de-gardeny\\\/#primaryimage\"},\"thumbnailUrl\":\"https:\\\/\\\/nextgeneration.paeria.cat\\\/web\\\/wp-content\\\/uploads\\\/2023\\\/10\\\/presentacio-rutes-saludables-Mariola-Consell-Zona-1-scaled.jpg\",\"articleSection\":[\"Not\u00edcies\"],\"inLanguage\":\"ca\"},{\"@type\":\"WebPage\",\"@id\":\"https:\\\/\\\/nextgeneration.paeria.cat\\\/web\\\/presentacio-del-projecte-de-rutes-saludables-a-la-mariola-i-el-turo-de-gardeny\\\/\",\"url\":\"https:\\\/\\\/nextgeneration.paeria.cat\\\/web\\\/presentacio-del-projecte-de-rutes-saludables-a-la-mariola-i-el-turo-de-gardeny\\\/\",\"name\":\"Presentaci\u00f3 del projecte de rutes saludables a la Mariola i el Tur\u00f3 de Gardeny - Next Generation Lleida - Propostes de projectes - La Paeria - Ajuntament de Lleida\",\"isPartOf\":{\"@id\":\"https:\\\/\\\/nextgeneration.paeria.cat\\\/web\\\/#website\"},\"primaryImageOfPage\":{\"@id\":\"https:\\\/\\\/nextgeneration.paeria.cat\\\/web\\\/presentacio-del-projecte-de-rutes-saludables-a-la-mariola-i-el-turo-de-gardeny\\\/#primaryimage\"},\"image\":{\"@id\":\"https:\\\/\\\/nextgeneration.paeria.cat\\\/web\\\/presentacio-del-projecte-de-rutes-saludables-a-la-mariola-i-el-turo-de-gardeny\\\/#primaryimage\"},\"thumbnailUrl\":\"https:\\\/\\\/nextgeneration.paeria.cat\\\/web\\\/wp-content\\\/uploads\\\/2023\\\/10\\\/presentacio-rutes-saludables-Mariola-Consell-Zona-1-scaled.jpg\",\"datePublished\":\"2023-03-01T08:53:15+00:00\",\"dateModified\":\"2024-02-01T09:32:15+00:00\",\"breadcrumb\":{\"@id\":\"https:\\\/\\\/nextgeneration.paeria.cat\\\/web\\\/presentacio-del-projecte-de-rutes-saludables-a-la-mariola-i-el-turo-de-gardeny\\\/#breadcrumb\"},\"inLanguage\":\"ca\",\"potentialAction\":[{\"@type\":\"ReadAction\",\"target\":[\"https:\\\/\\\/nextgeneration.paeria.cat\\\/web\\\/presentacio-del-projecte-de-rutes-saludables-a-la-mariola-i-el-turo-de-gardeny\\\/\"]}]},{\"@type\":\"ImageObject\",\"inLanguage\":\"ca\",\"@id\":\"https:\\\/\\\/nextgeneration.paeria.cat\\\/web\\\/presentacio-del-projecte-de-rutes-saludables-a-la-mariola-i-el-turo-de-gardeny\\\/#primaryimage\",\"url\":\"https:\\\/\\\/nextgeneration.paeria.cat\\\/web\\\/wp-content\\\/uploads\\\/2023\\\/10\\\/presentacio-rutes-saludables-Mariola-Consell-Zona-1-scaled.jpg\",\"contentUrl\":\"https:\\\/\\\/nextgeneration.paeria.cat\\\/web\\\/wp-content\\\/uploads\\\/2023\\\/10\\\/presentacio-rutes-saludables-Mariola-Consell-Zona-1-scaled.jpg\",\"width\":2560,\"height\":1707},{\"@type\":\"BreadcrumbList\",\"@id\":\"https:\\\/\\\/nextgeneration.paeria.cat\\\/web\\\/presentacio-del-projecte-de-rutes-saludables-a-la-mariola-i-el-turo-de-gardeny\\\/#breadcrumb\",\"itemListElement\":[{\"@type\":\"ListItem\",\"position\":1,\"name\":\"Inici\",\"item\":\"https:\\\/\\\/nextgeneration.paeria.cat\\\/web\\\/\"},{\"@type\":\"ListItem\",\"position\":2,\"name\":\"Presentaci\u00f3 del projecte de rutes saludables a la Mariola i el Tur\u00f3 de Gardeny\"}]},{\"@type\":\"WebSite\",\"@id\":\"https:\\\/\\\/nextgeneration.paeria.cat\\\/web\\\/#website\",\"url\":\"https:\\\/\\\/nextgeneration.paeria.cat\\\/web\\\/\",\"name\":\"Next Generation Lleida - Propostes de projectes - La Paeria - Ajuntament de Lleida\",\"description\":\"\",\"publisher\":{\"@id\":\"https:\\\/\\\/nextgeneration.paeria.cat\\\/web\\\/#organization\"},\"potentialAction\":[{\"@type\":\"SearchAction\",\"target\":{\"@type\":\"EntryPoint\",\"urlTemplate\":\"https:\\\/\\\/nextgeneration.paeria.cat\\\/web\\\/?s={search_term_string}\"},\"query-input\":{\"@type\":\"PropertyValueSpecification\",\"valueRequired\":true,\"valueName\":\"search_term_string\"}}],\"inLanguage\":\"ca\"},{\"@type\":\"Organization\",\"@id\":\"https:\\\/\\\/nextgeneration.paeria.cat\\\/web\\\/#organization\",\"name\":\"Next Generation Lleida - Propostes de projectes - La Paeria - Ajuntament de Lleida\",\"url\":\"https:\\\/\\\/nextgeneration.paeria.cat\\\/web\\\/\",\"logo\":{\"@type\":\"ImageObject\",\"inLanguage\":\"ca\",\"@id\":\"https:\\\/\\\/nextgeneration.paeria.cat\\\/web\\\/#\\\/schema\\\/logo\\\/image\\\/\",\"url\":\"https:\\\/\\\/nextgeneration.paeria.cat\\\/web\\\/wp-content\\\/uploads\\\/2023\\\/09\\\/cropped-titol.png\",\"contentUrl\":\"https:\\\/\\\/nextgeneration.paeria.cat\\\/web\\\/wp-content\\\/uploads\\\/2023\\\/09\\\/cropped-titol.png\",\"width\":1100,\"height\":220,\"caption\":\"Next Generation Lleida - Propostes de projectes - La Paeria - Ajuntament de Lleida\"},\"image\":{\"@id\":\"https:\\\/\\\/nextgeneration.paeria.cat\\\/web\\\/#\\\/schema\\\/logo\\\/image\\\/\"}},{\"@type\":\"Person\",\"@id\":\"https:\\\/\\\/nextgeneration.paeria.cat\\\/web\\\/#\\\/schema\\\/person\\\/d0869853685f5118a45408d600973c20\",\"name\":\"Dolors Ortin\",\"image\":{\"@type\":\"ImageObject\",\"inLanguage\":\"ca\",\"@id\":\"https:\\\/\\\/secure.gravatar.com\\\/avatar\\\/92d49973a2d8eb61ac1cdb6a9d672367fc65859e811d5e4b3ec4f92ef8f1d091?s=96&d=mm&r=g\",\"url\":\"https:\\\/\\\/secure.gravatar.com\\\/avatar\\\/92d49973a2d8eb61ac1cdb6a9d672367fc65859e811d5e4b3ec4f92ef8f1d091?s=96&d=mm&r=g\",\"contentUrl\":\"https:\\\/\\\/secure.gravatar.com\\\/avatar\\\/92d49973a2d8eb61ac1cdb6a9d672367fc65859e811d5e4b3ec4f92ef8f1d091?s=96&d=mm&r=g\",\"caption\":\"Dolors Ortin\"}}]}<\/script>\n<!-- \/ Yoast SEO plugin. -->","yoast_head_json":{"title":"Presentaci\u00f3 del projecte de rutes saludables a la Mariola i el Tur\u00f3 de Gardeny - Next Generation Lleida - Propostes de projectes - La Paeria - Ajuntament de Lleida","robots":{"index":"index","follow":"follow","max-snippet":"max-snippet:-1","max-image-preview":"max-image-preview:large","max-video-preview":"max-video-preview:-1"},"canonical":"https:\/\/nextgeneration.paeria.cat\/web\/presentacio-del-projecte-de-rutes-saludables-a-la-mariola-i-el-turo-de-gardeny\/","og_locale":"ca_ES","og_type":"article","og_title":"Presentaci\u00f3 del projecte de rutes saludables a la Mariola i el Tur\u00f3 de Gardeny - Next Generation Lleida - Propostes de projectes - La Paeria - Ajuntament de Lleida","og_description":"El paer en cap, Miquel Pueyo, ha presidit aquest vespre la sessi\u00f3 ordin\u00e0ria del consell de la zona 09, que ha debatut sobre les accions previstes per \u201cLa Descomunal\u201d La zona 09, que agrupa els barris de la Mariola i Tur\u00f3 de Gardeny ha celebrat aquest vespre el seu consell de zona ordinari, en el ... Llegiu m\u00e9s","og_url":"https:\/\/nextgeneration.paeria.cat\/web\/presentacio-del-projecte-de-rutes-saludables-a-la-mariola-i-el-turo-de-gardeny\/","og_site_name":"Next Generation Lleida - Propostes de projectes - La Paeria - Ajuntament de Lleida","article_published_time":"2023-03-01T08:53:15+00:00","article_modified_time":"2024-02-01T09:32:15+00:00","og_image":[{"width":2560,"height":1707,"url":"https:\/\/nextgeneration.paeria.cat\/web\/wp-content\/uploads\/2023\/10\/presentacio-rutes-saludables-Mariola-Consell-Zona-1-scaled.jpg","type":"image\/jpeg"}],"author":"Dolors Ortin","twitter_card":"summary_large_image","twitter_misc":{"Escrit per":"Dolors Ortin","Temps estimat de lectura":"1 minut"},"schema":{"@context":"https:\/\/schema.org","@graph":[{"@type":"Article","@id":"https:\/\/nextgeneration.paeria.cat\/web\/presentacio-del-projecte-de-rutes-saludables-a-la-mariola-i-el-turo-de-gardeny\/#article","isPartOf":{"@id":"https:\/\/nextgeneration.paeria.cat\/web\/presentacio-del-projecte-de-rutes-saludables-a-la-mariola-i-el-turo-de-gardeny\/"},"author":{"name":"Dolors Ortin","@id":"https:\/\/nextgeneration.paeria.cat\/web\/#\/schema\/person\/d0869853685f5118a45408d600973c20"},"headline":"Presentaci\u00f3 del projecte de rutes saludables a la Mariola i el Tur\u00f3 de Gardeny","datePublished":"2023-03-01T08:53:15+00:00","dateModified":"2024-02-01T09:32:15+00:00","mainEntityOfPage":{"@id":"https:\/\/nextgeneration.paeria.cat\/web\/presentacio-del-projecte-de-rutes-saludables-a-la-mariola-i-el-turo-de-gardeny\/"},"wordCount":597,"publisher":{"@id":"https:\/\/nextgeneration.paeria.cat\/web\/#organization"},"image":{"@id":"https:\/\/nextgeneration.paeria.cat\/web\/presentacio-del-projecte-de-rutes-saludables-a-la-mariola-i-el-turo-de-gardeny\/#primaryimage"},"thumbnailUrl":"https:\/\/nextgeneration.paeria.cat\/web\/wp-content\/uploads\/2023\/10\/presentacio-rutes-saludables-Mariola-Consell-Zona-1-scaled.jpg","articleSection":["Not\u00edcies"],"inLanguage":"ca"},{"@type":"WebPage","@id":"https:\/\/nextgeneration.paeria.cat\/web\/presentacio-del-projecte-de-rutes-saludables-a-la-mariola-i-el-turo-de-gardeny\/","url":"https:\/\/nextgeneration.paeria.cat\/web\/presentacio-del-projecte-de-rutes-saludables-a-la-mariola-i-el-turo-de-gardeny\/","name":"Presentaci\u00f3 del projecte de rutes saludables a la Mariola i el Tur\u00f3 de Gardeny - Next Generation Lleida - Propostes de projectes - La Paeria - Ajuntament de Lleida","isPartOf":{"@id":"https:\/\/nextgeneration.paeria.cat\/web\/#website"},"primaryImageOfPage":{"@id":"https:\/\/nextgeneration.paeria.cat\/web\/presentacio-del-projecte-de-rutes-saludables-a-la-mariola-i-el-turo-de-gardeny\/#primaryimage"},"image":{"@id":"https:\/\/nextgeneration.paeria.cat\/web\/presentacio-del-projecte-de-rutes-saludables-a-la-mariola-i-el-turo-de-gardeny\/#primaryimage"},"thumbnailUrl":"https:\/\/nextgeneration.paeria.cat\/web\/wp-content\/uploads\/2023\/10\/presentacio-rutes-saludables-Mariola-Consell-Zona-1-scaled.jpg","datePublished":"2023-03-01T08:53:15+00:00","dateModified":"2024-02-01T09:32:15+00:00","breadcrumb":{"@id":"https:\/\/nextgeneration.paeria.cat\/web\/presentacio-del-projecte-de-rutes-saludables-a-la-mariola-i-el-turo-de-gardeny\/#breadcrumb"},"inLanguage":"ca","potentialAction":[{"@type":"ReadAction","target":["https:\/\/nextgeneration.paeria.cat\/web\/presentacio-del-projecte-de-rutes-saludables-a-la-mariola-i-el-turo-de-gardeny\/"]}]},{"@type":"ImageObject","inLanguage":"ca","@id":"https:\/\/nextgeneration.paeria.cat\/web\/presentacio-del-projecte-de-rutes-saludables-a-la-mariola-i-el-turo-de-gardeny\/#primaryimage","url":"https:\/\/nextgeneration.paeria.cat\/web\/wp-content\/uploads\/2023\/10\/presentacio-rutes-saludables-Mariola-Consell-Zona-1-scaled.jpg","contentUrl":"https:\/\/nextgeneration.paeria.cat\/web\/wp-content\/uploads\/2023\/10\/presentacio-rutes-saludables-Mariola-Consell-Zona-1-scaled.jpg","width":2560,"height":1707},{"@type":"BreadcrumbList","@id":"https:\/\/nextgeneration.paeria.cat\/web\/presentacio-del-projecte-de-rutes-saludables-a-la-mariola-i-el-turo-de-gardeny\/#breadcrumb","itemListElement":[{"@type":"ListItem","position":1,"name":"Inici","item":"https:\/\/nextgeneration.paeria.cat\/web\/"},{"@type":"ListItem","position":2,"name":"Presentaci\u00f3 del projecte de rutes saludables a la Mariola i el Tur\u00f3 de Gardeny"}]},{"@type":"WebSite","@id":"https:\/\/nextgeneration.paeria.cat\/web\/#website","url":"https:\/\/nextgeneration.paeria.cat\/web\/","name":"Next Generation Lleida - Propostes de projectes - La Paeria - Ajuntament de Lleida","description":"","publisher":{"@id":"https:\/\/nextgeneration.paeria.cat\/web\/#organization"},"potentialAction":[{"@type":"SearchAction","target":{"@type":"EntryPoint","urlTemplate":"https:\/\/nextgeneration.paeria.cat\/web\/?s={search_term_string}"},"query-input":{"@type":"PropertyValueSpecification","valueRequired":true,"valueName":"search_term_string"}}],"inLanguage":"ca"},{"@type":"Organization","@id":"https:\/\/nextgeneration.paeria.cat\/web\/#organization","name":"Next Generation Lleida - Propostes de projectes - La Paeria - Ajuntament de Lleida","url":"https:\/\/nextgeneration.paeria.cat\/web\/","logo":{"@type":"ImageObject","inLanguage":"ca","@id":"https:\/\/nextgeneration.paeria.cat\/web\/#\/schema\/logo\/image\/","url":"https:\/\/nextgeneration.paeria.cat\/web\/wp-content\/uploads\/2023\/09\/cropped-titol.png","contentUrl":"https:\/\/nextgeneration.paeria.cat\/web\/wp-content\/uploads\/2023\/09\/cropped-titol.png","width":1100,"height":220,"caption":"Next Generation Lleida - Propostes de projectes - La Paeria - Ajuntament de Lleida"},"image":{"@id":"https:\/\/nextgeneration.paeria.cat\/web\/#\/schema\/logo\/image\/"}},{"@type":"Person","@id":"https:\/\/nextgeneration.paeria.cat\/web\/#\/schema\/person\/d0869853685f5118a45408d600973c20","name":"Dolors Ortin","image":{"@type":"ImageObject","inLanguage":"ca","@id":"https:\/\/secure.gravatar.com\/avatar\/92d49973a2d8eb61ac1cdb6a9d672367fc65859e811d5e4b3ec4f92ef8f1d091?s=96&d=mm&r=g","url":"https:\/\/secure.gravatar.com\/avatar\/92d49973a2d8eb61ac1cdb6a9d672367fc65859e811d5e4b3ec4f92ef8f1d091?s=96&d=mm&r=g","contentUrl":"https:\/\/secure.gravatar.com\/avatar\/92d49973a2d8eb61ac1cdb6a9d672367fc65859e811d5e4b3ec4f92ef8f1d091?s=96&d=mm&r=g","caption":"Dolors Ortin"}}]}},"_links":{"self":[{"href":"https:\/\/nextgeneration.paeria.cat\/web\/wp-json\/wp\/v2\/posts\/4970","targetHints":{"allow":["GET"]}}],"collection":[{"href":"https:\/\/nextgeneration.paeria.cat\/web\/wp-json\/wp\/v2\/posts"}],"about":[{"href":"https:\/\/nextgeneration.paeria.cat\/web\/wp-json\/wp\/v2\/types\/post"}],"author":[{"embeddable":true,"href":"https:\/\/nextgeneration.paeria.cat\/web\/wp-json\/wp\/v2\/users\/6"}],"replies":[{"embeddable":true,"href":"https:\/\/nextgeneration.paeria.cat\/web\/wp-json\/wp\/v2\/comments?post=4970"}],"version-history":[{"count":31,"href":"https:\/\/nextgeneration.paeria.cat\/web\/wp-json\/wp\/v2\/posts\/4970\/revisions"}],"predecessor-version":[{"id":5567,"href":"https:\/\/nextgeneration.paeria.cat\/web\/wp-json\/wp\/v2\/posts\/4970\/revisions\/5567"}],"wp:featuredmedia":[{"embeddable":true,"href":"https:\/\/nextgeneration.paeria.cat\/web\/wp-json\/wp\/v2\/media\/4958"}],"wp:attachment":[{"href":"https:\/\/nextgeneration.paeria.cat\/web\/wp-json\/wp\/v2\/media?parent=4970"}],"wp:term":[{"taxonomy":"category","embeddable":true,"href":"https:\/\/nextgeneration.paeria.cat\/web\/wp-json\/wp\/v2\/categories?post=4970"},{"taxonomy":"post_tag","embeddable":true,"href":"https:\/\/nextgeneration.paeria.cat\/web\/wp-json\/wp\/v2\/tags?post=4970"}],"curies":[{"name":"wp","href":"https:\/\/api.w.org\/{rel}","templated":true}]}}