{"id":5778,"date":"2023-09-24T15:00:00","date_gmt":"2023-09-24T13:00:00","guid":{"rendered":"https:\/\/nextgeneration.paeria.cat\/web\/?p=5778"},"modified":"2024-02-14T16:27:45","modified_gmt":"2024-02-14T14:27:45","slug":"tasques-de-pavimentacio-a-lavinguda-industria-aquest-dilluns","status":"publish","type":"post","link":"https:\/\/nextgeneration.paeria.cat\/web\/tasques-de-pavimentacio-a-lavinguda-industria-aquest-dilluns\/","title":{"rendered":"Tasques de pavimentaci\u00f3 a l\u2019avinguda Ind\u00fastria aquest dilluns"},"content":{"rendered":"\t\t<div data-elementor-type=\"wp-post\" data-elementor-id=\"5778\" class=\"elementor elementor-5778\">\n\t\t\t\t\t\t<section class=\"elementor-section elementor-top-section elementor-element elementor-element-a45c10b elementor-section-boxed elementor-section-height-default elementor-section-height-default\" data-id=\"a45c10b\" data-element_type=\"section\" data-e-type=\"section\">\n\t\t\t\t\t\t<div class=\"elementor-container elementor-column-gap-default\">\n\t\t\t\t\t<div class=\"elementor-column elementor-col-100 elementor-top-column elementor-element elementor-element-1615ff8\" data-id=\"1615ff8\" data-element_type=\"column\" data-e-type=\"column\">\n\t\t\t<div class=\"elementor-widget-wrap elementor-element-populated\">\n\t\t\t\t\t\t<div class=\"elementor-element elementor-element-fbe6637 elementor-widget elementor-widget-text-editor\" data-id=\"fbe6637\" data-element_type=\"widget\" data-e-type=\"widget\" data-widget_type=\"text-editor.default\">\n\t\t\t\t<div class=\"elementor-widget-container\">\n\t\t\t\t\t\t\t\t\t<p><strong>L\u2019actuaci\u00f3 reduir\u00e0 l\u2019amplada del carril en direcci\u00f3 a la ciutat, per\u00f2 no interrompr\u00e0 el pas de vehicles\u00a0<\/strong><\/p><p>La Paeria dur\u00e0 a terme aquest dilluns, 25 de setembre, tasques de renovaci\u00f3 del paviment a l\u2019avinguda Ind\u00fastria, concretament en el tram situat entre la via del tren i el carrer de l\u2019Enginyer Pablo Agust\u00edn.<\/p><p>Els treballs consistiran en el fresat i asfaltat del tram que ara es troba en obres, per la construcci\u00f3 del carril bici i la renovaci\u00f3 de la vorera. La part de paviment que es renova \u00e9s la situada entre la nova vorada i el primer carril de circulaci\u00f3 de vehicles, que ara es troba senyalitzat amb cons.<\/p><p>L\u2019actuaci\u00f3 no comportar\u00e0 el tall del tr\u00e0nsit, tot i que es reduir\u00e0 l\u2019ample del carril actual sentit Lleida, l\u2019estrictament necessari per facilitar les tasques. Tamb\u00e9 es garantir\u00e0 l\u2019acc\u00e9s a les f\u00e0briques, mes enll\u00e0 de les interrupcions puntuals i de poca durada.<\/p><p>Aquestes obres formen part de les actuacions vinculades al projecte d\u2019implantaci\u00f3 d\u2019una Zona de Baixes Emissions a la ciutat de Lleida, finan\u00e7at per fons europeus Next Generation a trav\u00e9s del al Pla de Recuperaci\u00f3, Transformaci\u00f3 i Resili\u00e8ncia (PRTR) del ministeri de Transports, Mobilitat i Agenda Urbana.<\/p>\t\t\t\t\t\t\t\t<\/div>\n\t\t\t\t<\/div>\n\t\t\t\t\t<\/div>\n\t\t<\/div>\n\t\t\t\t\t<\/div>\n\t\t<\/section>\n\t\t\t\t<section class=\"elementor-section elementor-top-section elementor-element elementor-element-e74943f elementor-section-boxed elementor-section-height-default elementor-section-height-default\" data-id=\"e74943f\" data-element_type=\"section\" data-e-type=\"section\">\n\t\t\t\t\t\t<div class=\"elementor-container elementor-column-gap-default\">\n\t\t\t\t\t<div class=\"elementor-column elementor-col-33 elementor-top-column elementor-element elementor-element-09825b8\" data-id=\"09825b8\" data-element_type=\"column\" data-e-type=\"column\">\n\t\t\t<div class=\"elementor-widget-wrap elementor-element-populated\">\n\t\t\t\t\t\t<div class=\"elementor-element elementor-element-1fe72f0 elementor-widget elementor-widget-image\" data-id=\"1fe72f0\" data-element_type=\"widget\" data-e-type=\"widget\" data-widget_type=\"image.default\">\n\t\t\t\t<div class=\"elementor-widget-container\">\n\t\t\t\t\t\t\t\t\t\t\t\t\t\t\t<img fetchpriority=\"high\" decoding=\"async\" width=\"873\" height=\"255\" src=\"https:\/\/nextgeneration.paeria.cat\/web\/wp-content\/uploads\/2022\/11\/Financat-per-la-Unio-Europea.jpg\" class=\"attachment-large size-large wp-image-1883\" alt=\"Logo Uni\u00f3 Europea NextGeneration\" srcset=\"https:\/\/nextgeneration.paeria.cat\/web\/wp-content\/uploads\/2022\/11\/Financat-per-la-Unio-Europea.jpg 873w, https:\/\/nextgeneration.paeria.cat\/web\/wp-content\/uploads\/2022\/11\/Financat-per-la-Unio-Europea-300x88.jpg 300w, https:\/\/nextgeneration.paeria.cat\/web\/wp-content\/uploads\/2022\/11\/Financat-per-la-Unio-Europea-768x224.jpg 768w\" sizes=\"(max-width: 873px) 100vw, 873px\" \/>\t\t\t\t\t\t\t\t\t\t\t\t\t\t\t<\/div>\n\t\t\t\t<\/div>\n\t\t\t\t\t<\/div>\n\t\t<\/div>\n\t\t\t\t<div class=\"elementor-column elementor-col-33 elementor-top-column elementor-element elementor-element-d682e0e\" data-id=\"d682e0e\" data-element_type=\"column\" data-e-type=\"column\">\n\t\t\t<div class=\"elementor-widget-wrap elementor-element-populated\">\n\t\t\t\t\t\t<div class=\"elementor-element elementor-element-8584653 elementor-widget elementor-widget-image\" data-id=\"8584653\" data-element_type=\"widget\" data-e-type=\"widget\" data-widget_type=\"image.default\">\n\t\t\t\t<div class=\"elementor-widget-container\">\n\t\t\t\t\t\t\t\t\t\t\t\t\t\t\t<img decoding=\"async\" width=\"973\" height=\"292\" src=\"https:\/\/nextgeneration.paeria.cat\/web\/wp-content\/uploads\/2022\/11\/logo-catala.png\" class=\"attachment-large size-large wp-image-2112\" alt=\"Pla de Recuperaci\u00f3, Transformaci\u00f3 i Resili\u00e8ncia. Gobierno de Espa\u00f1a.\" srcset=\"https:\/\/nextgeneration.paeria.cat\/web\/wp-content\/uploads\/2022\/11\/logo-catala.png 973w, https:\/\/nextgeneration.paeria.cat\/web\/wp-content\/uploads\/2022\/11\/logo-catala-300x90.png 300w, https:\/\/nextgeneration.paeria.cat\/web\/wp-content\/uploads\/2022\/11\/logo-catala-768x230.png 768w\" sizes=\"(max-width: 973px) 100vw, 973px\" \/>\t\t\t\t\t\t\t\t\t\t\t\t\t\t\t<\/div>\n\t\t\t\t<\/div>\n\t\t\t\t\t<\/div>\n\t\t<\/div>\n\t\t\t\t<div class=\"elementor-column elementor-col-33 elementor-top-column elementor-element elementor-element-5854b81\" data-id=\"5854b81\" data-element_type=\"column\" data-e-type=\"column\">\n\t\t\t<div class=\"elementor-widget-wrap elementor-element-populated\">\n\t\t\t\t\t\t<div class=\"elementor-element elementor-element-d593b3e elementor-widget elementor-widget-image\" data-id=\"d593b3e\" data-element_type=\"widget\" data-e-type=\"widget\" data-widget_type=\"image.default\">\n\t\t\t\t<div class=\"elementor-widget-container\">\n\t\t\t\t\t\t\t\t\t\t\t\t\t\t\t<img decoding=\"async\" width=\"1024\" height=\"274\" src=\"https:\/\/nextgeneration.paeria.cat\/web\/wp-content\/uploads\/2022\/11\/MTMAU.Gob_-1024x274.jpg\" class=\"attachment-large size-large wp-image-1885\" alt=\"Logotip del Ministerio de Transportes, Movilidad y Agenda urbana\" srcset=\"https:\/\/nextgeneration.paeria.cat\/web\/wp-content\/uploads\/2022\/11\/MTMAU.Gob_-1024x274.jpg 1024w, https:\/\/nextgeneration.paeria.cat\/web\/wp-content\/uploads\/2022\/11\/MTMAU.Gob_-300x80.jpg 300w, https:\/\/nextgeneration.paeria.cat\/web\/wp-content\/uploads\/2022\/11\/MTMAU.Gob_-768x205.jpg 768w, https:\/\/nextgeneration.paeria.cat\/web\/wp-content\/uploads\/2022\/11\/MTMAU.Gob_-1536x411.jpg 1536w, https:\/\/nextgeneration.paeria.cat\/web\/wp-content\/uploads\/2022\/11\/MTMAU.Gob_.jpg 2008w\" sizes=\"(max-width: 1024px) 100vw, 1024px\" \/>\t\t\t\t\t\t\t\t\t\t\t\t\t\t\t<\/div>\n\t\t\t\t<\/div>\n\t\t\t\t\t<\/div>\n\t\t<\/div>\n\t\t\t\t\t<\/div>\n\t\t<\/section>\n\t\t\t\t<\/div>\n\t\t","protected":false},"excerpt":{"rendered":"<p>L\u2019actuaci\u00f3 reduir\u00e0 l\u2019amplada del carril en direcci\u00f3 a la ciutat, per\u00f2 no interrompr\u00e0 el pas de vehicles\u00a0 La Paeria dur\u00e0 a terme aquest dilluns, 25 de setembre, tasques de renovaci\u00f3 del paviment a l\u2019avinguda Ind\u00fastria, concretament en el tram situat entre la via del tren i el carrer de l\u2019Enginyer Pablo Agust\u00edn. Els treballs consistiran &#8230; <a title=\"Tasques de pavimentaci\u00f3 a l\u2019avinguda Ind\u00fastria aquest dilluns\" class=\"read-more\" href=\"https:\/\/nextgeneration.paeria.cat\/web\/tasques-de-pavimentacio-a-lavinguda-industria-aquest-dilluns\/\" aria-label=\"M\u00e9s informaci\u00f3 sobre Tasques de pavimentaci\u00f3 a l\u2019avinguda Ind\u00fastria aquest dilluns\">Llegiu m\u00e9s<\/a><\/p>\n","protected":false},"author":6,"featured_media":5779,"comment_status":"closed","ping_status":"closed","sticky":false,"template":"","format":"standard","meta":{"_sitemap_exclude":false,"_sitemap_priority":"","_sitemap_frequency":"","footnotes":""},"categories":[4],"tags":[],"class_list":["post-5778","post","type-post","status-publish","format-standard","has-post-thumbnail","hentry","category-noticies"],"yoast_head":"<!-- This site is optimized with the Yoast SEO plugin v27.5 - https:\/\/yoast.com\/product\/yoast-seo-wordpress\/ -->\n<title>Tasques de pavimentaci\u00f3 a l\u2019avinguda Ind\u00fastria aquest dilluns - Next Generation Lleida - Propostes de projectes - La Paeria - Ajuntament de Lleida<\/title>\n<meta name=\"robots\" content=\"index, follow, max-snippet:-1, max-image-preview:large, max-video-preview:-1\" \/>\n<link rel=\"canonical\" href=\"https:\/\/nextgeneration.paeria.cat\/web\/tasques-de-pavimentacio-a-lavinguda-industria-aquest-dilluns\/\" \/>\n<meta property=\"og:locale\" content=\"ca_ES\" \/>\n<meta property=\"og:type\" content=\"article\" \/>\n<meta property=\"og:title\" content=\"Tasques de pavimentaci\u00f3 a l\u2019avinguda Ind\u00fastria aquest dilluns - Next Generation Lleida - Propostes de projectes - La Paeria - Ajuntament de Lleida\" \/>\n<meta property=\"og:description\" content=\"L\u2019actuaci\u00f3 reduir\u00e0 l\u2019amplada del carril en direcci\u00f3 a la ciutat, per\u00f2 no interrompr\u00e0 el pas de vehicles\u00a0 La Paeria dur\u00e0 a terme aquest dilluns, 25 de setembre, tasques de renovaci\u00f3 del paviment a l\u2019avinguda Ind\u00fastria, concretament en el tram situat entre la via del tren i el carrer de l\u2019Enginyer Pablo Agust\u00edn. Els treballs consistiran ... Llegiu m\u00e9s\" \/>\n<meta property=\"og:url\" content=\"https:\/\/nextgeneration.paeria.cat\/web\/tasques-de-pavimentacio-a-lavinguda-industria-aquest-dilluns\/\" \/>\n<meta property=\"og:site_name\" content=\"Next Generation Lleida - Propostes de projectes - La Paeria - Ajuntament de Lleida\" \/>\n<meta property=\"article:published_time\" content=\"2023-09-24T13:00:00+00:00\" \/>\n<meta property=\"article:modified_time\" content=\"2024-02-14T14:27:45+00:00\" \/>\n<meta property=\"og:image\" content=\"https:\/\/nextgeneration.paeria.cat\/web\/wp-content\/uploads\/2024\/02\/obres-avinguda-Industria.jpg\" \/>\n\t<meta property=\"og:image:width\" content=\"2075\" \/>\n\t<meta property=\"og:image:height\" content=\"1411\" \/>\n\t<meta property=\"og:image:type\" content=\"image\/jpeg\" \/>\n<meta name=\"author\" content=\"Dolors Ortin\" \/>\n<meta name=\"twitter:card\" content=\"summary_large_image\" \/>\n<meta name=\"twitter:label1\" content=\"Escrit per\" \/>\n\t<meta name=\"twitter:data1\" content=\"Dolors Ortin\" \/>\n\t<meta name=\"twitter:label2\" content=\"Temps estimat de lectura\" \/>\n\t<meta name=\"twitter:data2\" content=\"2 minuts\" \/>\n<script type=\"application\/ld+json\" class=\"yoast-schema-graph\">{\"@context\":\"https:\\\/\\\/schema.org\",\"@graph\":[{\"@type\":\"Article\",\"@id\":\"https:\\\/\\\/nextgeneration.paeria.cat\\\/web\\\/tasques-de-pavimentacio-a-lavinguda-industria-aquest-dilluns\\\/#article\",\"isPartOf\":{\"@id\":\"https:\\\/\\\/nextgeneration.paeria.cat\\\/web\\\/tasques-de-pavimentacio-a-lavinguda-industria-aquest-dilluns\\\/\"},\"author\":{\"name\":\"Dolors Ortin\",\"@id\":\"https:\\\/\\\/nextgeneration.paeria.cat\\\/web\\\/#\\\/schema\\\/person\\\/d0869853685f5118a45408d600973c20\"},\"headline\":\"Tasques de pavimentaci\u00f3 a l\u2019avinguda Ind\u00fastria aquest dilluns\",\"datePublished\":\"2023-09-24T13:00:00+00:00\",\"dateModified\":\"2024-02-14T14:27:45+00:00\",\"mainEntityOfPage\":{\"@id\":\"https:\\\/\\\/nextgeneration.paeria.cat\\\/web\\\/tasques-de-pavimentacio-a-lavinguda-industria-aquest-dilluns\\\/\"},\"wordCount\":223,\"publisher\":{\"@id\":\"https:\\\/\\\/nextgeneration.paeria.cat\\\/web\\\/#organization\"},\"image\":{\"@id\":\"https:\\\/\\\/nextgeneration.paeria.cat\\\/web\\\/tasques-de-pavimentacio-a-lavinguda-industria-aquest-dilluns\\\/#primaryimage\"},\"thumbnailUrl\":\"https:\\\/\\\/nextgeneration.paeria.cat\\\/web\\\/wp-content\\\/uploads\\\/2024\\\/02\\\/obres-avinguda-Industria.jpg\",\"articleSection\":[\"Not\u00edcies\"],\"inLanguage\":\"ca\"},{\"@type\":\"WebPage\",\"@id\":\"https:\\\/\\\/nextgeneration.paeria.cat\\\/web\\\/tasques-de-pavimentacio-a-lavinguda-industria-aquest-dilluns\\\/\",\"url\":\"https:\\\/\\\/nextgeneration.paeria.cat\\\/web\\\/tasques-de-pavimentacio-a-lavinguda-industria-aquest-dilluns\\\/\",\"name\":\"Tasques de pavimentaci\u00f3 a l\u2019avinguda Ind\u00fastria aquest dilluns - Next Generation Lleida - Propostes de projectes - La Paeria - Ajuntament de Lleida\",\"isPartOf\":{\"@id\":\"https:\\\/\\\/nextgeneration.paeria.cat\\\/web\\\/#website\"},\"primaryImageOfPage\":{\"@id\":\"https:\\\/\\\/nextgeneration.paeria.cat\\\/web\\\/tasques-de-pavimentacio-a-lavinguda-industria-aquest-dilluns\\\/#primaryimage\"},\"image\":{\"@id\":\"https:\\\/\\\/nextgeneration.paeria.cat\\\/web\\\/tasques-de-pavimentacio-a-lavinguda-industria-aquest-dilluns\\\/#primaryimage\"},\"thumbnailUrl\":\"https:\\\/\\\/nextgeneration.paeria.cat\\\/web\\\/wp-content\\\/uploads\\\/2024\\\/02\\\/obres-avinguda-Industria.jpg\",\"datePublished\":\"2023-09-24T13:00:00+00:00\",\"dateModified\":\"2024-02-14T14:27:45+00:00\",\"breadcrumb\":{\"@id\":\"https:\\\/\\\/nextgeneration.paeria.cat\\\/web\\\/tasques-de-pavimentacio-a-lavinguda-industria-aquest-dilluns\\\/#breadcrumb\"},\"inLanguage\":\"ca\",\"potentialAction\":[{\"@type\":\"ReadAction\",\"target\":[\"https:\\\/\\\/nextgeneration.paeria.cat\\\/web\\\/tasques-de-pavimentacio-a-lavinguda-industria-aquest-dilluns\\\/\"]}]},{\"@type\":\"ImageObject\",\"inLanguage\":\"ca\",\"@id\":\"https:\\\/\\\/nextgeneration.paeria.cat\\\/web\\\/tasques-de-pavimentacio-a-lavinguda-industria-aquest-dilluns\\\/#primaryimage\",\"url\":\"https:\\\/\\\/nextgeneration.paeria.cat\\\/web\\\/wp-content\\\/uploads\\\/2024\\\/02\\\/obres-avinguda-Industria.jpg\",\"contentUrl\":\"https:\\\/\\\/nextgeneration.paeria.cat\\\/web\\\/wp-content\\\/uploads\\\/2024\\\/02\\\/obres-avinguda-Industria.jpg\",\"width\":2075,\"height\":1411},{\"@type\":\"BreadcrumbList\",\"@id\":\"https:\\\/\\\/nextgeneration.paeria.cat\\\/web\\\/tasques-de-pavimentacio-a-lavinguda-industria-aquest-dilluns\\\/#breadcrumb\",\"itemListElement\":[{\"@type\":\"ListItem\",\"position\":1,\"name\":\"Inici\",\"item\":\"https:\\\/\\\/nextgeneration.paeria.cat\\\/web\\\/\"},{\"@type\":\"ListItem\",\"position\":2,\"name\":\"Tasques de pavimentaci\u00f3 a l\u2019avinguda Ind\u00fastria aquest dilluns\"}]},{\"@type\":\"WebSite\",\"@id\":\"https:\\\/\\\/nextgeneration.paeria.cat\\\/web\\\/#website\",\"url\":\"https:\\\/\\\/nextgeneration.paeria.cat\\\/web\\\/\",\"name\":\"Next Generation Lleida - Propostes de projectes - La Paeria - Ajuntament de Lleida\",\"description\":\"\",\"publisher\":{\"@id\":\"https:\\\/\\\/nextgeneration.paeria.cat\\\/web\\\/#organization\"},\"potentialAction\":[{\"@type\":\"SearchAction\",\"target\":{\"@type\":\"EntryPoint\",\"urlTemplate\":\"https:\\\/\\\/nextgeneration.paeria.cat\\\/web\\\/?s={search_term_string}\"},\"query-input\":{\"@type\":\"PropertyValueSpecification\",\"valueRequired\":true,\"valueName\":\"search_term_string\"}}],\"inLanguage\":\"ca\"},{\"@type\":\"Organization\",\"@id\":\"https:\\\/\\\/nextgeneration.paeria.cat\\\/web\\\/#organization\",\"name\":\"Next Generation Lleida - Propostes de projectes - La Paeria - Ajuntament de Lleida\",\"url\":\"https:\\\/\\\/nextgeneration.paeria.cat\\\/web\\\/\",\"logo\":{\"@type\":\"ImageObject\",\"inLanguage\":\"ca\",\"@id\":\"https:\\\/\\\/nextgeneration.paeria.cat\\\/web\\\/#\\\/schema\\\/logo\\\/image\\\/\",\"url\":\"https:\\\/\\\/nextgeneration.paeria.cat\\\/web\\\/wp-content\\\/uploads\\\/2023\\\/09\\\/cropped-titol.png\",\"contentUrl\":\"https:\\\/\\\/nextgeneration.paeria.cat\\\/web\\\/wp-content\\\/uploads\\\/2023\\\/09\\\/cropped-titol.png\",\"width\":1100,\"height\":220,\"caption\":\"Next Generation Lleida - Propostes de projectes - La Paeria - Ajuntament de Lleida\"},\"image\":{\"@id\":\"https:\\\/\\\/nextgeneration.paeria.cat\\\/web\\\/#\\\/schema\\\/logo\\\/image\\\/\"}},{\"@type\":\"Person\",\"@id\":\"https:\\\/\\\/nextgeneration.paeria.cat\\\/web\\\/#\\\/schema\\\/person\\\/d0869853685f5118a45408d600973c20\",\"name\":\"Dolors Ortin\",\"image\":{\"@type\":\"ImageObject\",\"inLanguage\":\"ca\",\"@id\":\"https:\\\/\\\/secure.gravatar.com\\\/avatar\\\/92d49973a2d8eb61ac1cdb6a9d672367fc65859e811d5e4b3ec4f92ef8f1d091?s=96&d=mm&r=g\",\"url\":\"https:\\\/\\\/secure.gravatar.com\\\/avatar\\\/92d49973a2d8eb61ac1cdb6a9d672367fc65859e811d5e4b3ec4f92ef8f1d091?s=96&d=mm&r=g\",\"contentUrl\":\"https:\\\/\\\/secure.gravatar.com\\\/avatar\\\/92d49973a2d8eb61ac1cdb6a9d672367fc65859e811d5e4b3ec4f92ef8f1d091?s=96&d=mm&r=g\",\"caption\":\"Dolors Ortin\"}}]}<\/script>\n<!-- \/ Yoast SEO plugin. -->","yoast_head_json":{"title":"Tasques de pavimentaci\u00f3 a l\u2019avinguda Ind\u00fastria aquest dilluns - Next Generation Lleida - Propostes de projectes - La Paeria - Ajuntament de Lleida","robots":{"index":"index","follow":"follow","max-snippet":"max-snippet:-1","max-image-preview":"max-image-preview:large","max-video-preview":"max-video-preview:-1"},"canonical":"https:\/\/nextgeneration.paeria.cat\/web\/tasques-de-pavimentacio-a-lavinguda-industria-aquest-dilluns\/","og_locale":"ca_ES","og_type":"article","og_title":"Tasques de pavimentaci\u00f3 a l\u2019avinguda Ind\u00fastria aquest dilluns - Next Generation Lleida - Propostes de projectes - La Paeria - Ajuntament de Lleida","og_description":"L\u2019actuaci\u00f3 reduir\u00e0 l\u2019amplada del carril en direcci\u00f3 a la ciutat, per\u00f2 no interrompr\u00e0 el pas de vehicles\u00a0 La Paeria dur\u00e0 a terme aquest dilluns, 25 de setembre, tasques de renovaci\u00f3 del paviment a l\u2019avinguda Ind\u00fastria, concretament en el tram situat entre la via del tren i el carrer de l\u2019Enginyer Pablo Agust\u00edn. Els treballs consistiran ... Llegiu m\u00e9s","og_url":"https:\/\/nextgeneration.paeria.cat\/web\/tasques-de-pavimentacio-a-lavinguda-industria-aquest-dilluns\/","og_site_name":"Next Generation Lleida - Propostes de projectes - La Paeria - Ajuntament de Lleida","article_published_time":"2023-09-24T13:00:00+00:00","article_modified_time":"2024-02-14T14:27:45+00:00","og_image":[{"width":2075,"height":1411,"url":"https:\/\/nextgeneration.paeria.cat\/web\/wp-content\/uploads\/2024\/02\/obres-avinguda-Industria.jpg","type":"image\/jpeg"}],"author":"Dolors Ortin","twitter_card":"summary_large_image","twitter_misc":{"Escrit per":"Dolors Ortin","Temps estimat de lectura":"2 minuts"},"schema":{"@context":"https:\/\/schema.org","@graph":[{"@type":"Article","@id":"https:\/\/nextgeneration.paeria.cat\/web\/tasques-de-pavimentacio-a-lavinguda-industria-aquest-dilluns\/#article","isPartOf":{"@id":"https:\/\/nextgeneration.paeria.cat\/web\/tasques-de-pavimentacio-a-lavinguda-industria-aquest-dilluns\/"},"author":{"name":"Dolors Ortin","@id":"https:\/\/nextgeneration.paeria.cat\/web\/#\/schema\/person\/d0869853685f5118a45408d600973c20"},"headline":"Tasques de pavimentaci\u00f3 a l\u2019avinguda Ind\u00fastria aquest dilluns","datePublished":"2023-09-24T13:00:00+00:00","dateModified":"2024-02-14T14:27:45+00:00","mainEntityOfPage":{"@id":"https:\/\/nextgeneration.paeria.cat\/web\/tasques-de-pavimentacio-a-lavinguda-industria-aquest-dilluns\/"},"wordCount":223,"publisher":{"@id":"https:\/\/nextgeneration.paeria.cat\/web\/#organization"},"image":{"@id":"https:\/\/nextgeneration.paeria.cat\/web\/tasques-de-pavimentacio-a-lavinguda-industria-aquest-dilluns\/#primaryimage"},"thumbnailUrl":"https:\/\/nextgeneration.paeria.cat\/web\/wp-content\/uploads\/2024\/02\/obres-avinguda-Industria.jpg","articleSection":["Not\u00edcies"],"inLanguage":"ca"},{"@type":"WebPage","@id":"https:\/\/nextgeneration.paeria.cat\/web\/tasques-de-pavimentacio-a-lavinguda-industria-aquest-dilluns\/","url":"https:\/\/nextgeneration.paeria.cat\/web\/tasques-de-pavimentacio-a-lavinguda-industria-aquest-dilluns\/","name":"Tasques de pavimentaci\u00f3 a l\u2019avinguda Ind\u00fastria aquest dilluns - Next Generation Lleida - Propostes de projectes - La Paeria - Ajuntament de Lleida","isPartOf":{"@id":"https:\/\/nextgeneration.paeria.cat\/web\/#website"},"primaryImageOfPage":{"@id":"https:\/\/nextgeneration.paeria.cat\/web\/tasques-de-pavimentacio-a-lavinguda-industria-aquest-dilluns\/#primaryimage"},"image":{"@id":"https:\/\/nextgeneration.paeria.cat\/web\/tasques-de-pavimentacio-a-lavinguda-industria-aquest-dilluns\/#primaryimage"},"thumbnailUrl":"https:\/\/nextgeneration.paeria.cat\/web\/wp-content\/uploads\/2024\/02\/obres-avinguda-Industria.jpg","datePublished":"2023-09-24T13:00:00+00:00","dateModified":"2024-02-14T14:27:45+00:00","breadcrumb":{"@id":"https:\/\/nextgeneration.paeria.cat\/web\/tasques-de-pavimentacio-a-lavinguda-industria-aquest-dilluns\/#breadcrumb"},"inLanguage":"ca","potentialAction":[{"@type":"ReadAction","target":["https:\/\/nextgeneration.paeria.cat\/web\/tasques-de-pavimentacio-a-lavinguda-industria-aquest-dilluns\/"]}]},{"@type":"ImageObject","inLanguage":"ca","@id":"https:\/\/nextgeneration.paeria.cat\/web\/tasques-de-pavimentacio-a-lavinguda-industria-aquest-dilluns\/#primaryimage","url":"https:\/\/nextgeneration.paeria.cat\/web\/wp-content\/uploads\/2024\/02\/obres-avinguda-Industria.jpg","contentUrl":"https:\/\/nextgeneration.paeria.cat\/web\/wp-content\/uploads\/2024\/02\/obres-avinguda-Industria.jpg","width":2075,"height":1411},{"@type":"BreadcrumbList","@id":"https:\/\/nextgeneration.paeria.cat\/web\/tasques-de-pavimentacio-a-lavinguda-industria-aquest-dilluns\/#breadcrumb","itemListElement":[{"@type":"ListItem","position":1,"name":"Inici","item":"https:\/\/nextgeneration.paeria.cat\/web\/"},{"@type":"ListItem","position":2,"name":"Tasques de pavimentaci\u00f3 a l\u2019avinguda Ind\u00fastria aquest dilluns"}]},{"@type":"WebSite","@id":"https:\/\/nextgeneration.paeria.cat\/web\/#website","url":"https:\/\/nextgeneration.paeria.cat\/web\/","name":"Next Generation Lleida - Propostes de projectes - La Paeria - Ajuntament de Lleida","description":"","publisher":{"@id":"https:\/\/nextgeneration.paeria.cat\/web\/#organization"},"potentialAction":[{"@type":"SearchAction","target":{"@type":"EntryPoint","urlTemplate":"https:\/\/nextgeneration.paeria.cat\/web\/?s={search_term_string}"},"query-input":{"@type":"PropertyValueSpecification","valueRequired":true,"valueName":"search_term_string"}}],"inLanguage":"ca"},{"@type":"Organization","@id":"https:\/\/nextgeneration.paeria.cat\/web\/#organization","name":"Next Generation Lleida - Propostes de projectes - La Paeria - Ajuntament de Lleida","url":"https:\/\/nextgeneration.paeria.cat\/web\/","logo":{"@type":"ImageObject","inLanguage":"ca","@id":"https:\/\/nextgeneration.paeria.cat\/web\/#\/schema\/logo\/image\/","url":"https:\/\/nextgeneration.paeria.cat\/web\/wp-content\/uploads\/2023\/09\/cropped-titol.png","contentUrl":"https:\/\/nextgeneration.paeria.cat\/web\/wp-content\/uploads\/2023\/09\/cropped-titol.png","width":1100,"height":220,"caption":"Next Generation Lleida - Propostes de projectes - La Paeria - Ajuntament de Lleida"},"image":{"@id":"https:\/\/nextgeneration.paeria.cat\/web\/#\/schema\/logo\/image\/"}},{"@type":"Person","@id":"https:\/\/nextgeneration.paeria.cat\/web\/#\/schema\/person\/d0869853685f5118a45408d600973c20","name":"Dolors Ortin","image":{"@type":"ImageObject","inLanguage":"ca","@id":"https:\/\/secure.gravatar.com\/avatar\/92d49973a2d8eb61ac1cdb6a9d672367fc65859e811d5e4b3ec4f92ef8f1d091?s=96&d=mm&r=g","url":"https:\/\/secure.gravatar.com\/avatar\/92d49973a2d8eb61ac1cdb6a9d672367fc65859e811d5e4b3ec4f92ef8f1d091?s=96&d=mm&r=g","contentUrl":"https:\/\/secure.gravatar.com\/avatar\/92d49973a2d8eb61ac1cdb6a9d672367fc65859e811d5e4b3ec4f92ef8f1d091?s=96&d=mm&r=g","caption":"Dolors Ortin"}}]}},"_links":{"self":[{"href":"https:\/\/nextgeneration.paeria.cat\/web\/wp-json\/wp\/v2\/posts\/5778","targetHints":{"allow":["GET"]}}],"collection":[{"href":"https:\/\/nextgeneration.paeria.cat\/web\/wp-json\/wp\/v2\/posts"}],"about":[{"href":"https:\/\/nextgeneration.paeria.cat\/web\/wp-json\/wp\/v2\/types\/post"}],"author":[{"embeddable":true,"href":"https:\/\/nextgeneration.paeria.cat\/web\/wp-json\/wp\/v2\/users\/6"}],"replies":[{"embeddable":true,"href":"https:\/\/nextgeneration.paeria.cat\/web\/wp-json\/wp\/v2\/comments?post=5778"}],"version-history":[{"count":4,"href":"https:\/\/nextgeneration.paeria.cat\/web\/wp-json\/wp\/v2\/posts\/5778\/revisions"}],"predecessor-version":[{"id":5783,"href":"https:\/\/nextgeneration.paeria.cat\/web\/wp-json\/wp\/v2\/posts\/5778\/revisions\/5783"}],"wp:featuredmedia":[{"embeddable":true,"href":"https:\/\/nextgeneration.paeria.cat\/web\/wp-json\/wp\/v2\/media\/5779"}],"wp:attachment":[{"href":"https:\/\/nextgeneration.paeria.cat\/web\/wp-json\/wp\/v2\/media?parent=5778"}],"wp:term":[{"taxonomy":"category","embeddable":true,"href":"https:\/\/nextgeneration.paeria.cat\/web\/wp-json\/wp\/v2\/categories?post=5778"},{"taxonomy":"post_tag","embeddable":true,"href":"https:\/\/nextgeneration.paeria.cat\/web\/wp-json\/wp\/v2\/tags?post=5778"}],"curies":[{"name":"wp","href":"https:\/\/api.w.org\/{rel}","templated":true}]}}