{"id":5941,"date":"2024-03-05T15:00:00","date_gmt":"2024-03-05T13:00:00","guid":{"rendered":"https:\/\/nextgeneration.paeria.cat\/web\/?p=5941"},"modified":"2024-03-06T14:00:01","modified_gmt":"2024-03-06T12:00:01","slug":"la-paeria-comenca-les-obres-per-a-pacificar-el-transit-a-lentorn-de-lescola-del-treball","status":"publish","type":"post","link":"https:\/\/nextgeneration.paeria.cat\/web\/la-paeria-comenca-les-obres-per-a-pacificar-el-transit-a-lentorn-de-lescola-del-treball\/","title":{"rendered":"La Paeria comen\u00e7a les obres per a pacificar el tr\u00e0nsit a l\u2019entorn de l\u2019Escola del Treball"},"content":{"rendered":"\t\t<div data-elementor-type=\"wp-post\" data-elementor-id=\"5941\" class=\"elementor elementor-5941\">\n\t\t\t\t\t\t<section class=\"elementor-section elementor-top-section elementor-element elementor-element-a45c10b elementor-section-boxed elementor-section-height-default elementor-section-height-default\" data-id=\"a45c10b\" data-element_type=\"section\" data-e-type=\"section\">\n\t\t\t\t\t\t<div class=\"elementor-container elementor-column-gap-default\">\n\t\t\t\t\t<div class=\"elementor-column elementor-col-100 elementor-top-column elementor-element elementor-element-1615ff8\" data-id=\"1615ff8\" data-element_type=\"column\" data-e-type=\"column\">\n\t\t\t<div class=\"elementor-widget-wrap elementor-element-populated\">\n\t\t\t\t\t\t<div class=\"elementor-element elementor-element-fbe6637 elementor-widget elementor-widget-text-editor\" data-id=\"fbe6637\" data-element_type=\"widget\" data-e-type=\"widget\" data-widget_type=\"text-editor.default\">\n\t\t\t\t<div class=\"elementor-widget-container\">\n\t\t\t\t\t\t\t\t\t<p><strong>Es construiran dos passos elevats al carrer Alfred Pere\u00f1a i s\u2019ampliaran les voreres al Passatge de la Premsa<\/strong><\/p><p>L\u2019Ajuntament de Lleida iniciar\u00e0 dem\u00e0, dimecres 6 de mar\u00e7, les obres de millora de l\u2019entorn de l\u2019Escola del Treball, una actuaci\u00f3 encaminada a pacificar el tr\u00e0nsit al voltant d\u2019aquest centre de Secund\u00e0ria, concretament al carrer d\u2019Alfred Pere\u00f1a i al Passatge de la Premsa.<\/p><p>Inicialment, s\u2019actua al Passatge de la Premsa, que t\u00e9 ara unes voreres molt estretes, amb un ample d\u20191,15 i 1,4 metres. L\u2019obra permetr\u00e0 redistribuir l\u2019espai al carrer, ampliant les voreres fins a 2,15 metres. Per a fer-ho possible s\u2019elimina la filera d\u2019aparcaments. Aquesta actuaci\u00f3 tamb\u00e9 aprofitar\u00e0 per renovar el col\u00b7lector, construir una nova xarxa de telecomunicacions i substituir les llumin\u00e0ries del carrer a LED.<\/p><p>Per altra banda, es construiran passos elevats a les cru\u00eflles d\u2019Alfred Pere\u00f1a amb el carrer de Pi i Margall (just davant de l\u2019institut) i amb el carrer del Paer Casanovas. Aix\u00f2 permetr\u00e0 ampliar les voreres i reduir l\u2019espai de pas per als vehicles, millorant aix\u00ed la seguretat vi\u00e0ria. Es refor\u00e7ar\u00e0 la il\u00b7luminaci\u00f3 de les dues cru\u00eflles amb un total de set nous punts de llum (4 a la cru\u00eflla del Paer Casanovas i 3 a la de Pi Margall).<\/p><p>L\u2019obra ser\u00e0 executada per l\u2019empresa Arn\u00f3 Infraestructuras SLU i t\u00e9 un pressupost de projecte de 400.944,04 \u20ac (iva incl\u00f2s) amb un termini d\u2019execuci\u00f3 previst de 5 mesos.<\/p><p>Aquesta \u00e9s una de les actuacions del Projecte de Transformaci\u00f3 sostenible i digital del transport a Lleida, que est\u00e0 incl\u00f2s en el Pla de Recuperaci\u00f3, Transformaci\u00f3 i Resili\u00e8ncia del ministeri de Transports, Mobilitat i Agenda Urbana, finan\u00e7at per Fons Next Generation de la Uni\u00f3 Europea.<\/p><p>Dins d\u2019aquest mateix projecte, tamb\u00e9 s\u2019actuar\u00e0 als entorns dels centres escolars de <a href=\"https:\/\/nextgeneration.paeria.cat\/web\/la-paeria-millora-lentorn-de-lescola-pardinyes\/\" target=\"_blank\" rel=\"noopener\">Pardinyes<\/a>, <a href=\"https:\/\/nextgeneration.paeria.cat\/web\/obres-per-millorar-laccessibilitat-a-lescola-sant-josep-de-calassanc-i-al-carrer-alfred-perenya\/\" target=\"_blank\" rel=\"noopener\">Sant Josep de Calassan\u00e7<\/a>, Ciutat Jard\u00ed i a la Bordeta.<\/p>\t\t\t\t\t\t\t\t<\/div>\n\t\t\t\t<\/div>\n\t\t\t\t\t<\/div>\n\t\t<\/div>\n\t\t\t\t\t<\/div>\n\t\t<\/section>\n\t\t\t\t<section class=\"elementor-section elementor-top-section elementor-element elementor-element-017d7dd elementor-section-boxed elementor-section-height-default elementor-section-height-default\" data-id=\"017d7dd\" data-element_type=\"section\" data-e-type=\"section\">\n\t\t\t\t\t\t<div class=\"elementor-container elementor-column-gap-default\">\n\t\t\t\t\t<div class=\"elementor-column elementor-col-50 elementor-top-column elementor-element elementor-element-14b0826\" data-id=\"14b0826\" data-element_type=\"column\" data-e-type=\"column\">\n\t\t\t<div class=\"elementor-widget-wrap elementor-element-populated\">\n\t\t\t\t\t\t<div class=\"elementor-element elementor-element-a7b1fd6 elementor-widget elementor-widget-image\" data-id=\"a7b1fd6\" data-element_type=\"widget\" data-e-type=\"widget\" data-widget_type=\"image.default\">\n\t\t\t\t<div class=\"elementor-widget-container\">\n\t\t\t\t\t\t\t\t\t\t\t\t\t\t\t<img fetchpriority=\"high\" decoding=\"async\" width=\"1024\" height=\"768\" src=\"https:\/\/nextgeneration.paeria.cat\/web\/wp-content\/uploads\/2024\/03\/premsa1-1024x768.jpg\" class=\"attachment-large size-large wp-image-5943\" alt=\"\" srcset=\"https:\/\/nextgeneration.paeria.cat\/web\/wp-content\/uploads\/2024\/03\/premsa1-1024x768.jpg 1024w, https:\/\/nextgeneration.paeria.cat\/web\/wp-content\/uploads\/2024\/03\/premsa1-300x225.jpg 300w, https:\/\/nextgeneration.paeria.cat\/web\/wp-content\/uploads\/2024\/03\/premsa1-768x576.jpg 768w, https:\/\/nextgeneration.paeria.cat\/web\/wp-content\/uploads\/2024\/03\/premsa1-1536x1152.jpg 1536w, https:\/\/nextgeneration.paeria.cat\/web\/wp-content\/uploads\/2024\/03\/premsa1.jpg 1800w\" sizes=\"(max-width: 1024px) 100vw, 1024px\" \/>\t\t\t\t\t\t\t\t\t\t\t\t\t\t\t<\/div>\n\t\t\t\t<\/div>\n\t\t\t\t\t<\/div>\n\t\t<\/div>\n\t\t\t\t<div class=\"elementor-column elementor-col-50 elementor-top-column elementor-element elementor-element-9f01ead\" data-id=\"9f01ead\" data-element_type=\"column\" data-e-type=\"column\">\n\t\t\t<div class=\"elementor-widget-wrap elementor-element-populated\">\n\t\t\t\t\t\t<div class=\"elementor-element elementor-element-027f574 elementor-widget elementor-widget-image\" data-id=\"027f574\" data-element_type=\"widget\" data-e-type=\"widget\" data-widget_type=\"image.default\">\n\t\t\t\t<div class=\"elementor-widget-container\">\n\t\t\t\t\t\t\t\t\t\t\t\t\t\t\t<img decoding=\"async\" width=\"1024\" height=\"768\" src=\"https:\/\/nextgeneration.paeria.cat\/web\/wp-content\/uploads\/2024\/03\/perenya1-1024x768.jpg\" class=\"attachment-large size-large wp-image-5942\" alt=\"\" srcset=\"https:\/\/nextgeneration.paeria.cat\/web\/wp-content\/uploads\/2024\/03\/perenya1-1024x768.jpg 1024w, https:\/\/nextgeneration.paeria.cat\/web\/wp-content\/uploads\/2024\/03\/perenya1-300x225.jpg 300w, https:\/\/nextgeneration.paeria.cat\/web\/wp-content\/uploads\/2024\/03\/perenya1-768x576.jpg 768w, https:\/\/nextgeneration.paeria.cat\/web\/wp-content\/uploads\/2024\/03\/perenya1-1536x1152.jpg 1536w, https:\/\/nextgeneration.paeria.cat\/web\/wp-content\/uploads\/2024\/03\/perenya1.jpg 1800w\" sizes=\"(max-width: 1024px) 100vw, 1024px\" \/>\t\t\t\t\t\t\t\t\t\t\t\t\t\t\t<\/div>\n\t\t\t\t<\/div>\n\t\t\t\t\t<\/div>\n\t\t<\/div>\n\t\t\t\t\t<\/div>\n\t\t<\/section>\n\t\t\t\t<section class=\"elementor-section elementor-top-section elementor-element elementor-element-e74943f elementor-section-boxed elementor-section-height-default elementor-section-height-default\" data-id=\"e74943f\" data-element_type=\"section\" data-e-type=\"section\">\n\t\t\t\t\t\t<div class=\"elementor-container elementor-column-gap-default\">\n\t\t\t\t\t<div class=\"elementor-column elementor-col-33 elementor-top-column elementor-element elementor-element-09825b8\" data-id=\"09825b8\" data-element_type=\"column\" data-e-type=\"column\">\n\t\t\t<div class=\"elementor-widget-wrap elementor-element-populated\">\n\t\t\t\t\t\t<div class=\"elementor-element elementor-element-1fe72f0 elementor-widget elementor-widget-image\" data-id=\"1fe72f0\" data-element_type=\"widget\" data-e-type=\"widget\" data-widget_type=\"image.default\">\n\t\t\t\t<div class=\"elementor-widget-container\">\n\t\t\t\t\t\t\t\t\t\t\t\t\t\t\t<img decoding=\"async\" width=\"873\" height=\"255\" src=\"https:\/\/nextgeneration.paeria.cat\/web\/wp-content\/uploads\/2022\/11\/Financat-per-la-Unio-Europea.jpg\" class=\"attachment-large size-large wp-image-1883\" alt=\"Logo Uni\u00f3 Europea NextGeneration\" srcset=\"https:\/\/nextgeneration.paeria.cat\/web\/wp-content\/uploads\/2022\/11\/Financat-per-la-Unio-Europea.jpg 873w, https:\/\/nextgeneration.paeria.cat\/web\/wp-content\/uploads\/2022\/11\/Financat-per-la-Unio-Europea-300x88.jpg 300w, https:\/\/nextgeneration.paeria.cat\/web\/wp-content\/uploads\/2022\/11\/Financat-per-la-Unio-Europea-768x224.jpg 768w\" sizes=\"(max-width: 873px) 100vw, 873px\" \/>\t\t\t\t\t\t\t\t\t\t\t\t\t\t\t<\/div>\n\t\t\t\t<\/div>\n\t\t\t\t\t<\/div>\n\t\t<\/div>\n\t\t\t\t<div class=\"elementor-column elementor-col-33 elementor-top-column elementor-element elementor-element-d682e0e\" data-id=\"d682e0e\" data-element_type=\"column\" data-e-type=\"column\">\n\t\t\t<div class=\"elementor-widget-wrap elementor-element-populated\">\n\t\t\t\t\t\t<div class=\"elementor-element elementor-element-8584653 elementor-widget elementor-widget-image\" data-id=\"8584653\" data-element_type=\"widget\" data-e-type=\"widget\" data-widget_type=\"image.default\">\n\t\t\t\t<div class=\"elementor-widget-container\">\n\t\t\t\t\t\t\t\t\t\t\t\t\t\t\t<img loading=\"lazy\" decoding=\"async\" width=\"973\" height=\"292\" src=\"https:\/\/nextgeneration.paeria.cat\/web\/wp-content\/uploads\/2022\/11\/logo-catala.png\" class=\"attachment-large size-large wp-image-2112\" alt=\"Pla de Recuperaci\u00f3, Transformaci\u00f3 i Resili\u00e8ncia. Gobierno de Espa\u00f1a.\" srcset=\"https:\/\/nextgeneration.paeria.cat\/web\/wp-content\/uploads\/2022\/11\/logo-catala.png 973w, https:\/\/nextgeneration.paeria.cat\/web\/wp-content\/uploads\/2022\/11\/logo-catala-300x90.png 300w, https:\/\/nextgeneration.paeria.cat\/web\/wp-content\/uploads\/2022\/11\/logo-catala-768x230.png 768w\" sizes=\"(max-width: 973px) 100vw, 973px\" \/>\t\t\t\t\t\t\t\t\t\t\t\t\t\t\t<\/div>\n\t\t\t\t<\/div>\n\t\t\t\t\t<\/div>\n\t\t<\/div>\n\t\t\t\t<div class=\"elementor-column elementor-col-33 elementor-top-column elementor-element elementor-element-5854b81\" data-id=\"5854b81\" data-element_type=\"column\" data-e-type=\"column\">\n\t\t\t<div class=\"elementor-widget-wrap elementor-element-populated\">\n\t\t\t\t\t\t<div class=\"elementor-element elementor-element-d593b3e elementor-widget elementor-widget-image\" data-id=\"d593b3e\" data-element_type=\"widget\" data-e-type=\"widget\" data-widget_type=\"image.default\">\n\t\t\t\t<div class=\"elementor-widget-container\">\n\t\t\t\t\t\t\t\t\t\t\t\t\t\t\t<img loading=\"lazy\" decoding=\"async\" width=\"1024\" height=\"274\" src=\"https:\/\/nextgeneration.paeria.cat\/web\/wp-content\/uploads\/2022\/11\/MTMAU.Gob_-1024x274.jpg\" class=\"attachment-large size-large wp-image-1885\" alt=\"Logotip del Ministerio de Transportes, Movilidad y Agenda urbana\" srcset=\"https:\/\/nextgeneration.paeria.cat\/web\/wp-content\/uploads\/2022\/11\/MTMAU.Gob_-1024x274.jpg 1024w, https:\/\/nextgeneration.paeria.cat\/web\/wp-content\/uploads\/2022\/11\/MTMAU.Gob_-300x80.jpg 300w, https:\/\/nextgeneration.paeria.cat\/web\/wp-content\/uploads\/2022\/11\/MTMAU.Gob_-768x205.jpg 768w, https:\/\/nextgeneration.paeria.cat\/web\/wp-content\/uploads\/2022\/11\/MTMAU.Gob_-1536x411.jpg 1536w, https:\/\/nextgeneration.paeria.cat\/web\/wp-content\/uploads\/2022\/11\/MTMAU.Gob_.jpg 2008w\" sizes=\"(max-width: 1024px) 100vw, 1024px\" \/>\t\t\t\t\t\t\t\t\t\t\t\t\t\t\t<\/div>\n\t\t\t\t<\/div>\n\t\t\t\t\t<\/div>\n\t\t<\/div>\n\t\t\t\t\t<\/div>\n\t\t<\/section>\n\t\t\t\t<\/div>\n\t\t","protected":false},"excerpt":{"rendered":"<p>Es construiran dos passos elevats al carrer Alfred Pere\u00f1a i s\u2019ampliaran les voreres al Passatge de la Premsa L\u2019Ajuntament de Lleida iniciar\u00e0 dem\u00e0, dimecres 6 de mar\u00e7, les obres de millora de l\u2019entorn de l\u2019Escola del Treball, una actuaci\u00f3 encaminada a pacificar el tr\u00e0nsit al voltant d\u2019aquest centre de Secund\u00e0ria, concretament al carrer d\u2019Alfred Pere\u00f1a &#8230; <a title=\"La Paeria comen\u00e7a les obres per a pacificar el tr\u00e0nsit a l\u2019entorn de l\u2019Escola del Treball\" class=\"read-more\" href=\"https:\/\/nextgeneration.paeria.cat\/web\/la-paeria-comenca-les-obres-per-a-pacificar-el-transit-a-lentorn-de-lescola-del-treball\/\" aria-label=\"M\u00e9s informaci\u00f3 sobre La Paeria comen\u00e7a les obres per a pacificar el tr\u00e0nsit a l\u2019entorn de l\u2019Escola del Treball\">Llegiu m\u00e9s<\/a><\/p>\n","protected":false},"author":6,"featured_media":5944,"comment_status":"closed","ping_status":"closed","sticky":false,"template":"","format":"standard","meta":{"_sitemap_exclude":false,"_sitemap_priority":"","_sitemap_frequency":"","footnotes":""},"categories":[4],"tags":[],"class_list":["post-5941","post","type-post","status-publish","format-standard","has-post-thumbnail","hentry","category-noticies"],"yoast_head":"<!-- This site is optimized with the Yoast SEO plugin v27.5 - https:\/\/yoast.com\/product\/yoast-seo-wordpress\/ -->\n<title>La Paeria comen\u00e7a les obres per a pacificar el tr\u00e0nsit a l\u2019entorn de l\u2019Escola del Treball - Next Generation Lleida - Propostes de projectes - La Paeria - Ajuntament de Lleida<\/title>\n<meta name=\"robots\" content=\"index, follow, max-snippet:-1, max-image-preview:large, max-video-preview:-1\" \/>\n<link rel=\"canonical\" href=\"https:\/\/nextgeneration.paeria.cat\/web\/la-paeria-comenca-les-obres-per-a-pacificar-el-transit-a-lentorn-de-lescola-del-treball\/\" \/>\n<meta property=\"og:locale\" content=\"ca_ES\" \/>\n<meta property=\"og:type\" content=\"article\" \/>\n<meta property=\"og:title\" content=\"La Paeria comen\u00e7a les obres per a pacificar el tr\u00e0nsit a l\u2019entorn de l\u2019Escola del Treball - Next Generation Lleida - Propostes de projectes - La Paeria - Ajuntament de Lleida\" \/>\n<meta property=\"og:description\" content=\"Es construiran dos passos elevats al carrer Alfred Pere\u00f1a i s\u2019ampliaran les voreres al Passatge de la Premsa L\u2019Ajuntament de Lleida iniciar\u00e0 dem\u00e0, dimecres 6 de mar\u00e7, les obres de millora de l\u2019entorn de l\u2019Escola del Treball, una actuaci\u00f3 encaminada a pacificar el tr\u00e0nsit al voltant d\u2019aquest centre de Secund\u00e0ria, concretament al carrer d\u2019Alfred Pere\u00f1a ... Llegiu m\u00e9s\" \/>\n<meta property=\"og:url\" content=\"https:\/\/nextgeneration.paeria.cat\/web\/la-paeria-comenca-les-obres-per-a-pacificar-el-transit-a-lentorn-de-lescola-del-treball\/\" \/>\n<meta property=\"og:site_name\" content=\"Next Generation Lleida - Propostes de projectes - La Paeria - Ajuntament de Lleida\" \/>\n<meta property=\"article:published_time\" content=\"2024-03-05T13:00:00+00:00\" \/>\n<meta property=\"article:modified_time\" content=\"2024-03-06T12:00:01+00:00\" \/>\n<meta property=\"og:image\" content=\"https:\/\/nextgeneration.paeria.cat\/web\/wp-content\/uploads\/2024\/03\/perenya2.jpg\" \/>\n\t<meta property=\"og:image:width\" content=\"1800\" \/>\n\t<meta property=\"og:image:height\" content=\"1350\" \/>\n\t<meta property=\"og:image:type\" content=\"image\/jpeg\" \/>\n<meta name=\"author\" content=\"Dolors Ortin\" \/>\n<meta name=\"twitter:card\" content=\"summary_large_image\" \/>\n<meta name=\"twitter:label1\" content=\"Escrit per\" \/>\n\t<meta name=\"twitter:data1\" content=\"Dolors Ortin\" \/>\n\t<meta name=\"twitter:label2\" content=\"Temps estimat de lectura\" \/>\n\t<meta name=\"twitter:data2\" content=\"3 minuts\" \/>\n<script type=\"application\/ld+json\" class=\"yoast-schema-graph\">{\"@context\":\"https:\\\/\\\/schema.org\",\"@graph\":[{\"@type\":\"Article\",\"@id\":\"https:\\\/\\\/nextgeneration.paeria.cat\\\/web\\\/la-paeria-comenca-les-obres-per-a-pacificar-el-transit-a-lentorn-de-lescola-del-treball\\\/#article\",\"isPartOf\":{\"@id\":\"https:\\\/\\\/nextgeneration.paeria.cat\\\/web\\\/la-paeria-comenca-les-obres-per-a-pacificar-el-transit-a-lentorn-de-lescola-del-treball\\\/\"},\"author\":{\"name\":\"Dolors Ortin\",\"@id\":\"https:\\\/\\\/nextgeneration.paeria.cat\\\/web\\\/#\\\/schema\\\/person\\\/d0869853685f5118a45408d600973c20\"},\"headline\":\"La Paeria comen\u00e7a les obres per a pacificar el tr\u00e0nsit a l\u2019entorn de l\u2019Escola del Treball\",\"datePublished\":\"2024-03-05T13:00:00+00:00\",\"dateModified\":\"2024-03-06T12:00:01+00:00\",\"mainEntityOfPage\":{\"@id\":\"https:\\\/\\\/nextgeneration.paeria.cat\\\/web\\\/la-paeria-comenca-les-obres-per-a-pacificar-el-transit-a-lentorn-de-lescola-del-treball\\\/\"},\"wordCount\":347,\"publisher\":{\"@id\":\"https:\\\/\\\/nextgeneration.paeria.cat\\\/web\\\/#organization\"},\"image\":{\"@id\":\"https:\\\/\\\/nextgeneration.paeria.cat\\\/web\\\/la-paeria-comenca-les-obres-per-a-pacificar-el-transit-a-lentorn-de-lescola-del-treball\\\/#primaryimage\"},\"thumbnailUrl\":\"https:\\\/\\\/nextgeneration.paeria.cat\\\/web\\\/wp-content\\\/uploads\\\/2024\\\/03\\\/perenya2.jpg\",\"articleSection\":[\"Not\u00edcies\"],\"inLanguage\":\"ca\"},{\"@type\":\"WebPage\",\"@id\":\"https:\\\/\\\/nextgeneration.paeria.cat\\\/web\\\/la-paeria-comenca-les-obres-per-a-pacificar-el-transit-a-lentorn-de-lescola-del-treball\\\/\",\"url\":\"https:\\\/\\\/nextgeneration.paeria.cat\\\/web\\\/la-paeria-comenca-les-obres-per-a-pacificar-el-transit-a-lentorn-de-lescola-del-treball\\\/\",\"name\":\"La Paeria comen\u00e7a les obres per a pacificar el tr\u00e0nsit a l\u2019entorn de l\u2019Escola del Treball - Next Generation Lleida - Propostes de projectes - La Paeria - Ajuntament de Lleida\",\"isPartOf\":{\"@id\":\"https:\\\/\\\/nextgeneration.paeria.cat\\\/web\\\/#website\"},\"primaryImageOfPage\":{\"@id\":\"https:\\\/\\\/nextgeneration.paeria.cat\\\/web\\\/la-paeria-comenca-les-obres-per-a-pacificar-el-transit-a-lentorn-de-lescola-del-treball\\\/#primaryimage\"},\"image\":{\"@id\":\"https:\\\/\\\/nextgeneration.paeria.cat\\\/web\\\/la-paeria-comenca-les-obres-per-a-pacificar-el-transit-a-lentorn-de-lescola-del-treball\\\/#primaryimage\"},\"thumbnailUrl\":\"https:\\\/\\\/nextgeneration.paeria.cat\\\/web\\\/wp-content\\\/uploads\\\/2024\\\/03\\\/perenya2.jpg\",\"datePublished\":\"2024-03-05T13:00:00+00:00\",\"dateModified\":\"2024-03-06T12:00:01+00:00\",\"breadcrumb\":{\"@id\":\"https:\\\/\\\/nextgeneration.paeria.cat\\\/web\\\/la-paeria-comenca-les-obres-per-a-pacificar-el-transit-a-lentorn-de-lescola-del-treball\\\/#breadcrumb\"},\"inLanguage\":\"ca\",\"potentialAction\":[{\"@type\":\"ReadAction\",\"target\":[\"https:\\\/\\\/nextgeneration.paeria.cat\\\/web\\\/la-paeria-comenca-les-obres-per-a-pacificar-el-transit-a-lentorn-de-lescola-del-treball\\\/\"]}]},{\"@type\":\"ImageObject\",\"inLanguage\":\"ca\",\"@id\":\"https:\\\/\\\/nextgeneration.paeria.cat\\\/web\\\/la-paeria-comenca-les-obres-per-a-pacificar-el-transit-a-lentorn-de-lescola-del-treball\\\/#primaryimage\",\"url\":\"https:\\\/\\\/nextgeneration.paeria.cat\\\/web\\\/wp-content\\\/uploads\\\/2024\\\/03\\\/perenya2.jpg\",\"contentUrl\":\"https:\\\/\\\/nextgeneration.paeria.cat\\\/web\\\/wp-content\\\/uploads\\\/2024\\\/03\\\/perenya2.jpg\",\"width\":1800,\"height\":1350},{\"@type\":\"BreadcrumbList\",\"@id\":\"https:\\\/\\\/nextgeneration.paeria.cat\\\/web\\\/la-paeria-comenca-les-obres-per-a-pacificar-el-transit-a-lentorn-de-lescola-del-treball\\\/#breadcrumb\",\"itemListElement\":[{\"@type\":\"ListItem\",\"position\":1,\"name\":\"Inici\",\"item\":\"https:\\\/\\\/nextgeneration.paeria.cat\\\/web\\\/\"},{\"@type\":\"ListItem\",\"position\":2,\"name\":\"La Paeria comen\u00e7a les obres per a pacificar el tr\u00e0nsit a l\u2019entorn de l\u2019Escola del Treball\"}]},{\"@type\":\"WebSite\",\"@id\":\"https:\\\/\\\/nextgeneration.paeria.cat\\\/web\\\/#website\",\"url\":\"https:\\\/\\\/nextgeneration.paeria.cat\\\/web\\\/\",\"name\":\"Next Generation Lleida - Propostes de projectes - La Paeria - Ajuntament de Lleida\",\"description\":\"\",\"publisher\":{\"@id\":\"https:\\\/\\\/nextgeneration.paeria.cat\\\/web\\\/#organization\"},\"potentialAction\":[{\"@type\":\"SearchAction\",\"target\":{\"@type\":\"EntryPoint\",\"urlTemplate\":\"https:\\\/\\\/nextgeneration.paeria.cat\\\/web\\\/?s={search_term_string}\"},\"query-input\":{\"@type\":\"PropertyValueSpecification\",\"valueRequired\":true,\"valueName\":\"search_term_string\"}}],\"inLanguage\":\"ca\"},{\"@type\":\"Organization\",\"@id\":\"https:\\\/\\\/nextgeneration.paeria.cat\\\/web\\\/#organization\",\"name\":\"Next Generation Lleida - Propostes de projectes - La Paeria - Ajuntament de Lleida\",\"url\":\"https:\\\/\\\/nextgeneration.paeria.cat\\\/web\\\/\",\"logo\":{\"@type\":\"ImageObject\",\"inLanguage\":\"ca\",\"@id\":\"https:\\\/\\\/nextgeneration.paeria.cat\\\/web\\\/#\\\/schema\\\/logo\\\/image\\\/\",\"url\":\"https:\\\/\\\/nextgeneration.paeria.cat\\\/web\\\/wp-content\\\/uploads\\\/2023\\\/09\\\/cropped-titol.png\",\"contentUrl\":\"https:\\\/\\\/nextgeneration.paeria.cat\\\/web\\\/wp-content\\\/uploads\\\/2023\\\/09\\\/cropped-titol.png\",\"width\":1100,\"height\":220,\"caption\":\"Next Generation Lleida - Propostes de projectes - La Paeria - Ajuntament de Lleida\"},\"image\":{\"@id\":\"https:\\\/\\\/nextgeneration.paeria.cat\\\/web\\\/#\\\/schema\\\/logo\\\/image\\\/\"}},{\"@type\":\"Person\",\"@id\":\"https:\\\/\\\/nextgeneration.paeria.cat\\\/web\\\/#\\\/schema\\\/person\\\/d0869853685f5118a45408d600973c20\",\"name\":\"Dolors Ortin\",\"image\":{\"@type\":\"ImageObject\",\"inLanguage\":\"ca\",\"@id\":\"https:\\\/\\\/secure.gravatar.com\\\/avatar\\\/92d49973a2d8eb61ac1cdb6a9d672367fc65859e811d5e4b3ec4f92ef8f1d091?s=96&d=mm&r=g\",\"url\":\"https:\\\/\\\/secure.gravatar.com\\\/avatar\\\/92d49973a2d8eb61ac1cdb6a9d672367fc65859e811d5e4b3ec4f92ef8f1d091?s=96&d=mm&r=g\",\"contentUrl\":\"https:\\\/\\\/secure.gravatar.com\\\/avatar\\\/92d49973a2d8eb61ac1cdb6a9d672367fc65859e811d5e4b3ec4f92ef8f1d091?s=96&d=mm&r=g\",\"caption\":\"Dolors Ortin\"}}]}<\/script>\n<!-- \/ Yoast SEO plugin. -->","yoast_head_json":{"title":"La Paeria comen\u00e7a les obres per a pacificar el tr\u00e0nsit a l\u2019entorn de l\u2019Escola del Treball - Next Generation Lleida - Propostes de projectes - La Paeria - Ajuntament de Lleida","robots":{"index":"index","follow":"follow","max-snippet":"max-snippet:-1","max-image-preview":"max-image-preview:large","max-video-preview":"max-video-preview:-1"},"canonical":"https:\/\/nextgeneration.paeria.cat\/web\/la-paeria-comenca-les-obres-per-a-pacificar-el-transit-a-lentorn-de-lescola-del-treball\/","og_locale":"ca_ES","og_type":"article","og_title":"La Paeria comen\u00e7a les obres per a pacificar el tr\u00e0nsit a l\u2019entorn de l\u2019Escola del Treball - Next Generation Lleida - Propostes de projectes - La Paeria - Ajuntament de Lleida","og_description":"Es construiran dos passos elevats al carrer Alfred Pere\u00f1a i s\u2019ampliaran les voreres al Passatge de la Premsa L\u2019Ajuntament de Lleida iniciar\u00e0 dem\u00e0, dimecres 6 de mar\u00e7, les obres de millora de l\u2019entorn de l\u2019Escola del Treball, una actuaci\u00f3 encaminada a pacificar el tr\u00e0nsit al voltant d\u2019aquest centre de Secund\u00e0ria, concretament al carrer d\u2019Alfred Pere\u00f1a ... Llegiu m\u00e9s","og_url":"https:\/\/nextgeneration.paeria.cat\/web\/la-paeria-comenca-les-obres-per-a-pacificar-el-transit-a-lentorn-de-lescola-del-treball\/","og_site_name":"Next Generation Lleida - Propostes de projectes - La Paeria - Ajuntament de Lleida","article_published_time":"2024-03-05T13:00:00+00:00","article_modified_time":"2024-03-06T12:00:01+00:00","og_image":[{"width":1800,"height":1350,"url":"https:\/\/nextgeneration.paeria.cat\/web\/wp-content\/uploads\/2024\/03\/perenya2.jpg","type":"image\/jpeg"}],"author":"Dolors Ortin","twitter_card":"summary_large_image","twitter_misc":{"Escrit per":"Dolors Ortin","Temps estimat de lectura":"3 minuts"},"schema":{"@context":"https:\/\/schema.org","@graph":[{"@type":"Article","@id":"https:\/\/nextgeneration.paeria.cat\/web\/la-paeria-comenca-les-obres-per-a-pacificar-el-transit-a-lentorn-de-lescola-del-treball\/#article","isPartOf":{"@id":"https:\/\/nextgeneration.paeria.cat\/web\/la-paeria-comenca-les-obres-per-a-pacificar-el-transit-a-lentorn-de-lescola-del-treball\/"},"author":{"name":"Dolors Ortin","@id":"https:\/\/nextgeneration.paeria.cat\/web\/#\/schema\/person\/d0869853685f5118a45408d600973c20"},"headline":"La Paeria comen\u00e7a les obres per a pacificar el tr\u00e0nsit a l\u2019entorn de l\u2019Escola del Treball","datePublished":"2024-03-05T13:00:00+00:00","dateModified":"2024-03-06T12:00:01+00:00","mainEntityOfPage":{"@id":"https:\/\/nextgeneration.paeria.cat\/web\/la-paeria-comenca-les-obres-per-a-pacificar-el-transit-a-lentorn-de-lescola-del-treball\/"},"wordCount":347,"publisher":{"@id":"https:\/\/nextgeneration.paeria.cat\/web\/#organization"},"image":{"@id":"https:\/\/nextgeneration.paeria.cat\/web\/la-paeria-comenca-les-obres-per-a-pacificar-el-transit-a-lentorn-de-lescola-del-treball\/#primaryimage"},"thumbnailUrl":"https:\/\/nextgeneration.paeria.cat\/web\/wp-content\/uploads\/2024\/03\/perenya2.jpg","articleSection":["Not\u00edcies"],"inLanguage":"ca"},{"@type":"WebPage","@id":"https:\/\/nextgeneration.paeria.cat\/web\/la-paeria-comenca-les-obres-per-a-pacificar-el-transit-a-lentorn-de-lescola-del-treball\/","url":"https:\/\/nextgeneration.paeria.cat\/web\/la-paeria-comenca-les-obres-per-a-pacificar-el-transit-a-lentorn-de-lescola-del-treball\/","name":"La Paeria comen\u00e7a les obres per a pacificar el tr\u00e0nsit a l\u2019entorn de l\u2019Escola del Treball - Next Generation Lleida - Propostes de projectes - La Paeria - Ajuntament de Lleida","isPartOf":{"@id":"https:\/\/nextgeneration.paeria.cat\/web\/#website"},"primaryImageOfPage":{"@id":"https:\/\/nextgeneration.paeria.cat\/web\/la-paeria-comenca-les-obres-per-a-pacificar-el-transit-a-lentorn-de-lescola-del-treball\/#primaryimage"},"image":{"@id":"https:\/\/nextgeneration.paeria.cat\/web\/la-paeria-comenca-les-obres-per-a-pacificar-el-transit-a-lentorn-de-lescola-del-treball\/#primaryimage"},"thumbnailUrl":"https:\/\/nextgeneration.paeria.cat\/web\/wp-content\/uploads\/2024\/03\/perenya2.jpg","datePublished":"2024-03-05T13:00:00+00:00","dateModified":"2024-03-06T12:00:01+00:00","breadcrumb":{"@id":"https:\/\/nextgeneration.paeria.cat\/web\/la-paeria-comenca-les-obres-per-a-pacificar-el-transit-a-lentorn-de-lescola-del-treball\/#breadcrumb"},"inLanguage":"ca","potentialAction":[{"@type":"ReadAction","target":["https:\/\/nextgeneration.paeria.cat\/web\/la-paeria-comenca-les-obres-per-a-pacificar-el-transit-a-lentorn-de-lescola-del-treball\/"]}]},{"@type":"ImageObject","inLanguage":"ca","@id":"https:\/\/nextgeneration.paeria.cat\/web\/la-paeria-comenca-les-obres-per-a-pacificar-el-transit-a-lentorn-de-lescola-del-treball\/#primaryimage","url":"https:\/\/nextgeneration.paeria.cat\/web\/wp-content\/uploads\/2024\/03\/perenya2.jpg","contentUrl":"https:\/\/nextgeneration.paeria.cat\/web\/wp-content\/uploads\/2024\/03\/perenya2.jpg","width":1800,"height":1350},{"@type":"BreadcrumbList","@id":"https:\/\/nextgeneration.paeria.cat\/web\/la-paeria-comenca-les-obres-per-a-pacificar-el-transit-a-lentorn-de-lescola-del-treball\/#breadcrumb","itemListElement":[{"@type":"ListItem","position":1,"name":"Inici","item":"https:\/\/nextgeneration.paeria.cat\/web\/"},{"@type":"ListItem","position":2,"name":"La Paeria comen\u00e7a les obres per a pacificar el tr\u00e0nsit a l\u2019entorn de l\u2019Escola del Treball"}]},{"@type":"WebSite","@id":"https:\/\/nextgeneration.paeria.cat\/web\/#website","url":"https:\/\/nextgeneration.paeria.cat\/web\/","name":"Next Generation Lleida - Propostes de projectes - La Paeria - Ajuntament de Lleida","description":"","publisher":{"@id":"https:\/\/nextgeneration.paeria.cat\/web\/#organization"},"potentialAction":[{"@type":"SearchAction","target":{"@type":"EntryPoint","urlTemplate":"https:\/\/nextgeneration.paeria.cat\/web\/?s={search_term_string}"},"query-input":{"@type":"PropertyValueSpecification","valueRequired":true,"valueName":"search_term_string"}}],"inLanguage":"ca"},{"@type":"Organization","@id":"https:\/\/nextgeneration.paeria.cat\/web\/#organization","name":"Next Generation Lleida - Propostes de projectes - La Paeria - Ajuntament de Lleida","url":"https:\/\/nextgeneration.paeria.cat\/web\/","logo":{"@type":"ImageObject","inLanguage":"ca","@id":"https:\/\/nextgeneration.paeria.cat\/web\/#\/schema\/logo\/image\/","url":"https:\/\/nextgeneration.paeria.cat\/web\/wp-content\/uploads\/2023\/09\/cropped-titol.png","contentUrl":"https:\/\/nextgeneration.paeria.cat\/web\/wp-content\/uploads\/2023\/09\/cropped-titol.png","width":1100,"height":220,"caption":"Next Generation Lleida - Propostes de projectes - La Paeria - Ajuntament de Lleida"},"image":{"@id":"https:\/\/nextgeneration.paeria.cat\/web\/#\/schema\/logo\/image\/"}},{"@type":"Person","@id":"https:\/\/nextgeneration.paeria.cat\/web\/#\/schema\/person\/d0869853685f5118a45408d600973c20","name":"Dolors Ortin","image":{"@type":"ImageObject","inLanguage":"ca","@id":"https:\/\/secure.gravatar.com\/avatar\/92d49973a2d8eb61ac1cdb6a9d672367fc65859e811d5e4b3ec4f92ef8f1d091?s=96&d=mm&r=g","url":"https:\/\/secure.gravatar.com\/avatar\/92d49973a2d8eb61ac1cdb6a9d672367fc65859e811d5e4b3ec4f92ef8f1d091?s=96&d=mm&r=g","contentUrl":"https:\/\/secure.gravatar.com\/avatar\/92d49973a2d8eb61ac1cdb6a9d672367fc65859e811d5e4b3ec4f92ef8f1d091?s=96&d=mm&r=g","caption":"Dolors Ortin"}}]}},"_links":{"self":[{"href":"https:\/\/nextgeneration.paeria.cat\/web\/wp-json\/wp\/v2\/posts\/5941","targetHints":{"allow":["GET"]}}],"collection":[{"href":"https:\/\/nextgeneration.paeria.cat\/web\/wp-json\/wp\/v2\/posts"}],"about":[{"href":"https:\/\/nextgeneration.paeria.cat\/web\/wp-json\/wp\/v2\/types\/post"}],"author":[{"embeddable":true,"href":"https:\/\/nextgeneration.paeria.cat\/web\/wp-json\/wp\/v2\/users\/6"}],"replies":[{"embeddable":true,"href":"https:\/\/nextgeneration.paeria.cat\/web\/wp-json\/wp\/v2\/comments?post=5941"}],"version-history":[{"count":5,"href":"https:\/\/nextgeneration.paeria.cat\/web\/wp-json\/wp\/v2\/posts\/5941\/revisions"}],"predecessor-version":[{"id":5949,"href":"https:\/\/nextgeneration.paeria.cat\/web\/wp-json\/wp\/v2\/posts\/5941\/revisions\/5949"}],"wp:featuredmedia":[{"embeddable":true,"href":"https:\/\/nextgeneration.paeria.cat\/web\/wp-json\/wp\/v2\/media\/5944"}],"wp:attachment":[{"href":"https:\/\/nextgeneration.paeria.cat\/web\/wp-json\/wp\/v2\/media?parent=5941"}],"wp:term":[{"taxonomy":"category","embeddable":true,"href":"https:\/\/nextgeneration.paeria.cat\/web\/wp-json\/wp\/v2\/categories?post=5941"},{"taxonomy":"post_tag","embeddable":true,"href":"https:\/\/nextgeneration.paeria.cat\/web\/wp-json\/wp\/v2\/tags?post=5941"}],"curies":[{"name":"wp","href":"https:\/\/api.w.org\/{rel}","templated":true}]}}