{"id":6449,"date":"2024-05-22T20:00:00","date_gmt":"2024-05-22T18:00:00","guid":{"rendered":"https:\/\/nextgeneration.paeria.cat\/web\/?p=6449"},"modified":"2024-05-23T12:07:03","modified_gmt":"2024-05-23T10:07:03","slug":"la-paeria-impulsa-la-revitalitzacio-de-la-rambla-de-ferran","status":"publish","type":"post","link":"https:\/\/nextgeneration.paeria.cat\/web\/la-paeria-impulsa-la-revitalitzacio-de-la-rambla-de-ferran\/","title":{"rendered":"La Paeria impulsa la revitalitzaci\u00f3 de la rambla de Ferran"},"content":{"rendered":"\t\t<div data-elementor-type=\"wp-post\" data-elementor-id=\"6449\" class=\"elementor elementor-6449\">\n\t\t\t\t\t\t<section class=\"elementor-section elementor-top-section elementor-element elementor-element-a45c10b elementor-section-boxed elementor-section-height-default elementor-section-height-default\" data-id=\"a45c10b\" data-element_type=\"section\" data-e-type=\"section\">\n\t\t\t\t\t\t<div class=\"elementor-container elementor-column-gap-default\">\n\t\t\t\t\t<div class=\"elementor-column elementor-col-100 elementor-top-column elementor-element elementor-element-1615ff8\" data-id=\"1615ff8\" data-element_type=\"column\" data-e-type=\"column\">\n\t\t\t<div class=\"elementor-widget-wrap elementor-element-populated\">\n\t\t\t\t\t\t<div class=\"elementor-element elementor-element-fbe6637 elementor-widget elementor-widget-text-editor\" data-id=\"fbe6637\" data-element_type=\"widget\" data-e-type=\"widget\" data-widget_type=\"text-editor.default\">\n\t\t\t\t<div class=\"elementor-widget-container\">\n\t\t\t\t\t\t\t\t\t<p><strong>El projecte, presentat avui per l\u2019alcalde Larrosa, preveu engegar accions de dinamitzaci\u00f3 econ\u00f2mica, comercial, tur\u00edstica i cultural per potenciar tot aquest sector de la ciutat, que ser\u00e0 declarat zona d\u2019inter\u00e8s singular<\/strong><\/p><p><strong>Inclou tamb\u00e9 actuaci\u00f3 urban\u00edstica d\u2019ampliaci\u00f3 de l\u2019espai per a vianants, que permetr\u00e0 disposar d\u2019una gran pla\u00e7a per a activitats i esdeveniments culturals i socials i que s\u2019iniciar\u00e0 al setembre<\/strong><\/p><p>La Paeria impulsa l\u2019Operaci\u00f3 Rambla un projecte de regeneraci\u00f3 i revitalitzaci\u00f3 de la rambla de Ferran i de tot el barri de Noguerola i part del Centre Hist\u00f2ric, que aglutina actuacions urban\u00edstiques, de dinamitzaci\u00f3 econ\u00f2mica, comercial, tur\u00edstica i cultural, ha explicat avui l\u2019alcalde de Lleida, F\u00e8lix Larrosa.<\/p><p>El paer en cap ha destacat que es far\u00e0 una renovaci\u00f3 de l\u2019espai f\u00edsic de la rambla per prioritzar els vianants i el transport p\u00fablic, per\u00f2 ha assenyalat que l\u2019actuaci\u00f3 prevista va molt m\u00e9s enll\u00e0, ja que incorpora un aposta molt important per promoure-hi una major activitat econ\u00f2mica i social amb mesures en diferents \u00e0mbits. Es busca promoure l\u2019obertura de nous negocis a peu de carrer, acabar amb els locals i solars buits i aconseguir una major activitat cultural i art\u00edstica, a m\u00e9s de la vinculada a la restauraci\u00f3, la gastronomia i el turisme patrimonial.<\/p><p>\u201cPer tot aix\u00f2, declararem la rambla com a zona d&#8217;inter\u00e8s singular. Aix\u00f2 tindr\u00e0 l&#8217;acompanyament d&#8217;una ordenan\u00e7a espec\u00edfica de la rambla que contemplar\u00e0 l&#8217;ordenaci\u00f3 de l&#8217;espai, perqu\u00e8 fruit de l&#8217;operaci\u00f3 urban\u00edstica hi haur\u00e0 ganes d&#8217;ocupar la rambla m\u00e9s enll\u00e0 del que s&#8217;ha fet fins ara en dies concrets com el de Sant Jordi, Reis o per la festa major\u201d, ha afirmat Larrosa, que ha estat acompanyat en la presentaci\u00f3 del projecte per les tinentes d\u2019alcalde Bego\u00f1a Iglesias i Cristina Mor\u00f3n.<\/p><p>Per a fer-ho possible es compta amb l\u00ednies d\u2019incentius fiscals, amb bonificacions a l\u2019IBI, l\u2019IAE i l\u2019Impost de Construccions i Obres, amb l\u2019acompanyament a l\u2019emprenedoria i l\u2019activitat empresarial que far\u00e0 l\u2019Institut Municipal d\u2019Ocupaci\u00f3 i amb la col\u00b7laboraci\u00f3 de la Diputaci\u00f3 de Lleida per a impulsar la recuperaci\u00f3 del patrimoni i la seva dinamitzaci\u00f3 tur\u00edstica, ha afegit l\u2019alcalde. Tamb\u00e9 ha destacat la import\u00e0ncia que tindr\u00e0 en tot aquest projecte l\u2019obertura del museu Morera i l\u2019actuaci\u00f3 prevista a les termes romanes de Cardenal Remolins.<\/p><p><strong>Actuaci\u00f3 urban\u00edstica<\/strong><\/p><p>La tinent d\u2019alcalde d\u2019Agenda Urbana, Bego\u00f1a Iglesias, ha detallat l\u2019actuaci\u00f3 urban\u00edstica prevista a la rambla de Ferran, des de la pla\u00e7a Ramon Berenguer IV fins al carrer de Riquer, i ha assenyalat que contempla l\u2019ampliaci\u00f3 de l\u2019espai per a vianants, millorant l\u2019accessibilitat i la seguretat vi\u00e0ria, gr\u00e0cies a la pacificaci\u00f3 del tr\u00e0nsit.<\/p><p>Per una banda, s\u2019aborda l\u2019ampliaci\u00f3 de la vorera del costat del Museu Morera i la Diputaci\u00f3, que passar\u00e0 de 2,8 a 5 metres d\u2019ample, duplicant gaireb\u00e9 la superf\u00edcie per a vianants, que passa de 1.250 a 2.400 metres quadrats. Tamb\u00e9 s\u2019hi plantaran 39 arbres, s\u2019instal\u00b7laran 24 columnes amb 48 llumin\u00e0ries i es renovar\u00e0 la xarxa d\u2019aigua potable i el mobiliari urb\u00e0.<\/p><p>Aquestes actuacions conformen el lot 1 de l\u2019obra, que t\u00e9 un per\u00edode d\u2019execuci\u00f3 de 5 mesos i un pressupost per contracte de 934.465,35 euros.<\/p><p>Per altra banda, tamb\u00e9 s\u2019actua reduint l\u2019amplada de la cal\u00e7ada dels tres carrils actuals a dos, un d\u2019ells reservat per al transport p\u00fablic com a carril bus. D\u2019aquesta manera, la cal\u00e7ada passa de 7,8 a 5,8 metres d\u2019ample. A m\u00e9s d\u2019estretir-se, el paviment s\u2019elevar\u00e0, perqu\u00e8 conformi una plataforma \u00fanica al mateix nivell de la vorera lateral i la part central de la rambla.<\/p><p>Aix\u00f2 permetr\u00e0 pacificar el tr\u00e0nsit i facilitar l\u2019organitzaci\u00f3 d\u2019activitats puntuals tancant al tr\u00e0nsit tot aquest sector, que conformar\u00e0 aleshores una gran pla\u00e7a. Tamb\u00e9 s\u2019hi preveu la renovaci\u00f3 del col\u00b7lector d\u2019aig\u00fces pluvials, la renovaci\u00f3 del mobiliari urb\u00e0 (32 bancs, 10 papereres i 6 estacionaments de bicis) i la plantaci\u00f3 de nova vegetaci\u00f3 arbustiva en 25 jardineres.<\/p><p>Aquestes actuacions conformen el lot 2 de l\u2019obra, que t\u00e9 un per\u00edode d\u2019execuci\u00f3 de dos mesos i mig i un pressupost per contracte de 604.939,5 euros.<\/p><p>El projecte d\u2019obres es troba ara en exposici\u00f3 p\u00fablica i ben aviat s\u2019iniciar\u00e0 la licitaci\u00f3. Les obres comen\u00e7aran al setembre pel lot 2, corresponent a la cal\u00e7ada, amb la previsi\u00f3 d\u2019acabar-lo a finals d\u2019any. A continuaci\u00f3 es duran a terme les obres del lot 1, que est\u00e0 previst que estiguin llestes abans de la festa major de l\u2019any vinent.<\/p><p>Aquestes obres compten amb finan\u00e7ament de fons europeus NextGenerationEU, dins del Pla de Recuperaci\u00f3, Transformaci\u00f3 i Resili\u00e8ncia del govern de l\u2019Estat, a trav\u00e9s de dos projectes diferents. Aix\u00ed, el lot 1 correspon a una actuaci\u00f3 derivada del projecte de <a href=\"https:\/\/nextgeneration.paeria.cat\/web\/transformacio-sostenible-i-digital-del-transport-a-lleida\/\" target=\"_blank\" rel=\"noopener\">Transformaci\u00f3 sostenible i digital del transport a Lleida<\/a>, mentre que el lot 2 forma part del projecte Compra a Lleida.<\/p><p><strong>Dinamitzaci\u00f3 econ\u00f2mica, comercial, tur\u00edstica i cultural<\/strong><\/p><p>L\u2019estrat\u00e8gia de dinamitzaci\u00f3 econ\u00f2mica busca convertir la Rambla i la seva zona d\u2019influ\u00e8ncia en un districte cultural, comercial i de creativitat.<\/p><p>S\u2019incideix en l\u2019obertura de locals a peu de carrer i el foment d\u2019iniciatives comercials i de serveis que permetin donar vida a aquesta zona fora dels horaris de treball dels negocis que ara hi tenen m\u00e9s pres\u00e8ncia (activitats financeres i assegurances, sanit\u00e0ries, administraci\u00f3 p\u00fablica i activitats professionals).<\/p><p>Per aix\u00f2, es pret\u00e9n incentivar l\u2019obertura de locals amb un component art\u00edstic, cultural i gastron\u00f2mic o de comer\u00e7 singular. Un dels sectors a prioritzar ser\u00e0 de la restauraci\u00f3, amb productes de qualitat del territori. S\u2019hi programaran esdeveniments gastron\u00f2mics peri\u00f2dicament per a promoure l\u2019aflu\u00e8ncia de p\u00fablic interessat.<\/p><p>Les eines de suport al comer\u00e7 local de que es disposa inclouen la l\u00ednia d\u2019ajuts pel foment de l\u2019obertura de locals buits en zones d\u2019inter\u00e8s singular i barris amb baixa densitat comercial, dotada amb 130.000 euros i que inclou la zona de la Rambla i el Centre Hist\u00f2ric, a m\u00e9s de Mariola i Magraners. Tamb\u00e9 es comptar\u00e0 amb incentius fiscals i accions d\u2019innovaci\u00f3 i digitalitzaci\u00f3 vinculades als fons NextGeneration.<\/p><p>Els incentius fiscals inclouen importants bonificacions en l\u2019IBI, el IAE, la taxa d\u2019activitats i l\u2019impost de construccions i obres. Per exemple, es bonifica l&#8217;IBI per obres noves i de rehabilitaci\u00f3 integral durant tres anys, entre un 50 i un 90%. Tamb\u00e9 es bonifica la taxa d&#8217;activitats i l&#8217;ICIO entre un 50% per la reforma de locals nous i fins a un 90% en el cas del Centre Hist\u00f2ric, mentre que al IAE el suport arriba fins al 95% en el cas d&#8217;activitats econ\u00f2miques declarades d&#8217;inter\u00e8s municipal.<\/p><p>Es potenciaran les accions d\u2019inserci\u00f3 laboral que du a terme l\u2019oficina de l\u2019IMO de la Rambla, aix\u00ed com accions de foment de l\u2019emprenedoria i d\u2019acompanyament de l\u2019activitat empresarial.<\/p><p>En l\u2019\u00e0mbit tur\u00edstic, tamb\u00e9 es far\u00e0 \u00e8mfasi en l\u2019impuls de la Rambla com a zona d\u2019inter\u00e8s singular, pels seus equipaments culturals i patrimonials, amb el disseny d\u2019una nova Ruta de la Rambla, vinculada a la restauraci\u00f3 i a la gastronomia i als elements patrimonials d\u2019inter\u00e8s, com les Adoberies i el Morera.<\/p><p>El vessant cultural ser\u00e0 un altre dels pilars del projecte Operaci\u00f3 Rambla. La nova pla\u00e7a davant del Museu Morera ser\u00e0 una plataforma on acollir esdeveniments culturals de la ciutat, com Sant Jordi, activitats de la Festa Major o la Fira de Titelles, mercadets, concerts, etc. Es comptar\u00e0 amb la col\u00b7laboraci\u00f3 de diferents actors i institucions vinculats al sector cultural i la connexi\u00f3 amb altres equipaments pr\u00f2xims, com l\u2019Auditori, els Camps Elisis o la Llotja.<\/p>\t\t\t\t\t\t\t\t<\/div>\n\t\t\t\t<\/div>\n\t\t\t\t\t<\/div>\n\t\t<\/div>\n\t\t\t\t\t<\/div>\n\t\t<\/section>\n\t\t\t\t<section class=\"elementor-section elementor-top-section elementor-element elementor-element-9f57504 elementor-section-boxed elementor-section-height-default elementor-section-height-default\" data-id=\"9f57504\" data-element_type=\"section\" data-e-type=\"section\">\n\t\t\t\t\t\t<div class=\"elementor-container elementor-column-gap-default\">\n\t\t\t\t\t<div class=\"elementor-column elementor-col-33 elementor-top-column elementor-element elementor-element-93327e4\" data-id=\"93327e4\" data-element_type=\"column\" data-e-type=\"column\">\n\t\t\t<div class=\"elementor-widget-wrap elementor-element-populated\">\n\t\t\t\t\t\t<div class=\"elementor-element elementor-element-d7c4c90 elementor-widget elementor-widget-image\" data-id=\"d7c4c90\" data-element_type=\"widget\" data-e-type=\"widget\" data-widget_type=\"image.default\">\n\t\t\t\t<div class=\"elementor-widget-container\">\n\t\t\t\t\t\t\t\t\t\t\t\t\t\t\t<img fetchpriority=\"high\" decoding=\"async\" width=\"1024\" height=\"684\" src=\"https:\/\/nextgeneration.paeria.cat\/web\/wp-content\/uploads\/2024\/05\/1_DSC01207-1024x684.jpg\" class=\"attachment-large size-large wp-image-6451\" alt=\"\" srcset=\"https:\/\/nextgeneration.paeria.cat\/web\/wp-content\/uploads\/2024\/05\/1_DSC01207-1024x684.jpg 1024w, https:\/\/nextgeneration.paeria.cat\/web\/wp-content\/uploads\/2024\/05\/1_DSC01207-300x200.jpg 300w, https:\/\/nextgeneration.paeria.cat\/web\/wp-content\/uploads\/2024\/05\/1_DSC01207-768x513.jpg 768w, https:\/\/nextgeneration.paeria.cat\/web\/wp-content\/uploads\/2024\/05\/1_DSC01207-1536x1026.jpg 1536w, https:\/\/nextgeneration.paeria.cat\/web\/wp-content\/uploads\/2024\/05\/1_DSC01207.jpg 1908w\" sizes=\"(max-width: 1024px) 100vw, 1024px\" \/>\t\t\t\t\t\t\t\t\t\t\t\t\t\t\t<\/div>\n\t\t\t\t<\/div>\n\t\t\t\t\t<\/div>\n\t\t<\/div>\n\t\t\t\t<div class=\"elementor-column elementor-col-33 elementor-top-column elementor-element elementor-element-51cb57e\" data-id=\"51cb57e\" data-element_type=\"column\" data-e-type=\"column\">\n\t\t\t<div class=\"elementor-widget-wrap elementor-element-populated\">\n\t\t\t\t\t\t<div class=\"elementor-element elementor-element-c7f0e85 elementor-widget elementor-widget-image\" data-id=\"c7f0e85\" data-element_type=\"widget\" data-e-type=\"widget\" data-widget_type=\"image.default\">\n\t\t\t\t<div class=\"elementor-widget-container\">\n\t\t\t\t\t\t\t\t\t\t\t\t\t\t\t<img decoding=\"async\" width=\"1024\" height=\"684\" src=\"https:\/\/nextgeneration.paeria.cat\/web\/wp-content\/uploads\/2024\/05\/1_DSC01142-1024x684.jpg\" class=\"attachment-large size-large wp-image-6450\" alt=\"Rambla Ferran\" srcset=\"https:\/\/nextgeneration.paeria.cat\/web\/wp-content\/uploads\/2024\/05\/1_DSC01142-1024x684.jpg 1024w, https:\/\/nextgeneration.paeria.cat\/web\/wp-content\/uploads\/2024\/05\/1_DSC01142-300x200.jpg 300w, https:\/\/nextgeneration.paeria.cat\/web\/wp-content\/uploads\/2024\/05\/1_DSC01142-768x513.jpg 768w, https:\/\/nextgeneration.paeria.cat\/web\/wp-content\/uploads\/2024\/05\/1_DSC01142-1536x1026.jpg 1536w, https:\/\/nextgeneration.paeria.cat\/web\/wp-content\/uploads\/2024\/05\/1_DSC01142.jpg 1908w\" sizes=\"(max-width: 1024px) 100vw, 1024px\" \/>\t\t\t\t\t\t\t\t\t\t\t\t\t\t\t<\/div>\n\t\t\t\t<\/div>\n\t\t\t\t\t<\/div>\n\t\t<\/div>\n\t\t\t\t<div class=\"elementor-column elementor-col-33 elementor-top-column elementor-element elementor-element-7f796f4\" data-id=\"7f796f4\" data-element_type=\"column\" data-e-type=\"column\">\n\t\t\t<div class=\"elementor-widget-wrap elementor-element-populated\">\n\t\t\t\t\t\t<div class=\"elementor-element elementor-element-839c1a7 elementor-widget elementor-widget-image\" data-id=\"839c1a7\" data-element_type=\"widget\" data-e-type=\"widget\" data-widget_type=\"image.default\">\n\t\t\t\t<div class=\"elementor-widget-container\">\n\t\t\t\t\t\t\t\t\t\t\t\t\t\t\t<img decoding=\"async\" width=\"1024\" height=\"684\" src=\"https:\/\/nextgeneration.paeria.cat\/web\/wp-content\/uploads\/2024\/05\/1_DSC01125-1024x684.jpg\" class=\"attachment-large size-large wp-image-6453\" alt=\"\" srcset=\"https:\/\/nextgeneration.paeria.cat\/web\/wp-content\/uploads\/2024\/05\/1_DSC01125-1024x684.jpg 1024w, https:\/\/nextgeneration.paeria.cat\/web\/wp-content\/uploads\/2024\/05\/1_DSC01125-300x200.jpg 300w, https:\/\/nextgeneration.paeria.cat\/web\/wp-content\/uploads\/2024\/05\/1_DSC01125-768x513.jpg 768w, https:\/\/nextgeneration.paeria.cat\/web\/wp-content\/uploads\/2024\/05\/1_DSC01125-1536x1026.jpg 1536w, https:\/\/nextgeneration.paeria.cat\/web\/wp-content\/uploads\/2024\/05\/1_DSC01125.jpg 1908w\" sizes=\"(max-width: 1024px) 100vw, 1024px\" \/>\t\t\t\t\t\t\t\t\t\t\t\t\t\t\t<\/div>\n\t\t\t\t<\/div>\n\t\t\t\t\t<\/div>\n\t\t<\/div>\n\t\t\t\t\t<\/div>\n\t\t<\/section>\n\t\t\t\t<section class=\"elementor-section elementor-top-section elementor-element elementor-element-e74943f elementor-section-boxed elementor-section-height-default elementor-section-height-default\" data-id=\"e74943f\" data-element_type=\"section\" data-e-type=\"section\">\n\t\t\t\t\t\t<div class=\"elementor-container elementor-column-gap-default\">\n\t\t\t\t\t<div class=\"elementor-column elementor-col-33 elementor-top-column elementor-element elementor-element-09825b8\" data-id=\"09825b8\" data-element_type=\"column\" data-e-type=\"column\">\n\t\t\t<div class=\"elementor-widget-wrap elementor-element-populated\">\n\t\t\t\t\t\t<div class=\"elementor-element elementor-element-1fe72f0 elementor-widget elementor-widget-image\" data-id=\"1fe72f0\" data-element_type=\"widget\" data-e-type=\"widget\" data-widget_type=\"image.default\">\n\t\t\t\t<div class=\"elementor-widget-container\">\n\t\t\t\t\t\t\t\t\t\t\t\t\t\t\t<img loading=\"lazy\" decoding=\"async\" width=\"873\" height=\"255\" src=\"https:\/\/nextgeneration.paeria.cat\/web\/wp-content\/uploads\/2022\/11\/Financat-per-la-Unio-Europea.jpg\" class=\"attachment-large size-large wp-image-1883\" alt=\"Logo Uni\u00f3 Europea NextGeneration\" srcset=\"https:\/\/nextgeneration.paeria.cat\/web\/wp-content\/uploads\/2022\/11\/Financat-per-la-Unio-Europea.jpg 873w, https:\/\/nextgeneration.paeria.cat\/web\/wp-content\/uploads\/2022\/11\/Financat-per-la-Unio-Europea-300x88.jpg 300w, https:\/\/nextgeneration.paeria.cat\/web\/wp-content\/uploads\/2022\/11\/Financat-per-la-Unio-Europea-768x224.jpg 768w\" sizes=\"(max-width: 873px) 100vw, 873px\" \/>\t\t\t\t\t\t\t\t\t\t\t\t\t\t\t<\/div>\n\t\t\t\t<\/div>\n\t\t\t\t\t<\/div>\n\t\t<\/div>\n\t\t\t\t<div class=\"elementor-column elementor-col-33 elementor-top-column elementor-element elementor-element-d682e0e\" data-id=\"d682e0e\" data-element_type=\"column\" data-e-type=\"column\">\n\t\t\t<div class=\"elementor-widget-wrap elementor-element-populated\">\n\t\t\t\t\t\t<div class=\"elementor-element elementor-element-8584653 elementor-widget elementor-widget-image\" data-id=\"8584653\" data-element_type=\"widget\" data-e-type=\"widget\" data-widget_type=\"image.default\">\n\t\t\t\t<div class=\"elementor-widget-container\">\n\t\t\t\t\t\t\t\t\t\t\t\t\t\t\t<img loading=\"lazy\" decoding=\"async\" width=\"973\" height=\"292\" src=\"https:\/\/nextgeneration.paeria.cat\/web\/wp-content\/uploads\/2022\/11\/logo-catala.png\" class=\"attachment-large size-large wp-image-2112\" alt=\"Pla de Recuperaci\u00f3, Transformaci\u00f3 i Resili\u00e8ncia. Gobierno de Espa\u00f1a.\" srcset=\"https:\/\/nextgeneration.paeria.cat\/web\/wp-content\/uploads\/2022\/11\/logo-catala.png 973w, https:\/\/nextgeneration.paeria.cat\/web\/wp-content\/uploads\/2022\/11\/logo-catala-300x90.png 300w, https:\/\/nextgeneration.paeria.cat\/web\/wp-content\/uploads\/2022\/11\/logo-catala-768x230.png 768w\" sizes=\"(max-width: 973px) 100vw, 973px\" \/>\t\t\t\t\t\t\t\t\t\t\t\t\t\t\t<\/div>\n\t\t\t\t<\/div>\n\t\t\t\t\t<\/div>\n\t\t<\/div>\n\t\t\t\t<div class=\"elementor-column elementor-col-33 elementor-top-column elementor-element elementor-element-5854b81\" data-id=\"5854b81\" data-element_type=\"column\" data-e-type=\"column\">\n\t\t\t<div class=\"elementor-widget-wrap elementor-element-populated\">\n\t\t\t\t\t\t<div class=\"elementor-element elementor-element-d593b3e elementor-widget elementor-widget-image\" data-id=\"d593b3e\" data-element_type=\"widget\" data-e-type=\"widget\" data-widget_type=\"image.default\">\n\t\t\t\t<div class=\"elementor-widget-container\">\n\t\t\t\t\t\t\t\t\t\t\t\t\t\t\t<img loading=\"lazy\" decoding=\"async\" width=\"1024\" height=\"274\" src=\"https:\/\/nextgeneration.paeria.cat\/web\/wp-content\/uploads\/2022\/11\/MTMAU.Gob_-1024x274.jpg\" class=\"attachment-large size-large wp-image-1885\" alt=\"Logotip del Ministerio de Transportes, Movilidad y Agenda urbana\" srcset=\"https:\/\/nextgeneration.paeria.cat\/web\/wp-content\/uploads\/2022\/11\/MTMAU.Gob_-1024x274.jpg 1024w, https:\/\/nextgeneration.paeria.cat\/web\/wp-content\/uploads\/2022\/11\/MTMAU.Gob_-300x80.jpg 300w, https:\/\/nextgeneration.paeria.cat\/web\/wp-content\/uploads\/2022\/11\/MTMAU.Gob_-768x205.jpg 768w, https:\/\/nextgeneration.paeria.cat\/web\/wp-content\/uploads\/2022\/11\/MTMAU.Gob_-1536x411.jpg 1536w, https:\/\/nextgeneration.paeria.cat\/web\/wp-content\/uploads\/2022\/11\/MTMAU.Gob_.jpg 2008w\" sizes=\"(max-width: 1024px) 100vw, 1024px\" \/>\t\t\t\t\t\t\t\t\t\t\t\t\t\t\t<\/div>\n\t\t\t\t<\/div>\n\t\t\t\t\t<\/div>\n\t\t<\/div>\n\t\t\t\t\t<\/div>\n\t\t<\/section>\n\t\t\t\t<section class=\"elementor-section elementor-top-section elementor-element elementor-element-6a1346d elementor-section-boxed elementor-section-height-default elementor-section-height-default\" data-id=\"6a1346d\" data-element_type=\"section\" data-e-type=\"section\">\n\t\t\t\t\t\t<div class=\"elementor-container elementor-column-gap-default\">\n\t\t\t\t\t<div class=\"elementor-column elementor-col-100 elementor-top-column elementor-element elementor-element-6ffbb31\" data-id=\"6ffbb31\" data-element_type=\"column\" data-e-type=\"column\">\n\t\t\t<div class=\"elementor-widget-wrap\">\n\t\t\t\t\t\t\t<\/div>\n\t\t<\/div>\n\t\t\t\t\t<\/div>\n\t\t<\/section>\n\t\t\t\t<section class=\"elementor-section elementor-top-section elementor-element elementor-element-5db44a0 elementor-section-boxed elementor-section-height-default elementor-section-height-default\" data-id=\"5db44a0\" data-element_type=\"section\" data-e-type=\"section\">\n\t\t\t\t\t\t<div class=\"elementor-container elementor-column-gap-default\">\n\t\t\t\t\t<div class=\"elementor-column elementor-col-33 elementor-top-column elementor-element elementor-element-ff4563c\" data-id=\"ff4563c\" data-element_type=\"column\" data-e-type=\"column\">\n\t\t\t<div class=\"elementor-widget-wrap elementor-element-populated\">\n\t\t\t\t\t\t<div class=\"elementor-element elementor-element-f9ba38d elementor-widget elementor-widget-image\" data-id=\"f9ba38d\" data-element_type=\"widget\" data-e-type=\"widget\" data-widget_type=\"image.default\">\n\t\t\t\t<div class=\"elementor-widget-container\">\n\t\t\t\t\t\t\t\t\t\t\t\t\t\t\t<img loading=\"lazy\" decoding=\"async\" width=\"873\" height=\"255\" src=\"https:\/\/nextgeneration.paeria.cat\/web\/wp-content\/uploads\/2023\/12\/Financat-per-la-Unio-Europea.jpg\" class=\"attachment-large size-large wp-image-5239\" alt=\"\" srcset=\"https:\/\/nextgeneration.paeria.cat\/web\/wp-content\/uploads\/2023\/12\/Financat-per-la-Unio-Europea.jpg 873w, https:\/\/nextgeneration.paeria.cat\/web\/wp-content\/uploads\/2023\/12\/Financat-per-la-Unio-Europea-300x88.jpg 300w, https:\/\/nextgeneration.paeria.cat\/web\/wp-content\/uploads\/2023\/12\/Financat-per-la-Unio-Europea-768x224.jpg 768w\" sizes=\"(max-width: 873px) 100vw, 873px\" \/>\t\t\t\t\t\t\t\t\t\t\t\t\t\t\t<\/div>\n\t\t\t\t<\/div>\n\t\t\t\t\t<\/div>\n\t\t<\/div>\n\t\t\t\t<div class=\"elementor-column elementor-col-33 elementor-top-column elementor-element elementor-element-83bbcd8\" data-id=\"83bbcd8\" data-element_type=\"column\" data-e-type=\"column\">\n\t\t\t<div class=\"elementor-widget-wrap elementor-element-populated\">\n\t\t\t\t\t\t<div class=\"elementor-element elementor-element-b393998 elementor-widget elementor-widget-image\" data-id=\"b393998\" data-element_type=\"widget\" data-e-type=\"widget\" data-widget_type=\"image.default\">\n\t\t\t\t<div class=\"elementor-widget-container\">\n\t\t\t\t\t\t\t\t\t\t\t\t\t\t\t<img loading=\"lazy\" decoding=\"async\" width=\"973\" height=\"292\" src=\"https:\/\/nextgeneration.paeria.cat\/web\/wp-content\/uploads\/2022\/11\/logo-catala.png\" class=\"attachment-large size-large wp-image-2112\" alt=\"Pla de Recuperaci\u00f3, Transformaci\u00f3 i Resili\u00e8ncia. Gobierno de Espa\u00f1a.\" srcset=\"https:\/\/nextgeneration.paeria.cat\/web\/wp-content\/uploads\/2022\/11\/logo-catala.png 973w, https:\/\/nextgeneration.paeria.cat\/web\/wp-content\/uploads\/2022\/11\/logo-catala-300x90.png 300w, https:\/\/nextgeneration.paeria.cat\/web\/wp-content\/uploads\/2022\/11\/logo-catala-768x230.png 768w\" sizes=\"(max-width: 973px) 100vw, 973px\" \/>\t\t\t\t\t\t\t\t\t\t\t\t\t\t\t<\/div>\n\t\t\t\t<\/div>\n\t\t\t\t\t<\/div>\n\t\t<\/div>\n\t\t\t\t<div class=\"elementor-column elementor-col-33 elementor-top-column elementor-element elementor-element-26469ed\" data-id=\"26469ed\" data-element_type=\"column\" data-e-type=\"column\">\n\t\t\t<div class=\"elementor-widget-wrap elementor-element-populated\">\n\t\t\t\t\t\t<div class=\"elementor-element elementor-element-979ea06 elementor-widget elementor-widget-image\" data-id=\"979ea06\" data-element_type=\"widget\" data-e-type=\"widget\" data-widget_type=\"image.default\">\n\t\t\t\t<div class=\"elementor-widget-container\">\n\t\t\t\t\t\t\t\t\t\t\t\t\t\t\t<img loading=\"lazy\" decoding=\"async\" width=\"798\" height=\"151\" src=\"https:\/\/nextgeneration.paeria.cat\/web\/wp-content\/uploads\/2023\/03\/Logotipo_de_la_Secretaria_de_Estado_de_Turismo.png\" class=\"attachment-large size-large wp-image-3464\" alt=\"Ministerio de Industria, Comercio y Turismo. Secretar\u00eda de Estado de Turismo. Gobierno de Espa\u00f1a.\" srcset=\"https:\/\/nextgeneration.paeria.cat\/web\/wp-content\/uploads\/2023\/03\/Logotipo_de_la_Secretaria_de_Estado_de_Turismo.png 798w, https:\/\/nextgeneration.paeria.cat\/web\/wp-content\/uploads\/2023\/03\/Logotipo_de_la_Secretaria_de_Estado_de_Turismo-300x57.png 300w, https:\/\/nextgeneration.paeria.cat\/web\/wp-content\/uploads\/2023\/03\/Logotipo_de_la_Secretaria_de_Estado_de_Turismo-768x145.png 768w\" sizes=\"(max-width: 798px) 100vw, 798px\" \/>\t\t\t\t\t\t\t\t\t\t\t\t\t\t\t<\/div>\n\t\t\t\t<\/div>\n\t\t\t\t\t<\/div>\n\t\t<\/div>\n\t\t\t\t\t<\/div>\n\t\t<\/section>\n\t\t\t\t<\/div>\n\t\t","protected":false},"excerpt":{"rendered":"<p>El projecte, presentat avui per l\u2019alcalde Larrosa, preveu engegar accions de dinamitzaci\u00f3 econ\u00f2mica, comercial, tur\u00edstica i cultural per potenciar tot aquest sector de la ciutat, que ser\u00e0 declarat zona d\u2019inter\u00e8s singular Inclou tamb\u00e9 actuaci\u00f3 urban\u00edstica d\u2019ampliaci\u00f3 de l\u2019espai per a vianants, que permetr\u00e0 disposar d\u2019una gran pla\u00e7a per a activitats i esdeveniments culturals i socials &#8230; <a title=\"La Paeria impulsa la revitalitzaci\u00f3 de la rambla de Ferran\" class=\"read-more\" href=\"https:\/\/nextgeneration.paeria.cat\/web\/la-paeria-impulsa-la-revitalitzacio-de-la-rambla-de-ferran\/\" aria-label=\"M\u00e9s informaci\u00f3 sobre La Paeria impulsa la revitalitzaci\u00f3 de la rambla de Ferran\">Llegiu m\u00e9s<\/a><\/p>\n","protected":false},"author":6,"featured_media":6452,"comment_status":"closed","ping_status":"closed","sticky":false,"template":"","format":"standard","meta":{"_sitemap_exclude":false,"_sitemap_priority":"","_sitemap_frequency":"","footnotes":""},"categories":[4],"tags":[],"class_list":["post-6449","post","type-post","status-publish","format-standard","has-post-thumbnail","hentry","category-noticies"],"yoast_head":"<!-- This site is optimized with the Yoast SEO plugin v27.5 - https:\/\/yoast.com\/product\/yoast-seo-wordpress\/ -->\n<title>La Paeria impulsa la revitalitzaci\u00f3 de la rambla de Ferran - Next Generation Lleida - Propostes de projectes - La Paeria - Ajuntament de Lleida<\/title>\n<meta name=\"robots\" content=\"index, follow, max-snippet:-1, max-image-preview:large, max-video-preview:-1\" \/>\n<link rel=\"canonical\" href=\"https:\/\/nextgeneration.paeria.cat\/web\/la-paeria-impulsa-la-revitalitzacio-de-la-rambla-de-ferran\/\" \/>\n<meta property=\"og:locale\" content=\"ca_ES\" \/>\n<meta property=\"og:type\" content=\"article\" \/>\n<meta property=\"og:title\" content=\"La Paeria impulsa la revitalitzaci\u00f3 de la rambla de Ferran - Next Generation Lleida - Propostes de projectes - La Paeria - Ajuntament de Lleida\" \/>\n<meta property=\"og:description\" content=\"El projecte, presentat avui per l\u2019alcalde Larrosa, preveu engegar accions de dinamitzaci\u00f3 econ\u00f2mica, comercial, tur\u00edstica i cultural per potenciar tot aquest sector de la ciutat, que ser\u00e0 declarat zona d\u2019inter\u00e8s singular Inclou tamb\u00e9 actuaci\u00f3 urban\u00edstica d\u2019ampliaci\u00f3 de l\u2019espai per a vianants, que permetr\u00e0 disposar d\u2019una gran pla\u00e7a per a activitats i esdeveniments culturals i socials ... Llegiu m\u00e9s\" \/>\n<meta property=\"og:url\" content=\"https:\/\/nextgeneration.paeria.cat\/web\/la-paeria-impulsa-la-revitalitzacio-de-la-rambla-de-ferran\/\" \/>\n<meta property=\"og:site_name\" content=\"Next Generation Lleida - Propostes de projectes - La Paeria - Ajuntament de Lleida\" \/>\n<meta property=\"article:published_time\" content=\"2024-05-22T18:00:00+00:00\" \/>\n<meta property=\"article:modified_time\" content=\"2024-05-23T10:07:03+00:00\" \/>\n<meta property=\"og:image\" content=\"https:\/\/nextgeneration.paeria.cat\/web\/wp-content\/uploads\/2024\/05\/1_DSC01148.jpg\" \/>\n\t<meta property=\"og:image:width\" content=\"1908\" \/>\n\t<meta property=\"og:image:height\" content=\"1275\" \/>\n\t<meta property=\"og:image:type\" content=\"image\/jpeg\" \/>\n<meta name=\"author\" content=\"Dolors Ortin\" \/>\n<meta name=\"twitter:card\" content=\"summary_large_image\" \/>\n<meta name=\"twitter:label1\" content=\"Escrit per\" \/>\n\t<meta name=\"twitter:data1\" content=\"Dolors Ortin\" \/>\n\t<meta name=\"twitter:label2\" content=\"Temps estimat de lectura\" \/>\n\t<meta name=\"twitter:data2\" content=\"9 minuts\" \/>\n<script type=\"application\/ld+json\" class=\"yoast-schema-graph\">{\"@context\":\"https:\\\/\\\/schema.org\",\"@graph\":[{\"@type\":\"Article\",\"@id\":\"https:\\\/\\\/nextgeneration.paeria.cat\\\/web\\\/la-paeria-impulsa-la-revitalitzacio-de-la-rambla-de-ferran\\\/#article\",\"isPartOf\":{\"@id\":\"https:\\\/\\\/nextgeneration.paeria.cat\\\/web\\\/la-paeria-impulsa-la-revitalitzacio-de-la-rambla-de-ferran\\\/\"},\"author\":{\"name\":\"Dolors Ortin\",\"@id\":\"https:\\\/\\\/nextgeneration.paeria.cat\\\/web\\\/#\\\/schema\\\/person\\\/d0869853685f5118a45408d600973c20\"},\"headline\":\"La Paeria impulsa la revitalitzaci\u00f3 de la rambla de Ferran\",\"datePublished\":\"2024-05-22T18:00:00+00:00\",\"dateModified\":\"2024-05-23T10:07:03+00:00\",\"mainEntityOfPage\":{\"@id\":\"https:\\\/\\\/nextgeneration.paeria.cat\\\/web\\\/la-paeria-impulsa-la-revitalitzacio-de-la-rambla-de-ferran\\\/\"},\"wordCount\":1354,\"publisher\":{\"@id\":\"https:\\\/\\\/nextgeneration.paeria.cat\\\/web\\\/#organization\"},\"image\":{\"@id\":\"https:\\\/\\\/nextgeneration.paeria.cat\\\/web\\\/la-paeria-impulsa-la-revitalitzacio-de-la-rambla-de-ferran\\\/#primaryimage\"},\"thumbnailUrl\":\"https:\\\/\\\/nextgeneration.paeria.cat\\\/web\\\/wp-content\\\/uploads\\\/2024\\\/05\\\/1_DSC01148.jpg\",\"articleSection\":[\"Not\u00edcies\"],\"inLanguage\":\"ca\"},{\"@type\":\"WebPage\",\"@id\":\"https:\\\/\\\/nextgeneration.paeria.cat\\\/web\\\/la-paeria-impulsa-la-revitalitzacio-de-la-rambla-de-ferran\\\/\",\"url\":\"https:\\\/\\\/nextgeneration.paeria.cat\\\/web\\\/la-paeria-impulsa-la-revitalitzacio-de-la-rambla-de-ferran\\\/\",\"name\":\"La Paeria impulsa la revitalitzaci\u00f3 de la rambla de Ferran - Next Generation Lleida - Propostes de projectes - La Paeria - Ajuntament de Lleida\",\"isPartOf\":{\"@id\":\"https:\\\/\\\/nextgeneration.paeria.cat\\\/web\\\/#website\"},\"primaryImageOfPage\":{\"@id\":\"https:\\\/\\\/nextgeneration.paeria.cat\\\/web\\\/la-paeria-impulsa-la-revitalitzacio-de-la-rambla-de-ferran\\\/#primaryimage\"},\"image\":{\"@id\":\"https:\\\/\\\/nextgeneration.paeria.cat\\\/web\\\/la-paeria-impulsa-la-revitalitzacio-de-la-rambla-de-ferran\\\/#primaryimage\"},\"thumbnailUrl\":\"https:\\\/\\\/nextgeneration.paeria.cat\\\/web\\\/wp-content\\\/uploads\\\/2024\\\/05\\\/1_DSC01148.jpg\",\"datePublished\":\"2024-05-22T18:00:00+00:00\",\"dateModified\":\"2024-05-23T10:07:03+00:00\",\"breadcrumb\":{\"@id\":\"https:\\\/\\\/nextgeneration.paeria.cat\\\/web\\\/la-paeria-impulsa-la-revitalitzacio-de-la-rambla-de-ferran\\\/#breadcrumb\"},\"inLanguage\":\"ca\",\"potentialAction\":[{\"@type\":\"ReadAction\",\"target\":[\"https:\\\/\\\/nextgeneration.paeria.cat\\\/web\\\/la-paeria-impulsa-la-revitalitzacio-de-la-rambla-de-ferran\\\/\"]}]},{\"@type\":\"ImageObject\",\"inLanguage\":\"ca\",\"@id\":\"https:\\\/\\\/nextgeneration.paeria.cat\\\/web\\\/la-paeria-impulsa-la-revitalitzacio-de-la-rambla-de-ferran\\\/#primaryimage\",\"url\":\"https:\\\/\\\/nextgeneration.paeria.cat\\\/web\\\/wp-content\\\/uploads\\\/2024\\\/05\\\/1_DSC01148.jpg\",\"contentUrl\":\"https:\\\/\\\/nextgeneration.paeria.cat\\\/web\\\/wp-content\\\/uploads\\\/2024\\\/05\\\/1_DSC01148.jpg\",\"width\":1908,\"height\":1275},{\"@type\":\"BreadcrumbList\",\"@id\":\"https:\\\/\\\/nextgeneration.paeria.cat\\\/web\\\/la-paeria-impulsa-la-revitalitzacio-de-la-rambla-de-ferran\\\/#breadcrumb\",\"itemListElement\":[{\"@type\":\"ListItem\",\"position\":1,\"name\":\"Inici\",\"item\":\"https:\\\/\\\/nextgeneration.paeria.cat\\\/web\\\/\"},{\"@type\":\"ListItem\",\"position\":2,\"name\":\"La Paeria impulsa la revitalitzaci\u00f3 de la rambla de Ferran\"}]},{\"@type\":\"WebSite\",\"@id\":\"https:\\\/\\\/nextgeneration.paeria.cat\\\/web\\\/#website\",\"url\":\"https:\\\/\\\/nextgeneration.paeria.cat\\\/web\\\/\",\"name\":\"Next Generation Lleida - Propostes de projectes - La Paeria - Ajuntament de Lleida\",\"description\":\"\",\"publisher\":{\"@id\":\"https:\\\/\\\/nextgeneration.paeria.cat\\\/web\\\/#organization\"},\"potentialAction\":[{\"@type\":\"SearchAction\",\"target\":{\"@type\":\"EntryPoint\",\"urlTemplate\":\"https:\\\/\\\/nextgeneration.paeria.cat\\\/web\\\/?s={search_term_string}\"},\"query-input\":{\"@type\":\"PropertyValueSpecification\",\"valueRequired\":true,\"valueName\":\"search_term_string\"}}],\"inLanguage\":\"ca\"},{\"@type\":\"Organization\",\"@id\":\"https:\\\/\\\/nextgeneration.paeria.cat\\\/web\\\/#organization\",\"name\":\"Next Generation Lleida - Propostes de projectes - La Paeria - Ajuntament de Lleida\",\"url\":\"https:\\\/\\\/nextgeneration.paeria.cat\\\/web\\\/\",\"logo\":{\"@type\":\"ImageObject\",\"inLanguage\":\"ca\",\"@id\":\"https:\\\/\\\/nextgeneration.paeria.cat\\\/web\\\/#\\\/schema\\\/logo\\\/image\\\/\",\"url\":\"https:\\\/\\\/nextgeneration.paeria.cat\\\/web\\\/wp-content\\\/uploads\\\/2023\\\/09\\\/cropped-titol.png\",\"contentUrl\":\"https:\\\/\\\/nextgeneration.paeria.cat\\\/web\\\/wp-content\\\/uploads\\\/2023\\\/09\\\/cropped-titol.png\",\"width\":1100,\"height\":220,\"caption\":\"Next Generation Lleida - Propostes de projectes - La Paeria - Ajuntament de Lleida\"},\"image\":{\"@id\":\"https:\\\/\\\/nextgeneration.paeria.cat\\\/web\\\/#\\\/schema\\\/logo\\\/image\\\/\"}},{\"@type\":\"Person\",\"@id\":\"https:\\\/\\\/nextgeneration.paeria.cat\\\/web\\\/#\\\/schema\\\/person\\\/d0869853685f5118a45408d600973c20\",\"name\":\"Dolors Ortin\",\"image\":{\"@type\":\"ImageObject\",\"inLanguage\":\"ca\",\"@id\":\"https:\\\/\\\/secure.gravatar.com\\\/avatar\\\/92d49973a2d8eb61ac1cdb6a9d672367fc65859e811d5e4b3ec4f92ef8f1d091?s=96&d=mm&r=g\",\"url\":\"https:\\\/\\\/secure.gravatar.com\\\/avatar\\\/92d49973a2d8eb61ac1cdb6a9d672367fc65859e811d5e4b3ec4f92ef8f1d091?s=96&d=mm&r=g\",\"contentUrl\":\"https:\\\/\\\/secure.gravatar.com\\\/avatar\\\/92d49973a2d8eb61ac1cdb6a9d672367fc65859e811d5e4b3ec4f92ef8f1d091?s=96&d=mm&r=g\",\"caption\":\"Dolors Ortin\"}}]}<\/script>\n<!-- \/ Yoast SEO plugin. -->","yoast_head_json":{"title":"La Paeria impulsa la revitalitzaci\u00f3 de la rambla de Ferran - Next Generation Lleida - Propostes de projectes - La Paeria - Ajuntament de Lleida","robots":{"index":"index","follow":"follow","max-snippet":"max-snippet:-1","max-image-preview":"max-image-preview:large","max-video-preview":"max-video-preview:-1"},"canonical":"https:\/\/nextgeneration.paeria.cat\/web\/la-paeria-impulsa-la-revitalitzacio-de-la-rambla-de-ferran\/","og_locale":"ca_ES","og_type":"article","og_title":"La Paeria impulsa la revitalitzaci\u00f3 de la rambla de Ferran - Next Generation Lleida - Propostes de projectes - La Paeria - Ajuntament de Lleida","og_description":"El projecte, presentat avui per l\u2019alcalde Larrosa, preveu engegar accions de dinamitzaci\u00f3 econ\u00f2mica, comercial, tur\u00edstica i cultural per potenciar tot aquest sector de la ciutat, que ser\u00e0 declarat zona d\u2019inter\u00e8s singular Inclou tamb\u00e9 actuaci\u00f3 urban\u00edstica d\u2019ampliaci\u00f3 de l\u2019espai per a vianants, que permetr\u00e0 disposar d\u2019una gran pla\u00e7a per a activitats i esdeveniments culturals i socials ... Llegiu m\u00e9s","og_url":"https:\/\/nextgeneration.paeria.cat\/web\/la-paeria-impulsa-la-revitalitzacio-de-la-rambla-de-ferran\/","og_site_name":"Next Generation Lleida - Propostes de projectes - La Paeria - Ajuntament de Lleida","article_published_time":"2024-05-22T18:00:00+00:00","article_modified_time":"2024-05-23T10:07:03+00:00","og_image":[{"width":1908,"height":1275,"url":"https:\/\/nextgeneration.paeria.cat\/web\/wp-content\/uploads\/2024\/05\/1_DSC01148.jpg","type":"image\/jpeg"}],"author":"Dolors Ortin","twitter_card":"summary_large_image","twitter_misc":{"Escrit per":"Dolors Ortin","Temps estimat de lectura":"9 minuts"},"schema":{"@context":"https:\/\/schema.org","@graph":[{"@type":"Article","@id":"https:\/\/nextgeneration.paeria.cat\/web\/la-paeria-impulsa-la-revitalitzacio-de-la-rambla-de-ferran\/#article","isPartOf":{"@id":"https:\/\/nextgeneration.paeria.cat\/web\/la-paeria-impulsa-la-revitalitzacio-de-la-rambla-de-ferran\/"},"author":{"name":"Dolors Ortin","@id":"https:\/\/nextgeneration.paeria.cat\/web\/#\/schema\/person\/d0869853685f5118a45408d600973c20"},"headline":"La Paeria impulsa la revitalitzaci\u00f3 de la rambla de Ferran","datePublished":"2024-05-22T18:00:00+00:00","dateModified":"2024-05-23T10:07:03+00:00","mainEntityOfPage":{"@id":"https:\/\/nextgeneration.paeria.cat\/web\/la-paeria-impulsa-la-revitalitzacio-de-la-rambla-de-ferran\/"},"wordCount":1354,"publisher":{"@id":"https:\/\/nextgeneration.paeria.cat\/web\/#organization"},"image":{"@id":"https:\/\/nextgeneration.paeria.cat\/web\/la-paeria-impulsa-la-revitalitzacio-de-la-rambla-de-ferran\/#primaryimage"},"thumbnailUrl":"https:\/\/nextgeneration.paeria.cat\/web\/wp-content\/uploads\/2024\/05\/1_DSC01148.jpg","articleSection":["Not\u00edcies"],"inLanguage":"ca"},{"@type":"WebPage","@id":"https:\/\/nextgeneration.paeria.cat\/web\/la-paeria-impulsa-la-revitalitzacio-de-la-rambla-de-ferran\/","url":"https:\/\/nextgeneration.paeria.cat\/web\/la-paeria-impulsa-la-revitalitzacio-de-la-rambla-de-ferran\/","name":"La Paeria impulsa la revitalitzaci\u00f3 de la rambla de Ferran - Next Generation Lleida - Propostes de projectes - La Paeria - Ajuntament de Lleida","isPartOf":{"@id":"https:\/\/nextgeneration.paeria.cat\/web\/#website"},"primaryImageOfPage":{"@id":"https:\/\/nextgeneration.paeria.cat\/web\/la-paeria-impulsa-la-revitalitzacio-de-la-rambla-de-ferran\/#primaryimage"},"image":{"@id":"https:\/\/nextgeneration.paeria.cat\/web\/la-paeria-impulsa-la-revitalitzacio-de-la-rambla-de-ferran\/#primaryimage"},"thumbnailUrl":"https:\/\/nextgeneration.paeria.cat\/web\/wp-content\/uploads\/2024\/05\/1_DSC01148.jpg","datePublished":"2024-05-22T18:00:00+00:00","dateModified":"2024-05-23T10:07:03+00:00","breadcrumb":{"@id":"https:\/\/nextgeneration.paeria.cat\/web\/la-paeria-impulsa-la-revitalitzacio-de-la-rambla-de-ferran\/#breadcrumb"},"inLanguage":"ca","potentialAction":[{"@type":"ReadAction","target":["https:\/\/nextgeneration.paeria.cat\/web\/la-paeria-impulsa-la-revitalitzacio-de-la-rambla-de-ferran\/"]}]},{"@type":"ImageObject","inLanguage":"ca","@id":"https:\/\/nextgeneration.paeria.cat\/web\/la-paeria-impulsa-la-revitalitzacio-de-la-rambla-de-ferran\/#primaryimage","url":"https:\/\/nextgeneration.paeria.cat\/web\/wp-content\/uploads\/2024\/05\/1_DSC01148.jpg","contentUrl":"https:\/\/nextgeneration.paeria.cat\/web\/wp-content\/uploads\/2024\/05\/1_DSC01148.jpg","width":1908,"height":1275},{"@type":"BreadcrumbList","@id":"https:\/\/nextgeneration.paeria.cat\/web\/la-paeria-impulsa-la-revitalitzacio-de-la-rambla-de-ferran\/#breadcrumb","itemListElement":[{"@type":"ListItem","position":1,"name":"Inici","item":"https:\/\/nextgeneration.paeria.cat\/web\/"},{"@type":"ListItem","position":2,"name":"La Paeria impulsa la revitalitzaci\u00f3 de la rambla de Ferran"}]},{"@type":"WebSite","@id":"https:\/\/nextgeneration.paeria.cat\/web\/#website","url":"https:\/\/nextgeneration.paeria.cat\/web\/","name":"Next Generation Lleida - Propostes de projectes - La Paeria - Ajuntament de Lleida","description":"","publisher":{"@id":"https:\/\/nextgeneration.paeria.cat\/web\/#organization"},"potentialAction":[{"@type":"SearchAction","target":{"@type":"EntryPoint","urlTemplate":"https:\/\/nextgeneration.paeria.cat\/web\/?s={search_term_string}"},"query-input":{"@type":"PropertyValueSpecification","valueRequired":true,"valueName":"search_term_string"}}],"inLanguage":"ca"},{"@type":"Organization","@id":"https:\/\/nextgeneration.paeria.cat\/web\/#organization","name":"Next Generation Lleida - Propostes de projectes - La Paeria - Ajuntament de Lleida","url":"https:\/\/nextgeneration.paeria.cat\/web\/","logo":{"@type":"ImageObject","inLanguage":"ca","@id":"https:\/\/nextgeneration.paeria.cat\/web\/#\/schema\/logo\/image\/","url":"https:\/\/nextgeneration.paeria.cat\/web\/wp-content\/uploads\/2023\/09\/cropped-titol.png","contentUrl":"https:\/\/nextgeneration.paeria.cat\/web\/wp-content\/uploads\/2023\/09\/cropped-titol.png","width":1100,"height":220,"caption":"Next Generation Lleida - Propostes de projectes - La Paeria - Ajuntament de Lleida"},"image":{"@id":"https:\/\/nextgeneration.paeria.cat\/web\/#\/schema\/logo\/image\/"}},{"@type":"Person","@id":"https:\/\/nextgeneration.paeria.cat\/web\/#\/schema\/person\/d0869853685f5118a45408d600973c20","name":"Dolors Ortin","image":{"@type":"ImageObject","inLanguage":"ca","@id":"https:\/\/secure.gravatar.com\/avatar\/92d49973a2d8eb61ac1cdb6a9d672367fc65859e811d5e4b3ec4f92ef8f1d091?s=96&d=mm&r=g","url":"https:\/\/secure.gravatar.com\/avatar\/92d49973a2d8eb61ac1cdb6a9d672367fc65859e811d5e4b3ec4f92ef8f1d091?s=96&d=mm&r=g","contentUrl":"https:\/\/secure.gravatar.com\/avatar\/92d49973a2d8eb61ac1cdb6a9d672367fc65859e811d5e4b3ec4f92ef8f1d091?s=96&d=mm&r=g","caption":"Dolors Ortin"}}]}},"_links":{"self":[{"href":"https:\/\/nextgeneration.paeria.cat\/web\/wp-json\/wp\/v2\/posts\/6449","targetHints":{"allow":["GET"]}}],"collection":[{"href":"https:\/\/nextgeneration.paeria.cat\/web\/wp-json\/wp\/v2\/posts"}],"about":[{"href":"https:\/\/nextgeneration.paeria.cat\/web\/wp-json\/wp\/v2\/types\/post"}],"author":[{"embeddable":true,"href":"https:\/\/nextgeneration.paeria.cat\/web\/wp-json\/wp\/v2\/users\/6"}],"replies":[{"embeddable":true,"href":"https:\/\/nextgeneration.paeria.cat\/web\/wp-json\/wp\/v2\/comments?post=6449"}],"version-history":[{"count":8,"href":"https:\/\/nextgeneration.paeria.cat\/web\/wp-json\/wp\/v2\/posts\/6449\/revisions"}],"predecessor-version":[{"id":6467,"href":"https:\/\/nextgeneration.paeria.cat\/web\/wp-json\/wp\/v2\/posts\/6449\/revisions\/6467"}],"wp:featuredmedia":[{"embeddable":true,"href":"https:\/\/nextgeneration.paeria.cat\/web\/wp-json\/wp\/v2\/media\/6452"}],"wp:attachment":[{"href":"https:\/\/nextgeneration.paeria.cat\/web\/wp-json\/wp\/v2\/media?parent=6449"}],"wp:term":[{"taxonomy":"category","embeddable":true,"href":"https:\/\/nextgeneration.paeria.cat\/web\/wp-json\/wp\/v2\/categories?post=6449"},{"taxonomy":"post_tag","embeddable":true,"href":"https:\/\/nextgeneration.paeria.cat\/web\/wp-json\/wp\/v2\/tags?post=6449"}],"curies":[{"name":"wp","href":"https:\/\/api.w.org\/{rel}","templated":true}]}}