{"id":6485,"date":"2024-05-30T15:00:00","date_gmt":"2024-05-30T13:00:00","guid":{"rendered":"https:\/\/nextgeneration.paeria.cat\/web\/?p=6485"},"modified":"2024-05-31T13:37:29","modified_gmt":"2024-05-31T11:37:29","slug":"cloenda-del-programa-dones-riu-de-linstitut-municipal-docupacio-salvador-segui","status":"publish","type":"post","link":"https:\/\/nextgeneration.paeria.cat\/web\/cloenda-del-programa-dones-riu-de-linstitut-municipal-docupacio-salvador-segui\/","title":{"rendered":"Cloenda del Programa DONES RIU de l\u2019Institut Municipal d\u2019Ocupaci\u00f3 Salvador Segu\u00ed"},"content":{"rendered":"\t\t<div data-elementor-type=\"wp-post\" data-elementor-id=\"6485\" class=\"elementor elementor-6485\">\n\t\t\t\t\t\t<section class=\"elementor-section elementor-top-section elementor-element elementor-element-a45c10b elementor-section-boxed elementor-section-height-default elementor-section-height-default\" data-id=\"a45c10b\" data-element_type=\"section\" data-e-type=\"section\">\n\t\t\t\t\t\t<div class=\"elementor-container elementor-column-gap-default\">\n\t\t\t\t\t<div class=\"elementor-column elementor-col-100 elementor-top-column elementor-element elementor-element-1615ff8\" data-id=\"1615ff8\" data-element_type=\"column\" data-e-type=\"column\">\n\t\t\t<div class=\"elementor-widget-wrap elementor-element-populated\">\n\t\t\t\t\t\t<div class=\"elementor-element elementor-element-fbe6637 elementor-widget elementor-widget-text-editor\" data-id=\"fbe6637\" data-element_type=\"widget\" data-e-type=\"widget\" data-widget_type=\"text-editor.default\">\n\t\t\t\t<div class=\"elementor-widget-container\">\n\t\t\t\t\t\t\t\t\t<p><strong>S&#8217;han lliurat els diplomes a les dones participants en aquest programa, iniciat el juny del 2023 i subvencionat amb fons NextGenerationEU i el PRTR<\/strong><\/p><p>L\u2019<a href=\"https:\/\/imolleida.com\/\" target=\"_blank\" rel=\"noopener\">Institut Municipal d\u2019Ocupaci\u00f3 Salvador Segu\u00ed<\/a> ha clos aquest dijous el programa DONES RIU, que dona suoprt a dones en els \u00e0mbits rural i urb\u00e0, amb el lliurament de diplomes. A l\u2019acte, hi han assistit les dones participants, les t\u00e8cniques orientadores i els formadors i formadores.<\/p><p>En aquesta edici\u00f3 del programa, s\u2019han at\u00e8s 40 dones de diferents poblacions de la comarca. A part de les tutories d\u2019acompanyament a la inserci\u00f3, s\u2019han realitzat 15 tallers en compet\u00e8ncies digitals, 6 en economia verda i sessions de compet\u00e8ncies transversals i d\u2019informaci\u00f3 sobre el mercat de treball. Els resultats han estat molt positius, amb la incorporaci\u00f3 de 18 dones al mercat de treball i 4 al sistema educatiu ocupacional.<\/p><p>El programa, que va comen\u00e7ar el juny del 2023, ha ofert un servei personalitzat d&#8217;orientaci\u00f3 i acompanyament per a la inserci\u00f3 laboral i estava adre\u00e7at a dones en situaci\u00f3 d\u2019atur de la comarca del Segri\u00e0.<\/p><p>El Servei P\u00fablic d&#8217;Ocupaci\u00f3 de Catalunya promou aquest programa, en el marc del Pla de Recuperaci\u00f3, Transformaci\u00f3 i Resili\u00e8ncia (PRTR) de l&#8217;Estat i finan\u00e7at pels fons europeus NextGenerationEU.<\/p>\t\t\t\t\t\t\t\t<\/div>\n\t\t\t\t<\/div>\n\t\t\t\t\t<\/div>\n\t\t<\/div>\n\t\t\t\t\t<\/div>\n\t\t<\/section>\n\t\t\t\t<section class=\"elementor-section elementor-top-section elementor-element elementor-element-a781ed5 elementor-section-boxed elementor-section-height-default elementor-section-height-default\" data-id=\"a781ed5\" data-element_type=\"section\" data-e-type=\"section\">\n\t\t\t\t\t\t<div class=\"elementor-container elementor-column-gap-default\">\n\t\t\t\t\t<div class=\"elementor-column elementor-col-25 elementor-top-column elementor-element elementor-element-891da33\" data-id=\"891da33\" data-element_type=\"column\" data-e-type=\"column\">\n\t\t\t<div class=\"elementor-widget-wrap elementor-element-populated\">\n\t\t\t\t\t\t<div class=\"elementor-element elementor-element-1fe72f0 elementor-widget elementor-widget-image\" data-id=\"1fe72f0\" data-element_type=\"widget\" data-e-type=\"widget\" data-widget_type=\"image.default\">\n\t\t\t\t<div class=\"elementor-widget-container\">\n\t\t\t\t\t\t\t\t\t\t\t\t\t\t\t<img fetchpriority=\"high\" decoding=\"async\" width=\"873\" height=\"255\" src=\"https:\/\/nextgeneration.paeria.cat\/web\/wp-content\/uploads\/2022\/11\/Financat-per-la-Unio-Europea.jpg\" class=\"attachment-large size-large wp-image-1883\" alt=\"Logo Uni\u00f3 Europea NextGeneration\" srcset=\"https:\/\/nextgeneration.paeria.cat\/web\/wp-content\/uploads\/2022\/11\/Financat-per-la-Unio-Europea.jpg 873w, https:\/\/nextgeneration.paeria.cat\/web\/wp-content\/uploads\/2022\/11\/Financat-per-la-Unio-Europea-300x88.jpg 300w, https:\/\/nextgeneration.paeria.cat\/web\/wp-content\/uploads\/2022\/11\/Financat-per-la-Unio-Europea-768x224.jpg 768w\" sizes=\"(max-width: 873px) 100vw, 873px\" \/>\t\t\t\t\t\t\t\t\t\t\t\t\t\t\t<\/div>\n\t\t\t\t<\/div>\n\t\t\t\t\t<\/div>\n\t\t<\/div>\n\t\t\t\t<div class=\"elementor-column elementor-col-25 elementor-top-column elementor-element elementor-element-c82c55a\" data-id=\"c82c55a\" data-element_type=\"column\" data-e-type=\"column\">\n\t\t\t<div class=\"elementor-widget-wrap elementor-element-populated\">\n\t\t\t\t\t\t<div class=\"elementor-element elementor-element-8584653 elementor-widget elementor-widget-image\" data-id=\"8584653\" data-element_type=\"widget\" data-e-type=\"widget\" data-widget_type=\"image.default\">\n\t\t\t\t<div class=\"elementor-widget-container\">\n\t\t\t\t\t\t\t\t\t\t\t\t\t\t\t<img decoding=\"async\" width=\"748\" height=\"229\" src=\"https:\/\/nextgeneration.paeria.cat\/web\/wp-content\/uploads\/2023\/11\/PRTR-CATALA-3-linies-1.jpg\" class=\"attachment-large size-large wp-image-5065\" alt=\"\" srcset=\"https:\/\/nextgeneration.paeria.cat\/web\/wp-content\/uploads\/2023\/11\/PRTR-CATALA-3-linies-1.jpg 748w, https:\/\/nextgeneration.paeria.cat\/web\/wp-content\/uploads\/2023\/11\/PRTR-CATALA-3-linies-1-300x92.jpg 300w\" sizes=\"(max-width: 748px) 100vw, 748px\" \/>\t\t\t\t\t\t\t\t\t\t\t\t\t\t\t<\/div>\n\t\t\t\t<\/div>\n\t\t\t\t\t<\/div>\n\t\t<\/div>\n\t\t\t\t<div class=\"elementor-column elementor-col-25 elementor-top-column elementor-element elementor-element-c18412b\" data-id=\"c18412b\" data-element_type=\"column\" data-e-type=\"column\">\n\t\t\t<div class=\"elementor-widget-wrap elementor-element-populated\">\n\t\t\t\t\t\t<div class=\"elementor-element elementor-element-9d9cb22 elementor-widget elementor-widget-image\" data-id=\"9d9cb22\" data-element_type=\"widget\" data-e-type=\"widget\" data-widget_type=\"image.default\">\n\t\t\t\t<div class=\"elementor-widget-container\">\n\t\t\t\t\t\t\t\t\t\t\t\t\t\t\t<img decoding=\"async\" src=\"https:\/\/nextgeneration.paeria.cat\/web\/wp-content\/uploads\/elementor\/thumbs\/logo-Ministeri-Mobilitat-qfb5ydnomoserk2rse9gt2nmasc0d2g253cadgqo00.jpg\" title=\"logo Ministeri Mobilitat\" alt=\"logo Ministeri Mobilitat\" loading=\"lazy\" \/>\t\t\t\t\t\t\t\t\t\t\t\t\t\t\t<\/div>\n\t\t\t\t<\/div>\n\t\t\t\t\t<\/div>\n\t\t<\/div>\n\t\t\t\t<div class=\"elementor-column elementor-col-25 elementor-top-column elementor-element elementor-element-a2e78c3\" data-id=\"a2e78c3\" data-element_type=\"column\" data-e-type=\"column\">\n\t\t\t<div class=\"elementor-widget-wrap elementor-element-populated\">\n\t\t\t\t\t\t<div class=\"elementor-element elementor-element-5b52bcc elementor-widget elementor-widget-image\" data-id=\"5b52bcc\" data-element_type=\"widget\" data-e-type=\"widget\" data-widget_type=\"image.default\">\n\t\t\t\t<div class=\"elementor-widget-container\">\n\t\t\t\t\t\t\t\t\t\t\t\t\t\t\t<img decoding=\"async\" src=\"https:\/\/nextgeneration.paeria.cat\/web\/wp-content\/uploads\/elementor\/thumbs\/LOGOSEPE-qfb5yuks1pfkkje71lkr1ydwzq0m7mb87f310g1kw0.jpg\" title=\"LOGOSEPE.jpg\" alt=\"Logo sepe\" loading=\"lazy\" \/>\t\t\t\t\t\t\t\t\t\t\t\t\t\t\t<\/div>\n\t\t\t\t<\/div>\n\t\t\t\t\t<\/div>\n\t\t<\/div>\n\t\t\t\t\t<\/div>\n\t\t<\/section>\n\t\t\t\t<section class=\"elementor-section elementor-top-section elementor-element elementor-element-2a1b878 elementor-section-boxed elementor-section-height-default elementor-section-height-default\" data-id=\"2a1b878\" data-element_type=\"section\" data-e-type=\"section\">\n\t\t\t\t\t\t<div class=\"elementor-container elementor-column-gap-default\">\n\t\t\t\t\t<div class=\"elementor-column elementor-col-25 elementor-top-column elementor-element elementor-element-d8e4b76\" data-id=\"d8e4b76\" data-element_type=\"column\" data-e-type=\"column\">\n\t\t\t<div class=\"elementor-widget-wrap elementor-element-populated\">\n\t\t\t\t\t\t<div class=\"elementor-element elementor-element-b5142b2 elementor-widget elementor-widget-image\" data-id=\"b5142b2\" data-element_type=\"widget\" data-e-type=\"widget\" data-widget_type=\"image.default\">\n\t\t\t\t<div class=\"elementor-widget-container\">\n\t\t\t\t\t\t\t\t\t\t\t\t\t\t\t<img decoding=\"async\" width=\"1024\" height=\"271\" src=\"https:\/\/nextgeneration.paeria.cat\/web\/wp-content\/uploads\/2023\/11\/NextGenerationCatalunya-1024x271.jpg\" class=\"attachment-large size-large wp-image-5045\" alt=\"\" srcset=\"https:\/\/nextgeneration.paeria.cat\/web\/wp-content\/uploads\/2023\/11\/NextGenerationCatalunya-1024x271.jpg 1024w, https:\/\/nextgeneration.paeria.cat\/web\/wp-content\/uploads\/2023\/11\/NextGenerationCatalunya-300x80.jpg 300w, https:\/\/nextgeneration.paeria.cat\/web\/wp-content\/uploads\/2023\/11\/NextGenerationCatalunya-768x204.jpg 768w, https:\/\/nextgeneration.paeria.cat\/web\/wp-content\/uploads\/2023\/11\/NextGenerationCatalunya.jpg 1026w\" sizes=\"(max-width: 1024px) 100vw, 1024px\" \/>\t\t\t\t\t\t\t\t\t\t\t\t\t\t\t<\/div>\n\t\t\t\t<\/div>\n\t\t\t\t\t<\/div>\n\t\t<\/div>\n\t\t\t\t<div class=\"elementor-column elementor-col-25 elementor-top-column elementor-element elementor-element-c1c78f7\" data-id=\"c1c78f7\" data-element_type=\"column\" data-e-type=\"column\">\n\t\t\t<div class=\"elementor-widget-wrap elementor-element-populated\">\n\t\t\t\t\t\t<div class=\"elementor-element elementor-element-49d8d01 elementor-widget elementor-widget-image\" data-id=\"49d8d01\" data-element_type=\"widget\" data-e-type=\"widget\" data-widget_type=\"image.default\">\n\t\t\t\t<div class=\"elementor-widget-container\">\n\t\t\t\t\t\t\t\t\t\t\t\t\t\t\t<img loading=\"lazy\" decoding=\"async\" width=\"1024\" height=\"263\" src=\"https:\/\/nextgeneration.paeria.cat\/web\/wp-content\/uploads\/2023\/11\/Generalitat-1024x263.jpg\" class=\"attachment-large size-large wp-image-5044\" alt=\"\" srcset=\"https:\/\/nextgeneration.paeria.cat\/web\/wp-content\/uploads\/2023\/11\/Generalitat-1024x263.jpg 1024w, https:\/\/nextgeneration.paeria.cat\/web\/wp-content\/uploads\/2023\/11\/Generalitat-300x77.jpg 300w, https:\/\/nextgeneration.paeria.cat\/web\/wp-content\/uploads\/2023\/11\/Generalitat-768x198.jpg 768w, https:\/\/nextgeneration.paeria.cat\/web\/wp-content\/uploads\/2023\/11\/Generalitat.jpg 1038w\" sizes=\"(max-width: 1024px) 100vw, 1024px\" \/>\t\t\t\t\t\t\t\t\t\t\t\t\t\t\t<\/div>\n\t\t\t\t<\/div>\n\t\t\t\t\t<\/div>\n\t\t<\/div>\n\t\t\t\t<div class=\"elementor-column elementor-col-25 elementor-top-column elementor-element elementor-element-2e411f9\" data-id=\"2e411f9\" data-element_type=\"column\" data-e-type=\"column\">\n\t\t\t<div class=\"elementor-widget-wrap elementor-element-populated\">\n\t\t\t\t\t\t<div class=\"elementor-element elementor-element-efede1c elementor-widget elementor-widget-image\" data-id=\"efede1c\" data-element_type=\"widget\" data-e-type=\"widget\" data-widget_type=\"image.default\">\n\t\t\t\t<div class=\"elementor-widget-container\">\n\t\t\t\t\t\t\t\t\t\t\t\t\t\t\t<img loading=\"lazy\" decoding=\"async\" width=\"925\" height=\"163\" src=\"https:\/\/nextgeneration.paeria.cat\/web\/wp-content\/uploads\/2023\/11\/soc_2l.jpg\" class=\"attachment-large size-large wp-image-5144\" alt=\"\" srcset=\"https:\/\/nextgeneration.paeria.cat\/web\/wp-content\/uploads\/2023\/11\/soc_2l.jpg 925w, https:\/\/nextgeneration.paeria.cat\/web\/wp-content\/uploads\/2023\/11\/soc_2l-300x53.jpg 300w, https:\/\/nextgeneration.paeria.cat\/web\/wp-content\/uploads\/2023\/11\/soc_2l-768x135.jpg 768w\" sizes=\"(max-width: 925px) 100vw, 925px\" \/>\t\t\t\t\t\t\t\t\t\t\t\t\t\t\t<\/div>\n\t\t\t\t<\/div>\n\t\t\t\t\t<\/div>\n\t\t<\/div>\n\t\t\t\t<div class=\"elementor-column elementor-col-25 elementor-top-column elementor-element elementor-element-a4c468f\" data-id=\"a4c468f\" data-element_type=\"column\" data-e-type=\"column\">\n\t\t\t<div class=\"elementor-widget-wrap\">\n\t\t\t\t\t\t\t<\/div>\n\t\t<\/div>\n\t\t\t\t\t<\/div>\n\t\t<\/section>\n\t\t\t\t<\/div>\n\t\t","protected":false},"excerpt":{"rendered":"<p>S&#8217;han lliurat els diplomes a les dones participants en aquest programa, iniciat el juny del 2023 i subvencionat amb fons NextGenerationEU i el PRTR L\u2019Institut Municipal d\u2019Ocupaci\u00f3 Salvador Segu\u00ed ha clos aquest dijous el programa DONES RIU, que dona suoprt a dones en els \u00e0mbits rural i urb\u00e0, amb el lliurament de diplomes. A l\u2019acte, &#8230; <a title=\"Cloenda del Programa DONES RIU de l\u2019Institut Municipal d\u2019Ocupaci\u00f3 Salvador Segu\u00ed\" class=\"read-more\" href=\"https:\/\/nextgeneration.paeria.cat\/web\/cloenda-del-programa-dones-riu-de-linstitut-municipal-docupacio-salvador-segui\/\" aria-label=\"M\u00e9s informaci\u00f3 sobre Cloenda del Programa DONES RIU de l\u2019Institut Municipal d\u2019Ocupaci\u00f3 Salvador Segu\u00ed\">Llegiu m\u00e9s<\/a><\/p>\n","protected":false},"author":6,"featured_media":6487,"comment_status":"closed","ping_status":"closed","sticky":false,"template":"","format":"standard","meta":{"_sitemap_exclude":false,"_sitemap_priority":"","_sitemap_frequency":"","footnotes":""},"categories":[4],"tags":[],"class_list":["post-6485","post","type-post","status-publish","format-standard","has-post-thumbnail","hentry","category-noticies"],"yoast_head":"<!-- This site is optimized with the Yoast SEO plugin v27.5 - https:\/\/yoast.com\/product\/yoast-seo-wordpress\/ -->\n<title>Cloenda del Programa DONES RIU de l\u2019Institut Municipal d\u2019Ocupaci\u00f3 Salvador Segu\u00ed - Next Generation Lleida - Propostes de projectes - La Paeria - Ajuntament de Lleida<\/title>\n<meta name=\"robots\" content=\"index, follow, max-snippet:-1, max-image-preview:large, max-video-preview:-1\" \/>\n<link rel=\"canonical\" href=\"https:\/\/nextgeneration.paeria.cat\/web\/cloenda-del-programa-dones-riu-de-linstitut-municipal-docupacio-salvador-segui\/\" \/>\n<meta property=\"og:locale\" content=\"ca_ES\" \/>\n<meta property=\"og:type\" content=\"article\" \/>\n<meta property=\"og:title\" content=\"Cloenda del Programa DONES RIU de l\u2019Institut Municipal d\u2019Ocupaci\u00f3 Salvador Segu\u00ed - Next Generation Lleida - Propostes de projectes - La Paeria - Ajuntament de Lleida\" \/>\n<meta property=\"og:description\" content=\"S&#8217;han lliurat els diplomes a les dones participants en aquest programa, iniciat el juny del 2023 i subvencionat amb fons NextGenerationEU i el PRTR L\u2019Institut Municipal d\u2019Ocupaci\u00f3 Salvador Segu\u00ed ha clos aquest dijous el programa DONES RIU, que dona suoprt a dones en els \u00e0mbits rural i urb\u00e0, amb el lliurament de diplomes. A l\u2019acte, ... Llegiu m\u00e9s\" \/>\n<meta property=\"og:url\" content=\"https:\/\/nextgeneration.paeria.cat\/web\/cloenda-del-programa-dones-riu-de-linstitut-municipal-docupacio-salvador-segui\/\" \/>\n<meta property=\"og:site_name\" content=\"Next Generation Lleida - Propostes de projectes - La Paeria - Ajuntament de Lleida\" \/>\n<meta property=\"article:published_time\" content=\"2024-05-30T13:00:00+00:00\" \/>\n<meta property=\"article:modified_time\" content=\"2024-05-31T11:37:29+00:00\" \/>\n<meta property=\"og:image\" content=\"https:\/\/nextgeneration.paeria.cat\/web\/wp-content\/uploads\/2024\/05\/1-dones-Riu-2.jpg\" \/>\n\t<meta property=\"og:image:width\" content=\"2016\" \/>\n\t<meta property=\"og:image:height\" content=\"1512\" \/>\n\t<meta property=\"og:image:type\" content=\"image\/jpeg\" \/>\n<meta name=\"author\" content=\"Dolors Ortin\" \/>\n<meta name=\"twitter:card\" content=\"summary_large_image\" \/>\n<meta name=\"twitter:label1\" content=\"Escrit per\" \/>\n\t<meta name=\"twitter:data1\" content=\"Dolors Ortin\" \/>\n\t<meta name=\"twitter:label2\" content=\"Temps estimat de lectura\" \/>\n\t<meta name=\"twitter:data2\" content=\"3 minuts\" \/>\n<script type=\"application\/ld+json\" class=\"yoast-schema-graph\">{\"@context\":\"https:\\\/\\\/schema.org\",\"@graph\":[{\"@type\":\"Article\",\"@id\":\"https:\\\/\\\/nextgeneration.paeria.cat\\\/web\\\/cloenda-del-programa-dones-riu-de-linstitut-municipal-docupacio-salvador-segui\\\/#article\",\"isPartOf\":{\"@id\":\"https:\\\/\\\/nextgeneration.paeria.cat\\\/web\\\/cloenda-del-programa-dones-riu-de-linstitut-municipal-docupacio-salvador-segui\\\/\"},\"author\":{\"name\":\"Dolors Ortin\",\"@id\":\"https:\\\/\\\/nextgeneration.paeria.cat\\\/web\\\/#\\\/schema\\\/person\\\/d0869853685f5118a45408d600973c20\"},\"headline\":\"Cloenda del Programa DONES RIU de l\u2019Institut Municipal d\u2019Ocupaci\u00f3 Salvador Segu\u00ed\",\"datePublished\":\"2024-05-30T13:00:00+00:00\",\"dateModified\":\"2024-05-31T11:37:29+00:00\",\"mainEntityOfPage\":{\"@id\":\"https:\\\/\\\/nextgeneration.paeria.cat\\\/web\\\/cloenda-del-programa-dones-riu-de-linstitut-municipal-docupacio-salvador-segui\\\/\"},\"wordCount\":228,\"publisher\":{\"@id\":\"https:\\\/\\\/nextgeneration.paeria.cat\\\/web\\\/#organization\"},\"image\":{\"@id\":\"https:\\\/\\\/nextgeneration.paeria.cat\\\/web\\\/cloenda-del-programa-dones-riu-de-linstitut-municipal-docupacio-salvador-segui\\\/#primaryimage\"},\"thumbnailUrl\":\"https:\\\/\\\/nextgeneration.paeria.cat\\\/web\\\/wp-content\\\/uploads\\\/2024\\\/05\\\/1-dones-Riu-2.jpg\",\"articleSection\":[\"Not\u00edcies\"],\"inLanguage\":\"ca\"},{\"@type\":\"WebPage\",\"@id\":\"https:\\\/\\\/nextgeneration.paeria.cat\\\/web\\\/cloenda-del-programa-dones-riu-de-linstitut-municipal-docupacio-salvador-segui\\\/\",\"url\":\"https:\\\/\\\/nextgeneration.paeria.cat\\\/web\\\/cloenda-del-programa-dones-riu-de-linstitut-municipal-docupacio-salvador-segui\\\/\",\"name\":\"Cloenda del Programa DONES RIU de l\u2019Institut Municipal d\u2019Ocupaci\u00f3 Salvador Segu\u00ed - Next Generation Lleida - Propostes de projectes - La Paeria - Ajuntament de Lleida\",\"isPartOf\":{\"@id\":\"https:\\\/\\\/nextgeneration.paeria.cat\\\/web\\\/#website\"},\"primaryImageOfPage\":{\"@id\":\"https:\\\/\\\/nextgeneration.paeria.cat\\\/web\\\/cloenda-del-programa-dones-riu-de-linstitut-municipal-docupacio-salvador-segui\\\/#primaryimage\"},\"image\":{\"@id\":\"https:\\\/\\\/nextgeneration.paeria.cat\\\/web\\\/cloenda-del-programa-dones-riu-de-linstitut-municipal-docupacio-salvador-segui\\\/#primaryimage\"},\"thumbnailUrl\":\"https:\\\/\\\/nextgeneration.paeria.cat\\\/web\\\/wp-content\\\/uploads\\\/2024\\\/05\\\/1-dones-Riu-2.jpg\",\"datePublished\":\"2024-05-30T13:00:00+00:00\",\"dateModified\":\"2024-05-31T11:37:29+00:00\",\"breadcrumb\":{\"@id\":\"https:\\\/\\\/nextgeneration.paeria.cat\\\/web\\\/cloenda-del-programa-dones-riu-de-linstitut-municipal-docupacio-salvador-segui\\\/#breadcrumb\"},\"inLanguage\":\"ca\",\"potentialAction\":[{\"@type\":\"ReadAction\",\"target\":[\"https:\\\/\\\/nextgeneration.paeria.cat\\\/web\\\/cloenda-del-programa-dones-riu-de-linstitut-municipal-docupacio-salvador-segui\\\/\"]}]},{\"@type\":\"ImageObject\",\"inLanguage\":\"ca\",\"@id\":\"https:\\\/\\\/nextgeneration.paeria.cat\\\/web\\\/cloenda-del-programa-dones-riu-de-linstitut-municipal-docupacio-salvador-segui\\\/#primaryimage\",\"url\":\"https:\\\/\\\/nextgeneration.paeria.cat\\\/web\\\/wp-content\\\/uploads\\\/2024\\\/05\\\/1-dones-Riu-2.jpg\",\"contentUrl\":\"https:\\\/\\\/nextgeneration.paeria.cat\\\/web\\\/wp-content\\\/uploads\\\/2024\\\/05\\\/1-dones-Riu-2.jpg\",\"width\":2016,\"height\":1512},{\"@type\":\"BreadcrumbList\",\"@id\":\"https:\\\/\\\/nextgeneration.paeria.cat\\\/web\\\/cloenda-del-programa-dones-riu-de-linstitut-municipal-docupacio-salvador-segui\\\/#breadcrumb\",\"itemListElement\":[{\"@type\":\"ListItem\",\"position\":1,\"name\":\"Inici\",\"item\":\"https:\\\/\\\/nextgeneration.paeria.cat\\\/web\\\/\"},{\"@type\":\"ListItem\",\"position\":2,\"name\":\"Cloenda del Programa DONES RIU de l\u2019Institut Municipal d\u2019Ocupaci\u00f3 Salvador Segu\u00ed\"}]},{\"@type\":\"WebSite\",\"@id\":\"https:\\\/\\\/nextgeneration.paeria.cat\\\/web\\\/#website\",\"url\":\"https:\\\/\\\/nextgeneration.paeria.cat\\\/web\\\/\",\"name\":\"Next Generation Lleida - Propostes de projectes - La Paeria - Ajuntament de Lleida\",\"description\":\"\",\"publisher\":{\"@id\":\"https:\\\/\\\/nextgeneration.paeria.cat\\\/web\\\/#organization\"},\"potentialAction\":[{\"@type\":\"SearchAction\",\"target\":{\"@type\":\"EntryPoint\",\"urlTemplate\":\"https:\\\/\\\/nextgeneration.paeria.cat\\\/web\\\/?s={search_term_string}\"},\"query-input\":{\"@type\":\"PropertyValueSpecification\",\"valueRequired\":true,\"valueName\":\"search_term_string\"}}],\"inLanguage\":\"ca\"},{\"@type\":\"Organization\",\"@id\":\"https:\\\/\\\/nextgeneration.paeria.cat\\\/web\\\/#organization\",\"name\":\"Next Generation Lleida - Propostes de projectes - La Paeria - Ajuntament de Lleida\",\"url\":\"https:\\\/\\\/nextgeneration.paeria.cat\\\/web\\\/\",\"logo\":{\"@type\":\"ImageObject\",\"inLanguage\":\"ca\",\"@id\":\"https:\\\/\\\/nextgeneration.paeria.cat\\\/web\\\/#\\\/schema\\\/logo\\\/image\\\/\",\"url\":\"https:\\\/\\\/nextgeneration.paeria.cat\\\/web\\\/wp-content\\\/uploads\\\/2023\\\/09\\\/cropped-titol.png\",\"contentUrl\":\"https:\\\/\\\/nextgeneration.paeria.cat\\\/web\\\/wp-content\\\/uploads\\\/2023\\\/09\\\/cropped-titol.png\",\"width\":1100,\"height\":220,\"caption\":\"Next Generation Lleida - Propostes de projectes - La Paeria - Ajuntament de Lleida\"},\"image\":{\"@id\":\"https:\\\/\\\/nextgeneration.paeria.cat\\\/web\\\/#\\\/schema\\\/logo\\\/image\\\/\"}},{\"@type\":\"Person\",\"@id\":\"https:\\\/\\\/nextgeneration.paeria.cat\\\/web\\\/#\\\/schema\\\/person\\\/d0869853685f5118a45408d600973c20\",\"name\":\"Dolors Ortin\",\"image\":{\"@type\":\"ImageObject\",\"inLanguage\":\"ca\",\"@id\":\"https:\\\/\\\/secure.gravatar.com\\\/avatar\\\/92d49973a2d8eb61ac1cdb6a9d672367fc65859e811d5e4b3ec4f92ef8f1d091?s=96&d=mm&r=g\",\"url\":\"https:\\\/\\\/secure.gravatar.com\\\/avatar\\\/92d49973a2d8eb61ac1cdb6a9d672367fc65859e811d5e4b3ec4f92ef8f1d091?s=96&d=mm&r=g\",\"contentUrl\":\"https:\\\/\\\/secure.gravatar.com\\\/avatar\\\/92d49973a2d8eb61ac1cdb6a9d672367fc65859e811d5e4b3ec4f92ef8f1d091?s=96&d=mm&r=g\",\"caption\":\"Dolors Ortin\"}}]}<\/script>\n<!-- \/ Yoast SEO plugin. -->","yoast_head_json":{"title":"Cloenda del Programa DONES RIU de l\u2019Institut Municipal d\u2019Ocupaci\u00f3 Salvador Segu\u00ed - Next Generation Lleida - Propostes de projectes - La Paeria - Ajuntament de Lleida","robots":{"index":"index","follow":"follow","max-snippet":"max-snippet:-1","max-image-preview":"max-image-preview:large","max-video-preview":"max-video-preview:-1"},"canonical":"https:\/\/nextgeneration.paeria.cat\/web\/cloenda-del-programa-dones-riu-de-linstitut-municipal-docupacio-salvador-segui\/","og_locale":"ca_ES","og_type":"article","og_title":"Cloenda del Programa DONES RIU de l\u2019Institut Municipal d\u2019Ocupaci\u00f3 Salvador Segu\u00ed - Next Generation Lleida - Propostes de projectes - La Paeria - Ajuntament de Lleida","og_description":"S&#8217;han lliurat els diplomes a les dones participants en aquest programa, iniciat el juny del 2023 i subvencionat amb fons NextGenerationEU i el PRTR L\u2019Institut Municipal d\u2019Ocupaci\u00f3 Salvador Segu\u00ed ha clos aquest dijous el programa DONES RIU, que dona suoprt a dones en els \u00e0mbits rural i urb\u00e0, amb el lliurament de diplomes. A l\u2019acte, ... Llegiu m\u00e9s","og_url":"https:\/\/nextgeneration.paeria.cat\/web\/cloenda-del-programa-dones-riu-de-linstitut-municipal-docupacio-salvador-segui\/","og_site_name":"Next Generation Lleida - Propostes de projectes - La Paeria - Ajuntament de Lleida","article_published_time":"2024-05-30T13:00:00+00:00","article_modified_time":"2024-05-31T11:37:29+00:00","og_image":[{"width":2016,"height":1512,"url":"https:\/\/nextgeneration.paeria.cat\/web\/wp-content\/uploads\/2024\/05\/1-dones-Riu-2.jpg","type":"image\/jpeg"}],"author":"Dolors Ortin","twitter_card":"summary_large_image","twitter_misc":{"Escrit per":"Dolors Ortin","Temps estimat de lectura":"3 minuts"},"schema":{"@context":"https:\/\/schema.org","@graph":[{"@type":"Article","@id":"https:\/\/nextgeneration.paeria.cat\/web\/cloenda-del-programa-dones-riu-de-linstitut-municipal-docupacio-salvador-segui\/#article","isPartOf":{"@id":"https:\/\/nextgeneration.paeria.cat\/web\/cloenda-del-programa-dones-riu-de-linstitut-municipal-docupacio-salvador-segui\/"},"author":{"name":"Dolors Ortin","@id":"https:\/\/nextgeneration.paeria.cat\/web\/#\/schema\/person\/d0869853685f5118a45408d600973c20"},"headline":"Cloenda del Programa DONES RIU de l\u2019Institut Municipal d\u2019Ocupaci\u00f3 Salvador Segu\u00ed","datePublished":"2024-05-30T13:00:00+00:00","dateModified":"2024-05-31T11:37:29+00:00","mainEntityOfPage":{"@id":"https:\/\/nextgeneration.paeria.cat\/web\/cloenda-del-programa-dones-riu-de-linstitut-municipal-docupacio-salvador-segui\/"},"wordCount":228,"publisher":{"@id":"https:\/\/nextgeneration.paeria.cat\/web\/#organization"},"image":{"@id":"https:\/\/nextgeneration.paeria.cat\/web\/cloenda-del-programa-dones-riu-de-linstitut-municipal-docupacio-salvador-segui\/#primaryimage"},"thumbnailUrl":"https:\/\/nextgeneration.paeria.cat\/web\/wp-content\/uploads\/2024\/05\/1-dones-Riu-2.jpg","articleSection":["Not\u00edcies"],"inLanguage":"ca"},{"@type":"WebPage","@id":"https:\/\/nextgeneration.paeria.cat\/web\/cloenda-del-programa-dones-riu-de-linstitut-municipal-docupacio-salvador-segui\/","url":"https:\/\/nextgeneration.paeria.cat\/web\/cloenda-del-programa-dones-riu-de-linstitut-municipal-docupacio-salvador-segui\/","name":"Cloenda del Programa DONES RIU de l\u2019Institut Municipal d\u2019Ocupaci\u00f3 Salvador Segu\u00ed - Next Generation Lleida - Propostes de projectes - La Paeria - Ajuntament de Lleida","isPartOf":{"@id":"https:\/\/nextgeneration.paeria.cat\/web\/#website"},"primaryImageOfPage":{"@id":"https:\/\/nextgeneration.paeria.cat\/web\/cloenda-del-programa-dones-riu-de-linstitut-municipal-docupacio-salvador-segui\/#primaryimage"},"image":{"@id":"https:\/\/nextgeneration.paeria.cat\/web\/cloenda-del-programa-dones-riu-de-linstitut-municipal-docupacio-salvador-segui\/#primaryimage"},"thumbnailUrl":"https:\/\/nextgeneration.paeria.cat\/web\/wp-content\/uploads\/2024\/05\/1-dones-Riu-2.jpg","datePublished":"2024-05-30T13:00:00+00:00","dateModified":"2024-05-31T11:37:29+00:00","breadcrumb":{"@id":"https:\/\/nextgeneration.paeria.cat\/web\/cloenda-del-programa-dones-riu-de-linstitut-municipal-docupacio-salvador-segui\/#breadcrumb"},"inLanguage":"ca","potentialAction":[{"@type":"ReadAction","target":["https:\/\/nextgeneration.paeria.cat\/web\/cloenda-del-programa-dones-riu-de-linstitut-municipal-docupacio-salvador-segui\/"]}]},{"@type":"ImageObject","inLanguage":"ca","@id":"https:\/\/nextgeneration.paeria.cat\/web\/cloenda-del-programa-dones-riu-de-linstitut-municipal-docupacio-salvador-segui\/#primaryimage","url":"https:\/\/nextgeneration.paeria.cat\/web\/wp-content\/uploads\/2024\/05\/1-dones-Riu-2.jpg","contentUrl":"https:\/\/nextgeneration.paeria.cat\/web\/wp-content\/uploads\/2024\/05\/1-dones-Riu-2.jpg","width":2016,"height":1512},{"@type":"BreadcrumbList","@id":"https:\/\/nextgeneration.paeria.cat\/web\/cloenda-del-programa-dones-riu-de-linstitut-municipal-docupacio-salvador-segui\/#breadcrumb","itemListElement":[{"@type":"ListItem","position":1,"name":"Inici","item":"https:\/\/nextgeneration.paeria.cat\/web\/"},{"@type":"ListItem","position":2,"name":"Cloenda del Programa DONES RIU de l\u2019Institut Municipal d\u2019Ocupaci\u00f3 Salvador Segu\u00ed"}]},{"@type":"WebSite","@id":"https:\/\/nextgeneration.paeria.cat\/web\/#website","url":"https:\/\/nextgeneration.paeria.cat\/web\/","name":"Next Generation Lleida - Propostes de projectes - La Paeria - Ajuntament de Lleida","description":"","publisher":{"@id":"https:\/\/nextgeneration.paeria.cat\/web\/#organization"},"potentialAction":[{"@type":"SearchAction","target":{"@type":"EntryPoint","urlTemplate":"https:\/\/nextgeneration.paeria.cat\/web\/?s={search_term_string}"},"query-input":{"@type":"PropertyValueSpecification","valueRequired":true,"valueName":"search_term_string"}}],"inLanguage":"ca"},{"@type":"Organization","@id":"https:\/\/nextgeneration.paeria.cat\/web\/#organization","name":"Next Generation Lleida - Propostes de projectes - La Paeria - Ajuntament de Lleida","url":"https:\/\/nextgeneration.paeria.cat\/web\/","logo":{"@type":"ImageObject","inLanguage":"ca","@id":"https:\/\/nextgeneration.paeria.cat\/web\/#\/schema\/logo\/image\/","url":"https:\/\/nextgeneration.paeria.cat\/web\/wp-content\/uploads\/2023\/09\/cropped-titol.png","contentUrl":"https:\/\/nextgeneration.paeria.cat\/web\/wp-content\/uploads\/2023\/09\/cropped-titol.png","width":1100,"height":220,"caption":"Next Generation Lleida - Propostes de projectes - La Paeria - Ajuntament de Lleida"},"image":{"@id":"https:\/\/nextgeneration.paeria.cat\/web\/#\/schema\/logo\/image\/"}},{"@type":"Person","@id":"https:\/\/nextgeneration.paeria.cat\/web\/#\/schema\/person\/d0869853685f5118a45408d600973c20","name":"Dolors Ortin","image":{"@type":"ImageObject","inLanguage":"ca","@id":"https:\/\/secure.gravatar.com\/avatar\/92d49973a2d8eb61ac1cdb6a9d672367fc65859e811d5e4b3ec4f92ef8f1d091?s=96&d=mm&r=g","url":"https:\/\/secure.gravatar.com\/avatar\/92d49973a2d8eb61ac1cdb6a9d672367fc65859e811d5e4b3ec4f92ef8f1d091?s=96&d=mm&r=g","contentUrl":"https:\/\/secure.gravatar.com\/avatar\/92d49973a2d8eb61ac1cdb6a9d672367fc65859e811d5e4b3ec4f92ef8f1d091?s=96&d=mm&r=g","caption":"Dolors Ortin"}}]}},"_links":{"self":[{"href":"https:\/\/nextgeneration.paeria.cat\/web\/wp-json\/wp\/v2\/posts\/6485","targetHints":{"allow":["GET"]}}],"collection":[{"href":"https:\/\/nextgeneration.paeria.cat\/web\/wp-json\/wp\/v2\/posts"}],"about":[{"href":"https:\/\/nextgeneration.paeria.cat\/web\/wp-json\/wp\/v2\/types\/post"}],"author":[{"embeddable":true,"href":"https:\/\/nextgeneration.paeria.cat\/web\/wp-json\/wp\/v2\/users\/6"}],"replies":[{"embeddable":true,"href":"https:\/\/nextgeneration.paeria.cat\/web\/wp-json\/wp\/v2\/comments?post=6485"}],"version-history":[{"count":5,"href":"https:\/\/nextgeneration.paeria.cat\/web\/wp-json\/wp\/v2\/posts\/6485\/revisions"}],"predecessor-version":[{"id":6492,"href":"https:\/\/nextgeneration.paeria.cat\/web\/wp-json\/wp\/v2\/posts\/6485\/revisions\/6492"}],"wp:featuredmedia":[{"embeddable":true,"href":"https:\/\/nextgeneration.paeria.cat\/web\/wp-json\/wp\/v2\/media\/6487"}],"wp:attachment":[{"href":"https:\/\/nextgeneration.paeria.cat\/web\/wp-json\/wp\/v2\/media?parent=6485"}],"wp:term":[{"taxonomy":"category","embeddable":true,"href":"https:\/\/nextgeneration.paeria.cat\/web\/wp-json\/wp\/v2\/categories?post=6485"},{"taxonomy":"post_tag","embeddable":true,"href":"https:\/\/nextgeneration.paeria.cat\/web\/wp-json\/wp\/v2\/tags?post=6485"}],"curies":[{"name":"wp","href":"https:\/\/api.w.org\/{rel}","templated":true}]}}