{"id":6537,"date":"2024-06-19T13:24:13","date_gmt":"2024-06-19T11:24:13","guid":{"rendered":"https:\/\/nextgeneration.paeria.cat\/web\/?p=6537"},"modified":"2025-08-06T09:02:59","modified_gmt":"2025-08-06T07:02:59","slug":"projecte-lleida-connect_ada-2024","status":"publish","type":"post","link":"https:\/\/nextgeneration.paeria.cat\/web\/projecte-lleida-connect_ada-2024\/","title":{"rendered":"Projecte Lleida Connect_ADA 2024"},"content":{"rendered":"\t\t<div data-elementor-type=\"wp-post\" data-elementor-id=\"6537\" class=\"elementor elementor-6537\">\n\t\t\t\t\t\t<section class=\"elementor-section elementor-top-section elementor-element elementor-element-0126fa3 elementor-section-boxed elementor-section-height-default elementor-section-height-default\" data-id=\"0126fa3\" data-element_type=\"section\" data-e-type=\"section\">\n\t\t\t\t\t\t<div class=\"elementor-container elementor-column-gap-default\">\n\t\t\t\t\t<div class=\"elementor-column elementor-col-100 elementor-top-column elementor-element elementor-element-747e2e6\" data-id=\"747e2e6\" data-element_type=\"column\" data-e-type=\"column\">\n\t\t\t<div class=\"elementor-widget-wrap elementor-element-populated\">\n\t\t\t\t\t\t<div class=\"elementor-element elementor-element-c1719d0 elementor-widget elementor-widget-text-editor\" data-id=\"c1719d0\" data-element_type=\"widget\" data-e-type=\"widget\" data-widget_type=\"text-editor.default\">\n\t\t\t\t<div class=\"elementor-widget-container\">\n\t\t\t\t\t\t\t\t\t<p><a href=\"https:\/\/nextgeneration.paeria.cat\/web\/\">Inici <\/a><img decoding=\"async\" src=\"https:\/\/nextgeneration.paeria.cat\/web\/wp-content\/uploads\/2021\/05\/li-color_15.png\" \/> Projectes <img decoding=\"async\" src=\"https:\/\/nextgeneration.paeria.cat\/web\/wp-content\/uploads\/2021\/05\/li-color_15.png\" \/> <a href=\"https:\/\/nextgeneration.paeria.cat\/web\/projectes-next-generation-dorganismes-vinculats-a-la-paeria\/\">Projectes Next Generation d\u2019Organismes vinculats a La Paeria<\/a>\u00a0<img decoding=\"async\" src=\"https:\/\/nextgeneration.paeria.cat\/web\/wp-content\/uploads\/2021\/05\/li-color_15.png\" \/> Projectes concedits <img decoding=\"async\" src=\"https:\/\/nextgeneration.paeria.cat\/web\/wp-content\/uploads\/2021\/05\/li-color_15.png\" \/> Projecte Lleida Connect_ADA 2024<\/p>\t\t\t\t\t\t\t\t<\/div>\n\t\t\t\t<\/div>\n\t\t\t\t\t<\/div>\n\t\t<\/div>\n\t\t\t\t\t<\/div>\n\t\t<\/section>\n\t\t\t\t<section class=\"elementor-section elementor-top-section elementor-element elementor-element-3ac56bd elementor-section-boxed elementor-section-height-default elementor-section-height-default\" data-id=\"3ac56bd\" data-element_type=\"section\" data-e-type=\"section\">\n\t\t\t\t\t\t<div class=\"elementor-container elementor-column-gap-default\">\n\t\t\t\t\t<div class=\"elementor-column elementor-col-100 elementor-top-column elementor-element elementor-element-8c2b50a\" data-id=\"8c2b50a\" data-element_type=\"column\" data-e-type=\"column\">\n\t\t\t<div class=\"elementor-widget-wrap elementor-element-populated\">\n\t\t\t\t\t\t<div class=\"elementor-element elementor-element-d2a2b39 elementor-widget elementor-widget-image\" data-id=\"d2a2b39\" data-element_type=\"widget\" data-e-type=\"widget\" data-widget_type=\"image.default\">\n\t\t\t\t<div class=\"elementor-widget-container\">\n\t\t\t\t\t\t\t\t\t\t\t\t\t\t\t<img decoding=\"async\" src=\"https:\/\/nextgeneration.paeria.cat\/web\/wp-content\/uploads\/2021\/05\/apartat15.png\" title=\"\" alt=\"\" loading=\"lazy\" \/>\t\t\t\t\t\t\t\t\t\t\t\t\t\t\t<\/div>\n\t\t\t\t<\/div>\n\t\t\t\t\t<\/div>\n\t\t<\/div>\n\t\t\t\t\t<\/div>\n\t\t<\/section>\n\t\t\t\t<section class=\"elementor-section elementor-top-section elementor-element elementor-element-d7c6062 elementor-section-content-middle elementor-section-boxed elementor-section-height-default elementor-section-height-default\" data-id=\"d7c6062\" data-element_type=\"section\" data-e-type=\"section\">\n\t\t\t\t\t\t\t<div class=\"elementor-background-overlay\"><\/div>\n\t\t\t\t\t\t\t<div class=\"elementor-container elementor-column-gap-default\">\n\t\t\t\t\t<div class=\"elementor-column elementor-col-100 elementor-top-column elementor-element elementor-element-534c103\" data-id=\"534c103\" data-element_type=\"column\" data-e-type=\"column\">\n\t\t\t<div class=\"elementor-widget-wrap elementor-element-populated\">\n\t\t\t\t\t\t<div class=\"elementor-element elementor-element-9447c98 elementor-widget elementor-widget-text-editor\" data-id=\"9447c98\" data-element_type=\"widget\" data-e-type=\"widget\" data-widget_type=\"text-editor.default\">\n\t\t\t\t<div class=\"elementor-widget-container\">\n\t\t\t\t\t\t\t\t\t<p>Durada i assoliment del projecte:<br \/><strong>Novembre 2024 &#8211; Abril 2025<\/strong><\/p>\t\t\t\t\t\t\t\t<\/div>\n\t\t\t\t<\/div>\n\t\t\t\t<div class=\"elementor-element elementor-element-170ad7a elementor-widget elementor-widget-progress\" data-id=\"170ad7a\" data-element_type=\"widget\" data-e-type=\"widget\" data-widget_type=\"progress.default\">\n\t\t\t\t<div class=\"elementor-widget-container\">\n\t\t\t\t\t\n\t\t<div class=\"elementor-progress-wrapper\" role=\"progressbar\" aria-valuemin=\"0\" aria-valuemax=\"100\" aria-valuenow=\"100\" aria-valuetext=\"100% (Realitzat)\">\n\t\t\t<div class=\"elementor-progress-bar\" data-max=\"100\">\n\t\t\t\t<span class=\"elementor-progress-text\">Realitzat<\/span>\n\t\t\t\t\t\t\t\t\t<span class=\"elementor-progress-percentage\">100%<\/span>\n\t\t\t\t\t\t\t<\/div>\n\t\t<\/div>\n\t\t\t\t\t\t<\/div>\n\t\t\t\t<\/div>\n\t\t\t\t<div class=\"elementor-element elementor-element-afac643 elementor-widget elementor-widget-spacer\" data-id=\"afac643\" data-element_type=\"widget\" data-e-type=\"widget\" data-widget_type=\"spacer.default\">\n\t\t\t\t<div class=\"elementor-widget-container\">\n\t\t\t\t\t\t\t<div class=\"elementor-spacer\">\n\t\t\t<div class=\"elementor-spacer-inner\"><\/div>\n\t\t<\/div>\n\t\t\t\t\t\t<\/div>\n\t\t\t\t<\/div>\n\t\t\t\t\t<\/div>\n\t\t<\/div>\n\t\t\t\t\t<\/div>\n\t\t<\/section>\n\t\t\t\t<section class=\"elementor-section elementor-top-section elementor-element elementor-element-34209e1 elementor-section-boxed elementor-section-height-default elementor-section-height-default\" data-id=\"34209e1\" data-element_type=\"section\" data-e-type=\"section\">\n\t\t\t\t\t\t<div class=\"elementor-container elementor-column-gap-default\">\n\t\t\t\t\t<div class=\"elementor-column elementor-col-50 elementor-top-column elementor-element elementor-element-bf8447e\" data-id=\"bf8447e\" data-element_type=\"column\" data-e-type=\"column\">\n\t\t\t<div class=\"elementor-widget-wrap elementor-element-populated\">\n\t\t\t\t\t\t<div class=\"elementor-element elementor-element-48130d4 elementor-widget elementor-widget-text-editor\" data-id=\"48130d4\" data-element_type=\"widget\" data-e-type=\"widget\" data-widget_type=\"text-editor.default\">\n\t\t\t\t<div class=\"elementor-widget-container\">\n\t\t\t\t\t\t\t\t\t<p><strong>Descripci\u00f3<\/strong><\/p>\t\t\t\t\t\t\t\t<\/div>\n\t\t\t\t<\/div>\n\t\t\t\t<div class=\"elementor-element elementor-element-2cbf2e3 elementor-widget elementor-widget-text-editor\" data-id=\"2cbf2e3\" data-element_type=\"widget\" data-e-type=\"widget\" data-widget_type=\"text-editor.default\">\n\t\t\t\t<div class=\"elementor-widget-container\">\n\t\t\t\t\t\t\t\t\t<p>Programa de formaci\u00f3 en compet\u00e8ncies digitals que es desenvolupar\u00e0 a trav\u00e9s del projecte Lleida Connecta que porta a terme a l\u2019IMO l\u2019Agent d\u2019Ocupaci\u00f3 i Desenvolupament Local (AODL). L\u2019objectiu \u00e9s\u00a0 millorar les compet\u00e8ncies digitals, capacitar per al desenvolupament professional i la inserci\u00f3 laboral i reduir l\u2019escletxa digital i de g\u00e8nere. Les accions formatives s\u2019adrecen a dones priorit\u00e0riament desocupades. Se\u2019n beneficiaran\u00a0<strong>126 dones<\/strong>.<\/p><p>Els objectius del programa s\u00f3n els seg\u00fcents:<\/p><ul><li>Millorar les compet\u00e8ncies digitals de les dones per assegurar i millorar els nivells d&#8217;ocupabilitat.<\/li><li>Incrementar les compet\u00e8ncies digitals en ofim\u00e0tica en dones amb perfil laboral administratiu.<\/li><li>Capacitar digitalment dones amb diversitat funcional i reduir la seva vulnerabilitat i risc d&#8217;exclusi\u00f3 social.<\/li><\/ul>\t\t\t\t\t\t\t\t<\/div>\n\t\t\t\t<\/div>\n\t\t\t\t<div class=\"elementor-element elementor-element-4a96ddb elementor-widget elementor-widget-text-editor\" data-id=\"4a96ddb\" data-element_type=\"widget\" data-e-type=\"widget\" data-widget_type=\"text-editor.default\">\n\t\t\t\t<div class=\"elementor-widget-container\">\n\t\t\t\t\t\t\t\t\t<p><strong>Actuacions previstes:<\/strong><\/p><p>Es programen 9 accions formatives de 40 hores cadascuna, 2 de les quals estan adre\u00e7ades a col\u00b7lectiu amb diversitat funcional.<\/p><p><!--<a href=\"https:\/\/imolleida.com\/oferta-formativa-imo\/?tipus=325&amp;idFormacio=6091&amp;noMenu=1&amp;cercador=2&amp;tipusVista=2\" target=\"_blank\" rel=\"noopener\"><strong>Enlla\u00e7 a la preinscripci\u00f3<\/strong><\/a>--><\/p>\t\t\t\t\t\t\t\t<\/div>\n\t\t\t\t<\/div>\n\t\t\t\t<div class=\"elementor-element elementor-element-ef09d63 elementor-widget elementor-widget-spacer\" data-id=\"ef09d63\" data-element_type=\"widget\" data-e-type=\"widget\" data-widget_type=\"spacer.default\">\n\t\t\t\t<div class=\"elementor-widget-container\">\n\t\t\t\t\t\t\t<div class=\"elementor-spacer\">\n\t\t\t<div class=\"elementor-spacer-inner\"><\/div>\n\t\t<\/div>\n\t\t\t\t\t\t<\/div>\n\t\t\t\t<\/div>\n\t\t\t\t<div class=\"elementor-element elementor-element-e540fb8 elementor-widget elementor-widget-text-editor\" data-id=\"e540fb8\" data-element_type=\"widget\" data-e-type=\"widget\" data-widget_type=\"text-editor.default\">\n\t\t\t\t<div class=\"elementor-widget-container\">\n\t\t\t\t\t\t\t\t\t<p>Not\u00edcies<strong> relacionades<\/strong><\/p><ul><li><a href=\"https:\/\/nextgeneration.paeria.cat\/web\/el-projecte-lleida-connect_ada-de-limo-torna-a-obtenir-ajuda-dels-next-generation\/\">El projecte Lleida Connect_ADA de l\u2019IMO torna a obtenir ajuda dels Next Generation.<\/a><\/li><\/ul>\t\t\t\t\t\t\t\t<\/div>\n\t\t\t\t<\/div>\n\t\t\t\t<div class=\"elementor-element elementor-element-63947f1 elementor-widget elementor-widget-spacer\" data-id=\"63947f1\" data-element_type=\"widget\" data-e-type=\"widget\" data-widget_type=\"spacer.default\">\n\t\t\t\t<div class=\"elementor-widget-container\">\n\t\t\t\t\t\t\t<div class=\"elementor-spacer\">\n\t\t\t<div class=\"elementor-spacer-inner\"><\/div>\n\t\t<\/div>\n\t\t\t\t\t\t<\/div>\n\t\t\t\t<\/div>\n\t\t\t\t<div class=\"elementor-element elementor-element-c9d96e0 elementor-widget elementor-widget-image\" data-id=\"c9d96e0\" data-element_type=\"widget\" data-e-type=\"widget\" data-widget_type=\"image.default\">\n\t\t\t\t<div class=\"elementor-widget-container\">\n\t\t\t\t\t\t\t\t\t\t\t\t\t\t\t\t<a href=\"https:\/\/nextgeneration.paeria.cat\/web\/wp-content\/uploads\/2024\/06\/ADA_1_2024.jpg\" data-elementor-open-lightbox=\"yes\" data-elementor-lightbox-title=\"ADA_1_2024\" data-elementor-lightbox-description=\"Grup de persones rebent formaci\u00f3 en noves tecnologies.\" data-e-action-hash=\"#elementor-action%3Aaction%3Dlightbox%26settings%3DeyJpZCI6NjU0MiwidXJsIjoiaHR0cHM6XC9cL25leHRnZW5lcmF0aW9uLnBhZXJpYS5jYXRcL3dlYlwvd3AtY29udGVudFwvdXBsb2Fkc1wvMjAyNFwvMDZcL0FEQV8xXzIwMjQuanBnIn0%3D\">\n\t\t\t\t\t\t\t<img fetchpriority=\"high\" decoding=\"async\" width=\"768\" height=\"532\" src=\"https:\/\/nextgeneration.paeria.cat\/web\/wp-content\/uploads\/2024\/06\/ADA_1_2024-768x532.jpg\" class=\"attachment-medium_large size-medium_large wp-image-6542\" alt=\"Grup de persones rebent formaci\u00f3 en noves tecnologies.\" srcset=\"https:\/\/nextgeneration.paeria.cat\/web\/wp-content\/uploads\/2024\/06\/ADA_1_2024-768x532.jpg 768w, https:\/\/nextgeneration.paeria.cat\/web\/wp-content\/uploads\/2024\/06\/ADA_1_2024-300x208.jpg 300w, https:\/\/nextgeneration.paeria.cat\/web\/wp-content\/uploads\/2024\/06\/ADA_1_2024.jpg 1024w\" sizes=\"(max-width: 768px) 100vw, 768px\" \/>\t\t\t\t\t\t\t\t<\/a>\n\t\t\t\t\t\t\t\t\t\t\t\t\t\t\t<\/div>\n\t\t\t\t<\/div>\n\t\t\t\t<div class=\"elementor-element elementor-element-2854591 elementor-widget elementor-widget-spacer\" data-id=\"2854591\" data-element_type=\"widget\" data-e-type=\"widget\" data-widget_type=\"spacer.default\">\n\t\t\t\t<div class=\"elementor-widget-container\">\n\t\t\t\t\t\t\t<div class=\"elementor-spacer\">\n\t\t\t<div class=\"elementor-spacer-inner\"><\/div>\n\t\t<\/div>\n\t\t\t\t\t\t<\/div>\n\t\t\t\t<\/div>\n\t\t\t\t<div class=\"elementor-element elementor-element-278ed24 elementor-widget elementor-widget-image\" data-id=\"278ed24\" data-element_type=\"widget\" data-e-type=\"widget\" data-widget_type=\"image.default\">\n\t\t\t\t<div class=\"elementor-widget-container\">\n\t\t\t\t\t\t\t\t\t\t\t\t\t\t\t\t<a href=\"https:\/\/nextgeneration.paeria.cat\/web\/wp-content\/uploads\/2024\/06\/ADA_01_petit.jpg\" data-elementor-open-lightbox=\"yes\" data-elementor-lightbox-title=\"ADA_01_petit\" data-elementor-lightbox-description=\"Grup de dones rebent formaci\u00f3 amb ordinador.\" data-e-action-hash=\"#elementor-action%3Aaction%3Dlightbox%26settings%3DeyJpZCI6Nzc3MywidXJsIjoiaHR0cHM6XC9cL25leHRnZW5lcmF0aW9uLnBhZXJpYS5jYXRcL3dlYlwvd3AtY29udGVudFwvdXBsb2Fkc1wvMjAyNFwvMDZcL0FEQV8wMV9wZXRpdC5qcGcifQ%3D%3D\">\n\t\t\t\t\t\t\t<img decoding=\"async\" width=\"768\" height=\"576\" src=\"https:\/\/nextgeneration.paeria.cat\/web\/wp-content\/uploads\/2024\/06\/ADA_01_petit-768x576.jpg\" class=\"attachment-medium_large size-medium_large wp-image-7773\" alt=\"Grup de dones rebent formaci\u00f3 amb ordinador.\" srcset=\"https:\/\/nextgeneration.paeria.cat\/web\/wp-content\/uploads\/2024\/06\/ADA_01_petit-768x576.jpg 768w, https:\/\/nextgeneration.paeria.cat\/web\/wp-content\/uploads\/2024\/06\/ADA_01_petit-300x225.jpg 300w, https:\/\/nextgeneration.paeria.cat\/web\/wp-content\/uploads\/2024\/06\/ADA_01_petit-1024x768.jpg 1024w, https:\/\/nextgeneration.paeria.cat\/web\/wp-content\/uploads\/2024\/06\/ADA_01_petit.jpg 1080w\" sizes=\"(max-width: 768px) 100vw, 768px\" \/>\t\t\t\t\t\t\t\t<\/a>\n\t\t\t\t\t\t\t\t\t\t\t\t\t\t\t<\/div>\n\t\t\t\t<\/div>\n\t\t\t\t<div class=\"elementor-element elementor-element-85ceca2 elementor-widget elementor-widget-spacer\" data-id=\"85ceca2\" data-element_type=\"widget\" data-e-type=\"widget\" data-widget_type=\"spacer.default\">\n\t\t\t\t<div class=\"elementor-widget-container\">\n\t\t\t\t\t\t\t<div class=\"elementor-spacer\">\n\t\t\t<div class=\"elementor-spacer-inner\"><\/div>\n\t\t<\/div>\n\t\t\t\t\t\t<\/div>\n\t\t\t\t<\/div>\n\t\t\t\t<div class=\"elementor-element elementor-element-5672330 elementor-widget elementor-widget-image\" data-id=\"5672330\" data-element_type=\"widget\" data-e-type=\"widget\" data-widget_type=\"image.default\">\n\t\t\t\t<div class=\"elementor-widget-container\">\n\t\t\t\t\t\t\t\t\t\t\t\t\t\t\t\t<a href=\"https:\/\/nextgeneration.paeria.cat\/web\/wp-content\/uploads\/2024\/06\/ADA_02_petit.jpg\" data-elementor-open-lightbox=\"yes\" data-elementor-lightbox-title=\"ADA_02_petit\" data-elementor-lightbox-description=\"Grup de dones rebent formaci\u00f3 amb ordinador.\" data-e-action-hash=\"#elementor-action%3Aaction%3Dlightbox%26settings%3DeyJpZCI6Nzc3NCwidXJsIjoiaHR0cHM6XC9cL25leHRnZW5lcmF0aW9uLnBhZXJpYS5jYXRcL3dlYlwvd3AtY29udGVudFwvdXBsb2Fkc1wvMjAyNFwvMDZcL0FEQV8wMl9wZXRpdC5qcGcifQ%3D%3D\">\n\t\t\t\t\t\t\t<img decoding=\"async\" width=\"768\" height=\"576\" src=\"https:\/\/nextgeneration.paeria.cat\/web\/wp-content\/uploads\/2024\/06\/ADA_02_petit-768x576.jpg\" class=\"attachment-medium_large size-medium_large wp-image-7774\" alt=\"Grup de dones rebent formaci\u00f3 amb ordinador.\" srcset=\"https:\/\/nextgeneration.paeria.cat\/web\/wp-content\/uploads\/2024\/06\/ADA_02_petit-768x576.jpg 768w, https:\/\/nextgeneration.paeria.cat\/web\/wp-content\/uploads\/2024\/06\/ADA_02_petit-300x225.jpg 300w, https:\/\/nextgeneration.paeria.cat\/web\/wp-content\/uploads\/2024\/06\/ADA_02_petit-1024x768.jpg 1024w, https:\/\/nextgeneration.paeria.cat\/web\/wp-content\/uploads\/2024\/06\/ADA_02_petit.jpg 1080w\" sizes=\"(max-width: 768px) 100vw, 768px\" \/>\t\t\t\t\t\t\t\t<\/a>\n\t\t\t\t\t\t\t\t\t\t\t\t\t\t\t<\/div>\n\t\t\t\t<\/div>\n\t\t\t\t\t<\/div>\n\t\t<\/div>\n\t\t\t\t<div class=\"elementor-column elementor-col-50 elementor-top-column elementor-element elementor-element-ff0aa74\" data-id=\"ff0aa74\" data-element_type=\"column\" data-e-type=\"column\">\n\t\t\t<div class=\"elementor-widget-wrap elementor-element-populated\">\n\t\t\t\t\t\t<div class=\"elementor-element elementor-element-fda0d64 elementor-widget elementor-widget-html\" data-id=\"fda0d64\" data-element_type=\"widget\" data-e-type=\"widget\" data-widget_type=\"html.default\">\n\t\t\t\t<div class=\"elementor-widget-container\">\n\t\t\t\t\t<table class=\"taula-projectes\">\r\n    <tr>\r\n\t\t<td>Presentat per<\/td>\r\n\t\t<td>\r\n\tl\u2019Institut Municipal d\u2019Ocupaci\u00f3 (IMO) Salvador Segu\u00ed.\r\n\r\n\r\n\t\t<\/td>\t\t\r\n\t<\/tr>    \r\n    <tr>\r\n\t\t<td>Normativa<\/td>\r\n\t\t<td><p>RESOLUCI\u00d3 EMT\/1785\/2024, de 9 de maig, per la qual s'obre la convocat\u00f2ria per a l'any 2024 en relaci\u00f3 amb la concessi\u00f3 de subvencions per a la realitzaci\u00f3 d'accions de formaci\u00f3 professional per a l'ocupaci\u00f3 per a l'adquisici\u00f3 i millora de compet\u00e8ncies digitals per impulsar l'emprenedoria, el desenvolupament rural i reduir la bretxa de g\u00e8nere en el marc dels programes de formaci\u00f3 per cobrir necessitats espec\u00edfiques que promou el Servei P\u00fablic d'Ocupaci\u00f3 de Catalunya, en el marc del Pla de Recuperaci\u00f3, Transformaci\u00f3 i Resili\u00e8ncia \u2013finan\u00e7at per la Uni\u00f3 Europea\u2013 NextGenerationEU (SOC \u2013 ADA 2024) (ref. BDNS 762742).<\/p>\r\n\t\t<\/td>\t\t\r\n\t<\/tr>\r\n\r\n\t<tr>\r\n\t\t<td>Inversi\u00f3<\/td>\r\n\t\t<td><strong>Import projecte:<\/strong> 65.520 \u20ac<br\/>\r\n\t\t<strong>Import demanat:<\/strong> 65.520 \u20ac<\/td>\t\t\r\n\t<\/tr>\r\n\r\n\t<tr>\r\n\t\t<td>Data presentaci\u00f3<\/td>\r\n\t\t<td>14\/06\/2024<\/td>\t\t\r\n\t<\/tr>\r\n\t<tr>\r\n\t\t<td>Resoluci\u00f3<\/td>\r\n\t\t<td>06\/11\/2024<\/td>\t\t\r\n\t<\/tr>\r\n\t\t\t<tr>\r\n\t\t<td>Finalitzaci\u00f3 projecte<\/td>\r\n\t\t<td>30\/04\/2025<\/td>\t\t\r\n\t<\/tr>\r\n\t<tr><td>Proc\u00e9s<\/td>\r\n\t    <td>\r\n\t        <ul class=\"personalitzat color01\">\r\n\t\t\t\t<li>Redacci\u00f3 del projecte: Fet.<\/li>\r\n\t\t\t\t<li>Aprovaci\u00f3 del projecte: Fet.<\/li>\r\n\t\t\t\t<li>Execuci\u00f3: Fet.<\/li>\r\n\t\t\t<\/ul><\/td>\r\n\t<\/tr>\r\n\t<!--<tr>\r\n\t    <td>Licitacions<\/td>\r\n\t    <td>Sense licitaci\u00f3.<\/td>\r\n\t<\/tr>-->\r\n\t<tr>\r\n\t\t<td>Convocat per<\/td>\r\n\t\t<td>\r\n\t\t\tPrograma que promou el Servei P\u00fablic d'Ocupaci\u00f3 de Catalunya, en el marc del Pla de Recuperaci\u00f3, Transformaci\u00f3 i Resili\u00e8ncia \u2013 Finan\u00e7at per la Uni\u00f3 Europea \u2013 NextGenerationEU.\r\n\r\n\t\t<\/td>\t\t\r\n\t<\/tr>\r\n\t\t\t\t\r\n<\/table>\r\n\r\n\t\t\t\t<\/div>\n\t\t\t\t<\/div>\n\t\t\t\t<div class=\"elementor-element elementor-element-99c9803 elementor-widget elementor-widget-image\" data-id=\"99c9803\" data-element_type=\"widget\" data-e-type=\"widget\" data-widget_type=\"image.default\">\n\t\t\t\t<div class=\"elementor-widget-container\">\n\t\t\t\t\t\t\t\t\t\t\t\t\t\t\t<img loading=\"lazy\" decoding=\"async\" width=\"300\" height=\"88\" src=\"https:\/\/nextgeneration.paeria.cat\/web\/wp-content\/uploads\/2022\/11\/Financat-per-la-Unio-Europea-300x88.jpg\" class=\"attachment-medium size-medium wp-image-1883\" alt=\"Logo Uni\u00f3 Europea NextGeneration\" srcset=\"https:\/\/nextgeneration.paeria.cat\/web\/wp-content\/uploads\/2022\/11\/Financat-per-la-Unio-Europea-300x88.jpg 300w, https:\/\/nextgeneration.paeria.cat\/web\/wp-content\/uploads\/2022\/11\/Financat-per-la-Unio-Europea-768x224.jpg 768w, https:\/\/nextgeneration.paeria.cat\/web\/wp-content\/uploads\/2022\/11\/Financat-per-la-Unio-Europea.jpg 873w\" sizes=\"(max-width: 300px) 100vw, 300px\" \/>\t\t\t\t\t\t\t\t\t\t\t\t\t\t\t<\/div>\n\t\t\t\t<\/div>\n\t\t\t\t<div class=\"elementor-element elementor-element-af6fad5 elementor-widget elementor-widget-image\" data-id=\"af6fad5\" data-element_type=\"widget\" data-e-type=\"widget\" data-widget_type=\"image.default\">\n\t\t\t\t<div class=\"elementor-widget-container\">\n\t\t\t\t\t\t\t\t\t\t\t\t\t\t\t<img loading=\"lazy\" decoding=\"async\" width=\"300\" height=\"169\" src=\"https:\/\/nextgeneration.paeria.cat\/web\/wp-content\/uploads\/2022\/11\/Logo-PRTR-tres-lineas_COLOR-300x169.png\" class=\"attachment-medium size-medium wp-image-1884\" alt=\"Logo PRTR\" srcset=\"https:\/\/nextgeneration.paeria.cat\/web\/wp-content\/uploads\/2022\/11\/Logo-PRTR-tres-lineas_COLOR-300x169.png 300w, https:\/\/nextgeneration.paeria.cat\/web\/wp-content\/uploads\/2022\/11\/Logo-PRTR-tres-lineas_COLOR-1024x576.png 1024w, https:\/\/nextgeneration.paeria.cat\/web\/wp-content\/uploads\/2022\/11\/Logo-PRTR-tres-lineas_COLOR-768x432.png 768w, https:\/\/nextgeneration.paeria.cat\/web\/wp-content\/uploads\/2022\/11\/Logo-PRTR-tres-lineas_COLOR-1536x864.png 1536w, https:\/\/nextgeneration.paeria.cat\/web\/wp-content\/uploads\/2022\/11\/Logo-PRTR-tres-lineas_COLOR.png 1920w\" sizes=\"(max-width: 300px) 100vw, 300px\" \/>\t\t\t\t\t\t\t\t\t\t\t\t\t\t\t<\/div>\n\t\t\t\t<\/div>\n\t\t\t\t<div class=\"elementor-element elementor-element-443cee7 elementor-widget elementor-widget-image\" data-id=\"443cee7\" data-element_type=\"widget\" data-e-type=\"widget\" data-widget_type=\"image.default\">\n\t\t\t\t<div class=\"elementor-widget-container\">\n\t\t\t\t\t\t\t\t\t\t\t\t\t\t\t<img loading=\"lazy\" decoding=\"async\" width=\"300\" height=\"127\" src=\"https:\/\/nextgeneration.paeria.cat\/web\/wp-content\/uploads\/2023\/02\/Ministeri-Treball-300px.png\" class=\"attachment-medium size-medium wp-image-2635\" alt=\"Ministerio de Trabajo y Econom\u00eda Social\" \/>\t\t\t\t\t\t\t\t\t\t\t\t\t\t\t<\/div>\n\t\t\t\t<\/div>\n\t\t\t\t<div class=\"elementor-element elementor-element-bd8f4b6 elementor-widget elementor-widget-image\" data-id=\"bd8f4b6\" data-element_type=\"widget\" data-e-type=\"widget\" data-widget_type=\"image.default\">\n\t\t\t\t<div class=\"elementor-widget-container\">\n\t\t\t\t\t\t\t\t\t\t\t\t\t\t\t<img loading=\"lazy\" decoding=\"async\" width=\"150\" height=\"150\" src=\"https:\/\/nextgeneration.paeria.cat\/web\/wp-content\/uploads\/2023\/02\/LOGOSEPEw300px-150x150.png\" class=\"attachment-thumbnail size-thumbnail wp-image-2636\" alt=\"Servicio P\u00fablico de Empleo Estatal\" \/>\t\t\t\t\t\t\t\t\t\t\t\t\t\t\t<\/div>\n\t\t\t\t<\/div>\n\t\t\t\t<div class=\"elementor-element elementor-element-b773295 elementor-widget elementor-widget-image\" data-id=\"b773295\" data-element_type=\"widget\" data-e-type=\"widget\" data-widget_type=\"image.default\">\n\t\t\t\t<div class=\"elementor-widget-container\">\n\t\t\t\t\t\t\t\t\t\t\t\t\t\t\t<img loading=\"lazy\" decoding=\"async\" width=\"300\" height=\"142\" src=\"https:\/\/nextgeneration.paeria.cat\/web\/wp-content\/uploads\/2022\/11\/logo-next-generation-catalunya.png\" class=\"attachment-medium size-medium wp-image-1979\" alt=\"Logo Next Generation Catalunya\" \/>\t\t\t\t\t\t\t\t\t\t\t\t\t\t\t<\/div>\n\t\t\t\t<\/div>\n\t\t\t\t<div class=\"elementor-element elementor-element-6adb6b9 elementor-widget elementor-widget-image\" data-id=\"6adb6b9\" data-element_type=\"widget\" data-e-type=\"widget\" data-widget_type=\"image.default\">\n\t\t\t\t<div class=\"elementor-widget-container\">\n\t\t\t\t\t\t\t\t\t\t\t\t\t\t\t<img loading=\"lazy\" decoding=\"async\" width=\"300\" height=\"70\" src=\"https:\/\/nextgeneration.paeria.cat\/web\/wp-content\/uploads\/2022\/12\/cultura_h3_width300px.png\" class=\"attachment-medium size-medium wp-image-2349\" alt=\"Departament de Cultura de la Generalitat de Catalunya\" \/>\t\t\t\t\t\t\t\t\t\t\t\t\t\t\t<\/div>\n\t\t\t\t<\/div>\n\t\t\t\t<div class=\"elementor-element elementor-element-3b42d7a elementor-widget elementor-widget-image\" data-id=\"3b42d7a\" data-element_type=\"widget\" data-e-type=\"widget\" data-widget_type=\"image.default\">\n\t\t\t\t<div class=\"elementor-widget-container\">\n\t\t\t\t\t\t\t\t\t\t\t\t\t\t\t<img loading=\"lazy\" decoding=\"async\" width=\"300\" height=\"53\" src=\"https:\/\/nextgeneration.paeria.cat\/web\/wp-content\/uploads\/2023\/02\/soc_2l_w300px.png\" class=\"attachment-medium size-medium wp-image-2637\" alt=\"Servei d&#039;Ocupaci\u00f3 de Catalunya\" \/>\t\t\t\t\t\t\t\t\t\t\t\t\t\t\t<\/div>\n\t\t\t\t<\/div>\n\t\t\t\t\t<\/div>\n\t\t<\/div>\n\t\t\t\t\t<\/div>\n\t\t<\/section>\n\t\t\t\t<section class=\"elementor-section elementor-top-section elementor-element elementor-element-20c99c2 elementor-section-boxed elementor-section-height-default elementor-section-height-default\" data-id=\"20c99c2\" data-element_type=\"section\" data-e-type=\"section\">\n\t\t\t\t\t\t<div class=\"elementor-container elementor-column-gap-default\">\n\t\t\t\t\t<div class=\"elementor-column elementor-col-100 elementor-top-column elementor-element elementor-element-f5e2d90\" data-id=\"f5e2d90\" data-element_type=\"column\" data-e-type=\"column\">\n\t\t\t<div class=\"elementor-widget-wrap elementor-element-populated\">\n\t\t\t\t\t\t<div class=\"elementor-element elementor-element-d159d20 elementor-widget elementor-widget-spacer\" data-id=\"d159d20\" data-element_type=\"widget\" data-e-type=\"widget\" data-widget_type=\"spacer.default\">\n\t\t\t\t<div class=\"elementor-widget-container\">\n\t\t\t\t\t\t\t<div class=\"elementor-spacer\">\n\t\t\t<div class=\"elementor-spacer-inner\"><\/div>\n\t\t<\/div>\n\t\t\t\t\t\t<\/div>\n\t\t\t\t<\/div>\n\t\t\t\t\t<\/div>\n\t\t<\/div>\n\t\t\t\t\t<\/div>\n\t\t<\/section>\n\t\t\t\t<\/div>\n\t\t","protected":false},"excerpt":{"rendered":"<p>Inici Projectes Projectes Next Generation d\u2019Organismes vinculats a La Paeria\u00a0 Projectes concedits Projecte Lleida Connect_ADA 2024 Durada i assoliment del projecte:Novembre 2024 &#8211; Abril 2025 Realitzat 100% Descripci\u00f3 Programa de formaci\u00f3 en compet\u00e8ncies digitals que es desenvolupar\u00e0 a trav\u00e9s del projecte Lleida Connecta que porta a terme a l\u2019IMO l\u2019Agent d\u2019Ocupaci\u00f3 i Desenvolupament Local (AODL). &#8230; <a title=\"Projecte Lleida Connect_ADA 2024\" class=\"read-more\" href=\"https:\/\/nextgeneration.paeria.cat\/web\/projecte-lleida-connect_ada-2024\/\" aria-label=\"M\u00e9s informaci\u00f3 sobre Projecte Lleida Connect_ADA 2024\">Llegiu m\u00e9s<\/a><\/p>\n","protected":false},"author":2,"featured_media":0,"comment_status":"closed","ping_status":"closed","sticky":false,"template":"","format":"standard","meta":{"_sitemap_exclude":false,"_sitemap_priority":"","_sitemap_frequency":"","footnotes":""},"categories":[22,3,6],"tags":[],"class_list":["post-6537","post","type-post","status-publish","format-standard","hentry","category-ov-presentat","category-propostes","category-pp-next-generation-organismes-vinculats-paeria"],"yoast_head":"<!-- This site is optimized with the Yoast SEO plugin v27.5 - https:\/\/yoast.com\/product\/yoast-seo-wordpress\/ -->\n<title>Projecte Lleida Connect_ADA 2024 - Next Generation Lleida - Propostes de projectes - La Paeria - Ajuntament de Lleida<\/title>\n<meta name=\"robots\" content=\"index, follow, max-snippet:-1, max-image-preview:large, max-video-preview:-1\" \/>\n<link rel=\"canonical\" href=\"https:\/\/nextgeneration.paeria.cat\/web\/projecte-lleida-connect_ada-2024\/\" \/>\n<meta property=\"og:locale\" content=\"ca_ES\" \/>\n<meta property=\"og:type\" content=\"article\" \/>\n<meta property=\"og:title\" content=\"Projecte Lleida Connect_ADA 2024 - Next Generation Lleida - Propostes de projectes - La Paeria - Ajuntament de Lleida\" \/>\n<meta property=\"og:description\" content=\"Inici Projectes Projectes Next Generation d\u2019Organismes vinculats a La Paeria\u00a0 Projectes concedits Projecte Lleida Connect_ADA 2024 Durada i assoliment del projecte:Novembre 2024 &#8211; Abril 2025 Realitzat 100% Descripci\u00f3 Programa de formaci\u00f3 en compet\u00e8ncies digitals que es desenvolupar\u00e0 a trav\u00e9s del projecte Lleida Connecta que porta a terme a l\u2019IMO l\u2019Agent d\u2019Ocupaci\u00f3 i Desenvolupament Local (AODL). ... Llegiu m\u00e9s\" \/>\n<meta property=\"og:url\" content=\"https:\/\/nextgeneration.paeria.cat\/web\/projecte-lleida-connect_ada-2024\/\" \/>\n<meta property=\"og:site_name\" content=\"Next Generation Lleida - Propostes de projectes - La Paeria - Ajuntament de Lleida\" \/>\n<meta property=\"article:published_time\" content=\"2024-06-19T11:24:13+00:00\" \/>\n<meta property=\"article:modified_time\" content=\"2025-08-06T07:02:59+00:00\" \/>\n<meta property=\"og:image\" content=\"https:\/\/nextgeneration.paeria.cat\/web\/wp-content\/uploads\/2021\/05\/li-color_15.png\" \/>\n<meta name=\"author\" content=\"admin-nextgeneration\" \/>\n<meta name=\"twitter:card\" content=\"summary_large_image\" \/>\n<meta name=\"twitter:label1\" content=\"Escrit per\" \/>\n\t<meta name=\"twitter:data1\" content=\"admin-nextgeneration\" \/>\n\t<meta name=\"twitter:label2\" content=\"Temps estimat de lectura\" \/>\n\t<meta name=\"twitter:data2\" content=\"5 minuts\" \/>\n<script type=\"application\/ld+json\" class=\"yoast-schema-graph\">{\"@context\":\"https:\\\/\\\/schema.org\",\"@graph\":[{\"@type\":\"Article\",\"@id\":\"https:\\\/\\\/nextgeneration.paeria.cat\\\/web\\\/projecte-lleida-connect_ada-2024\\\/#article\",\"isPartOf\":{\"@id\":\"https:\\\/\\\/nextgeneration.paeria.cat\\\/web\\\/projecte-lleida-connect_ada-2024\\\/\"},\"author\":{\"name\":\"admin-nextgeneration\",\"@id\":\"https:\\\/\\\/nextgeneration.paeria.cat\\\/web\\\/#\\\/schema\\\/person\\\/a12a490165bc044605332926bbdc1189\"},\"headline\":\"Projecte Lleida Connect_ADA 2024\",\"datePublished\":\"2024-06-19T11:24:13+00:00\",\"dateModified\":\"2025-08-06T07:02:59+00:00\",\"mainEntityOfPage\":{\"@id\":\"https:\\\/\\\/nextgeneration.paeria.cat\\\/web\\\/projecte-lleida-connect_ada-2024\\\/\"},\"wordCount\":366,\"publisher\":{\"@id\":\"https:\\\/\\\/nextgeneration.paeria.cat\\\/web\\\/#organization\"},\"image\":{\"@id\":\"https:\\\/\\\/nextgeneration.paeria.cat\\\/web\\\/projecte-lleida-connect_ada-2024\\\/#primaryimage\"},\"thumbnailUrl\":\"https:\\\/\\\/nextgeneration.paeria.cat\\\/web\\\/wp-content\\\/uploads\\\/2021\\\/05\\\/li-color_15.png\",\"articleSection\":[\"Presentat\",\"Propostes\",\"Propostes de projectes d'organismes vinculats Paeria\"],\"inLanguage\":\"ca\"},{\"@type\":\"WebPage\",\"@id\":\"https:\\\/\\\/nextgeneration.paeria.cat\\\/web\\\/projecte-lleida-connect_ada-2024\\\/\",\"url\":\"https:\\\/\\\/nextgeneration.paeria.cat\\\/web\\\/projecte-lleida-connect_ada-2024\\\/\",\"name\":\"Projecte Lleida Connect_ADA 2024 - Next Generation Lleida - Propostes de projectes - La Paeria - Ajuntament de Lleida\",\"isPartOf\":{\"@id\":\"https:\\\/\\\/nextgeneration.paeria.cat\\\/web\\\/#website\"},\"primaryImageOfPage\":{\"@id\":\"https:\\\/\\\/nextgeneration.paeria.cat\\\/web\\\/projecte-lleida-connect_ada-2024\\\/#primaryimage\"},\"image\":{\"@id\":\"https:\\\/\\\/nextgeneration.paeria.cat\\\/web\\\/projecte-lleida-connect_ada-2024\\\/#primaryimage\"},\"thumbnailUrl\":\"https:\\\/\\\/nextgeneration.paeria.cat\\\/web\\\/wp-content\\\/uploads\\\/2021\\\/05\\\/li-color_15.png\",\"datePublished\":\"2024-06-19T11:24:13+00:00\",\"dateModified\":\"2025-08-06T07:02:59+00:00\",\"breadcrumb\":{\"@id\":\"https:\\\/\\\/nextgeneration.paeria.cat\\\/web\\\/projecte-lleida-connect_ada-2024\\\/#breadcrumb\"},\"inLanguage\":\"ca\",\"potentialAction\":[{\"@type\":\"ReadAction\",\"target\":[\"https:\\\/\\\/nextgeneration.paeria.cat\\\/web\\\/projecte-lleida-connect_ada-2024\\\/\"]}]},{\"@type\":\"ImageObject\",\"inLanguage\":\"ca\",\"@id\":\"https:\\\/\\\/nextgeneration.paeria.cat\\\/web\\\/projecte-lleida-connect_ada-2024\\\/#primaryimage\",\"url\":\"https:\\\/\\\/nextgeneration.paeria.cat\\\/web\\\/wp-content\\\/uploads\\\/2021\\\/05\\\/li-color_15.png\",\"contentUrl\":\"https:\\\/\\\/nextgeneration.paeria.cat\\\/web\\\/wp-content\\\/uploads\\\/2021\\\/05\\\/li-color_15.png\",\"width\":8,\"height\":19},{\"@type\":\"BreadcrumbList\",\"@id\":\"https:\\\/\\\/nextgeneration.paeria.cat\\\/web\\\/projecte-lleida-connect_ada-2024\\\/#breadcrumb\",\"itemListElement\":[{\"@type\":\"ListItem\",\"position\":1,\"name\":\"Inici\",\"item\":\"https:\\\/\\\/nextgeneration.paeria.cat\\\/web\\\/\"},{\"@type\":\"ListItem\",\"position\":2,\"name\":\"Projecte Lleida Connect_ADA 2024\"}]},{\"@type\":\"WebSite\",\"@id\":\"https:\\\/\\\/nextgeneration.paeria.cat\\\/web\\\/#website\",\"url\":\"https:\\\/\\\/nextgeneration.paeria.cat\\\/web\\\/\",\"name\":\"Next Generation Lleida - Propostes de projectes - La Paeria - Ajuntament de Lleida\",\"description\":\"\",\"publisher\":{\"@id\":\"https:\\\/\\\/nextgeneration.paeria.cat\\\/web\\\/#organization\"},\"potentialAction\":[{\"@type\":\"SearchAction\",\"target\":{\"@type\":\"EntryPoint\",\"urlTemplate\":\"https:\\\/\\\/nextgeneration.paeria.cat\\\/web\\\/?s={search_term_string}\"},\"query-input\":{\"@type\":\"PropertyValueSpecification\",\"valueRequired\":true,\"valueName\":\"search_term_string\"}}],\"inLanguage\":\"ca\"},{\"@type\":\"Organization\",\"@id\":\"https:\\\/\\\/nextgeneration.paeria.cat\\\/web\\\/#organization\",\"name\":\"Next Generation Lleida - Propostes de projectes - La Paeria - Ajuntament de Lleida\",\"url\":\"https:\\\/\\\/nextgeneration.paeria.cat\\\/web\\\/\",\"logo\":{\"@type\":\"ImageObject\",\"inLanguage\":\"ca\",\"@id\":\"https:\\\/\\\/nextgeneration.paeria.cat\\\/web\\\/#\\\/schema\\\/logo\\\/image\\\/\",\"url\":\"https:\\\/\\\/nextgeneration.paeria.cat\\\/web\\\/wp-content\\\/uploads\\\/2023\\\/09\\\/cropped-titol.png\",\"contentUrl\":\"https:\\\/\\\/nextgeneration.paeria.cat\\\/web\\\/wp-content\\\/uploads\\\/2023\\\/09\\\/cropped-titol.png\",\"width\":1100,\"height\":220,\"caption\":\"Next Generation Lleida - Propostes de projectes - La Paeria - Ajuntament de Lleida\"},\"image\":{\"@id\":\"https:\\\/\\\/nextgeneration.paeria.cat\\\/web\\\/#\\\/schema\\\/logo\\\/image\\\/\"}},{\"@type\":\"Person\",\"@id\":\"https:\\\/\\\/nextgeneration.paeria.cat\\\/web\\\/#\\\/schema\\\/person\\\/a12a490165bc044605332926bbdc1189\",\"name\":\"admin-nextgeneration\",\"image\":{\"@type\":\"ImageObject\",\"inLanguage\":\"ca\",\"@id\":\"https:\\\/\\\/secure.gravatar.com\\\/avatar\\\/01bed9d6851a1f9c8ab5eb704ab3e7882815867f87a0ef562e77261bef722cbe?s=96&d=mm&r=g\",\"url\":\"https:\\\/\\\/secure.gravatar.com\\\/avatar\\\/01bed9d6851a1f9c8ab5eb704ab3e7882815867f87a0ef562e77261bef722cbe?s=96&d=mm&r=g\",\"contentUrl\":\"https:\\\/\\\/secure.gravatar.com\\\/avatar\\\/01bed9d6851a1f9c8ab5eb704ab3e7882815867f87a0ef562e77261bef722cbe?s=96&d=mm&r=g\",\"caption\":\"admin-nextgeneration\"}}]}<\/script>\n<!-- \/ Yoast SEO plugin. -->","yoast_head_json":{"title":"Projecte Lleida Connect_ADA 2024 - Next Generation Lleida - Propostes de projectes - La Paeria - Ajuntament de Lleida","robots":{"index":"index","follow":"follow","max-snippet":"max-snippet:-1","max-image-preview":"max-image-preview:large","max-video-preview":"max-video-preview:-1"},"canonical":"https:\/\/nextgeneration.paeria.cat\/web\/projecte-lleida-connect_ada-2024\/","og_locale":"ca_ES","og_type":"article","og_title":"Projecte Lleida Connect_ADA 2024 - Next Generation Lleida - Propostes de projectes - La Paeria - Ajuntament de Lleida","og_description":"Inici Projectes Projectes Next Generation d\u2019Organismes vinculats a La Paeria\u00a0 Projectes concedits Projecte Lleida Connect_ADA 2024 Durada i assoliment del projecte:Novembre 2024 &#8211; Abril 2025 Realitzat 100% Descripci\u00f3 Programa de formaci\u00f3 en compet\u00e8ncies digitals que es desenvolupar\u00e0 a trav\u00e9s del projecte Lleida Connecta que porta a terme a l\u2019IMO l\u2019Agent d\u2019Ocupaci\u00f3 i Desenvolupament Local (AODL). ... Llegiu m\u00e9s","og_url":"https:\/\/nextgeneration.paeria.cat\/web\/projecte-lleida-connect_ada-2024\/","og_site_name":"Next Generation Lleida - Propostes de projectes - La Paeria - Ajuntament de Lleida","article_published_time":"2024-06-19T11:24:13+00:00","article_modified_time":"2025-08-06T07:02:59+00:00","og_image":[{"url":"https:\/\/nextgeneration.paeria.cat\/web\/wp-content\/uploads\/2021\/05\/li-color_15.png","type":"","width":"","height":""}],"author":"admin-nextgeneration","twitter_card":"summary_large_image","twitter_misc":{"Escrit per":"admin-nextgeneration","Temps estimat de lectura":"5 minuts"},"schema":{"@context":"https:\/\/schema.org","@graph":[{"@type":"Article","@id":"https:\/\/nextgeneration.paeria.cat\/web\/projecte-lleida-connect_ada-2024\/#article","isPartOf":{"@id":"https:\/\/nextgeneration.paeria.cat\/web\/projecte-lleida-connect_ada-2024\/"},"author":{"name":"admin-nextgeneration","@id":"https:\/\/nextgeneration.paeria.cat\/web\/#\/schema\/person\/a12a490165bc044605332926bbdc1189"},"headline":"Projecte Lleida Connect_ADA 2024","datePublished":"2024-06-19T11:24:13+00:00","dateModified":"2025-08-06T07:02:59+00:00","mainEntityOfPage":{"@id":"https:\/\/nextgeneration.paeria.cat\/web\/projecte-lleida-connect_ada-2024\/"},"wordCount":366,"publisher":{"@id":"https:\/\/nextgeneration.paeria.cat\/web\/#organization"},"image":{"@id":"https:\/\/nextgeneration.paeria.cat\/web\/projecte-lleida-connect_ada-2024\/#primaryimage"},"thumbnailUrl":"https:\/\/nextgeneration.paeria.cat\/web\/wp-content\/uploads\/2021\/05\/li-color_15.png","articleSection":["Presentat","Propostes","Propostes de projectes d'organismes vinculats Paeria"],"inLanguage":"ca"},{"@type":"WebPage","@id":"https:\/\/nextgeneration.paeria.cat\/web\/projecte-lleida-connect_ada-2024\/","url":"https:\/\/nextgeneration.paeria.cat\/web\/projecte-lleida-connect_ada-2024\/","name":"Projecte Lleida Connect_ADA 2024 - Next Generation Lleida - Propostes de projectes - La Paeria - Ajuntament de Lleida","isPartOf":{"@id":"https:\/\/nextgeneration.paeria.cat\/web\/#website"},"primaryImageOfPage":{"@id":"https:\/\/nextgeneration.paeria.cat\/web\/projecte-lleida-connect_ada-2024\/#primaryimage"},"image":{"@id":"https:\/\/nextgeneration.paeria.cat\/web\/projecte-lleida-connect_ada-2024\/#primaryimage"},"thumbnailUrl":"https:\/\/nextgeneration.paeria.cat\/web\/wp-content\/uploads\/2021\/05\/li-color_15.png","datePublished":"2024-06-19T11:24:13+00:00","dateModified":"2025-08-06T07:02:59+00:00","breadcrumb":{"@id":"https:\/\/nextgeneration.paeria.cat\/web\/projecte-lleida-connect_ada-2024\/#breadcrumb"},"inLanguage":"ca","potentialAction":[{"@type":"ReadAction","target":["https:\/\/nextgeneration.paeria.cat\/web\/projecte-lleida-connect_ada-2024\/"]}]},{"@type":"ImageObject","inLanguage":"ca","@id":"https:\/\/nextgeneration.paeria.cat\/web\/projecte-lleida-connect_ada-2024\/#primaryimage","url":"https:\/\/nextgeneration.paeria.cat\/web\/wp-content\/uploads\/2021\/05\/li-color_15.png","contentUrl":"https:\/\/nextgeneration.paeria.cat\/web\/wp-content\/uploads\/2021\/05\/li-color_15.png","width":8,"height":19},{"@type":"BreadcrumbList","@id":"https:\/\/nextgeneration.paeria.cat\/web\/projecte-lleida-connect_ada-2024\/#breadcrumb","itemListElement":[{"@type":"ListItem","position":1,"name":"Inici","item":"https:\/\/nextgeneration.paeria.cat\/web\/"},{"@type":"ListItem","position":2,"name":"Projecte Lleida Connect_ADA 2024"}]},{"@type":"WebSite","@id":"https:\/\/nextgeneration.paeria.cat\/web\/#website","url":"https:\/\/nextgeneration.paeria.cat\/web\/","name":"Next Generation Lleida - Propostes de projectes - La Paeria - Ajuntament de Lleida","description":"","publisher":{"@id":"https:\/\/nextgeneration.paeria.cat\/web\/#organization"},"potentialAction":[{"@type":"SearchAction","target":{"@type":"EntryPoint","urlTemplate":"https:\/\/nextgeneration.paeria.cat\/web\/?s={search_term_string}"},"query-input":{"@type":"PropertyValueSpecification","valueRequired":true,"valueName":"search_term_string"}}],"inLanguage":"ca"},{"@type":"Organization","@id":"https:\/\/nextgeneration.paeria.cat\/web\/#organization","name":"Next Generation Lleida - Propostes de projectes - La Paeria - Ajuntament de Lleida","url":"https:\/\/nextgeneration.paeria.cat\/web\/","logo":{"@type":"ImageObject","inLanguage":"ca","@id":"https:\/\/nextgeneration.paeria.cat\/web\/#\/schema\/logo\/image\/","url":"https:\/\/nextgeneration.paeria.cat\/web\/wp-content\/uploads\/2023\/09\/cropped-titol.png","contentUrl":"https:\/\/nextgeneration.paeria.cat\/web\/wp-content\/uploads\/2023\/09\/cropped-titol.png","width":1100,"height":220,"caption":"Next Generation Lleida - Propostes de projectes - La Paeria - Ajuntament de Lleida"},"image":{"@id":"https:\/\/nextgeneration.paeria.cat\/web\/#\/schema\/logo\/image\/"}},{"@type":"Person","@id":"https:\/\/nextgeneration.paeria.cat\/web\/#\/schema\/person\/a12a490165bc044605332926bbdc1189","name":"admin-nextgeneration","image":{"@type":"ImageObject","inLanguage":"ca","@id":"https:\/\/secure.gravatar.com\/avatar\/01bed9d6851a1f9c8ab5eb704ab3e7882815867f87a0ef562e77261bef722cbe?s=96&d=mm&r=g","url":"https:\/\/secure.gravatar.com\/avatar\/01bed9d6851a1f9c8ab5eb704ab3e7882815867f87a0ef562e77261bef722cbe?s=96&d=mm&r=g","contentUrl":"https:\/\/secure.gravatar.com\/avatar\/01bed9d6851a1f9c8ab5eb704ab3e7882815867f87a0ef562e77261bef722cbe?s=96&d=mm&r=g","caption":"admin-nextgeneration"}}]}},"_links":{"self":[{"href":"https:\/\/nextgeneration.paeria.cat\/web\/wp-json\/wp\/v2\/posts\/6537","targetHints":{"allow":["GET"]}}],"collection":[{"href":"https:\/\/nextgeneration.paeria.cat\/web\/wp-json\/wp\/v2\/posts"}],"about":[{"href":"https:\/\/nextgeneration.paeria.cat\/web\/wp-json\/wp\/v2\/types\/post"}],"author":[{"embeddable":true,"href":"https:\/\/nextgeneration.paeria.cat\/web\/wp-json\/wp\/v2\/users\/2"}],"replies":[{"embeddable":true,"href":"https:\/\/nextgeneration.paeria.cat\/web\/wp-json\/wp\/v2\/comments?post=6537"}],"version-history":[{"count":34,"href":"https:\/\/nextgeneration.paeria.cat\/web\/wp-json\/wp\/v2\/posts\/6537\/revisions"}],"predecessor-version":[{"id":8154,"href":"https:\/\/nextgeneration.paeria.cat\/web\/wp-json\/wp\/v2\/posts\/6537\/revisions\/8154"}],"wp:attachment":[{"href":"https:\/\/nextgeneration.paeria.cat\/web\/wp-json\/wp\/v2\/media?parent=6537"}],"wp:term":[{"taxonomy":"category","embeddable":true,"href":"https:\/\/nextgeneration.paeria.cat\/web\/wp-json\/wp\/v2\/categories?post=6537"},{"taxonomy":"post_tag","embeddable":true,"href":"https:\/\/nextgeneration.paeria.cat\/web\/wp-json\/wp\/v2\/tags?post=6537"}],"curies":[{"name":"wp","href":"https:\/\/api.w.org\/{rel}","templated":true}]}}