{"id":6556,"date":"2024-06-19T08:56:30","date_gmt":"2024-06-19T06:56:30","guid":{"rendered":"https:\/\/nextgeneration.paeria.cat\/web\/?p=6556"},"modified":"2024-06-21T09:05:55","modified_gmt":"2024-06-21T07:05:55","slug":"la-paeria-inicia-la-licitacio-de-les-obres-de-reforma-de-la-rambla-ferran","status":"publish","type":"post","link":"https:\/\/nextgeneration.paeria.cat\/web\/la-paeria-inicia-la-licitacio-de-les-obres-de-reforma-de-la-rambla-ferran\/","title":{"rendered":"La Paeria inicia la licitaci\u00f3 de les obres de reforma de la Rambla Ferran"},"content":{"rendered":"\t\t<div data-elementor-type=\"wp-post\" data-elementor-id=\"6556\" class=\"elementor elementor-6556\">\n\t\t\t\t\t\t<section class=\"elementor-section elementor-top-section elementor-element elementor-element-a45c10b elementor-section-boxed elementor-section-height-default elementor-section-height-default\" data-id=\"a45c10b\" data-element_type=\"section\" data-e-type=\"section\">\n\t\t\t\t\t\t<div class=\"elementor-container elementor-column-gap-default\">\n\t\t\t\t\t<div class=\"elementor-column elementor-col-100 elementor-top-column elementor-element elementor-element-1615ff8\" data-id=\"1615ff8\" data-element_type=\"column\" data-e-type=\"column\">\n\t\t\t<div class=\"elementor-widget-wrap elementor-element-populated\">\n\t\t\t\t\t\t<div class=\"elementor-element elementor-element-fbe6637 elementor-widget elementor-widget-text-editor\" data-id=\"fbe6637\" data-element_type=\"widget\" data-e-type=\"widget\" data-widget_type=\"text-editor.default\">\n\t\t\t\t<div class=\"elementor-widget-container\">\n\t\t\t\t\t\t\t\t\t<p><strong>Avui s\u2019ha donat compte del projecte a la Comissi\u00f3 de Gesti\u00f3 de la Ciutat i est\u00e0 previst que els treballs puguin comen\u00e7ar al setembre<\/strong><\/p><div class=\"documentDescription description\"><p><strong>La comissi\u00f3 tamb\u00e9 ha informat de la licitaci\u00f3 d\u2019un nou sistema inform\u00e0tic per a la Gu\u00e0rdia Urbana<\/strong><\/p><\/div><p>La Comissi\u00f3 de Gesti\u00f3 de la Ciutat ha informat avui de l\u2019aprovaci\u00f3 dels plecs de cl\u00e0usules i l\u2019inici de la licitaci\u00f3 de les obres de remodelaci\u00f3 de la Rambla Ferran, distribu\u00efdes en dos lots i incloses dins de <a href=\"https:\/\/nextgeneration.paeria.cat\/web\/la-paeria-impulsa-la-revitalitzacio-de-la-rambla-de-ferran\/\">l\u2019Operaci\u00f3 Rambla, que va presentar el govern municipal el mes passat<\/a>.<\/p><p>L\u2019actuaci\u00f3 abasta des de la pla\u00e7a Ramon Berenguer IV fins al carrer de Riquer i contempla l\u2019ampliaci\u00f3 de l\u2019espai per a vianants, millorant l\u2019accessibilitat i la seguretat vi\u00e0ria, gr\u00e0cies a la pacificaci\u00f3 del tr\u00e0nsit.<\/p><p>Per una banda, s\u2019aborda l\u2019ampliaci\u00f3 de la vorera del costat del Museu Morera i la Diputaci\u00f3, que passar\u00e0 de 2,8 a 5 metres d\u2019ample, duplicant gaireb\u00e9 la superf\u00edcie per a vianants, que passa de 1.250 a 2.400 metres quadrats. Tamb\u00e9 s\u2019hi plantaran 39 arbres, s\u2019instal\u00b7laran 24 columnes amb 48 llumin\u00e0ries i es renovar\u00e0 la xarxa d\u2019aigua potable i el mobiliari urb\u00e0.<\/p><p>Aquestes actuacions conformen el lot 1 de l\u2019obra, que t\u00e9 un per\u00edode d\u2019execuci\u00f3 de 5 mesos i un pressupost per contracte de 934.465,35 euros (IVA incl\u00f2s).<\/p><p>Per altra banda, tamb\u00e9 s\u2019actua reduint l\u2019amplada de la cal\u00e7ada dels tres carrils actuals a dos, un d\u2019ells reservat per al transport p\u00fablic com a carril bus. D\u2019aquesta manera, la cal\u00e7ada passa de 7,8 a 5,8 metres d\u2019ample. A m\u00e9s d\u2019estretir-se, el paviment s\u2019elevar\u00e0, perqu\u00e8 conformi una plataforma \u00fanica al mateix nivell de la vorera lateral i la part central de la rambla.<\/p><p>Aix\u00f2 permetr\u00e0 pacificar el tr\u00e0nsit i facilitar l\u2019organitzaci\u00f3 d\u2019activitats puntuals tancant al tr\u00e0nsit tot aquest sector, que conformar\u00e0 aleshores una gran pla\u00e7a. Tamb\u00e9 s\u2019hi preveu la renovaci\u00f3 del col\u00b7lector d\u2019aig\u00fces pluvials, la renovaci\u00f3 del mobiliari urb\u00e0 (32 bancs, 10 papereres i 6 estacionaments de bicis) i la plantaci\u00f3 de nova vegetaci\u00f3 arbustiva en 25 jardineres.<\/p><p>Aquestes actuacions conformen el lot 2 de l\u2019obra, que t\u00e9 un per\u00edode d\u2019execuci\u00f3 de dos mesos i mig i un pressupost per contracte de 604.939,5 euros (IVA incl\u00f2s).<\/p><p>Est\u00e0 previst que les obres s\u2019inici\u00efn al setembre pel lot 2, corresponent a la cal\u00e7ada, amb la previsi\u00f3 d\u2019acabar-lo a finals d\u2019any. A continuaci\u00f3 es duran a terme les obres del lot 1, que est\u00e0 previst que estiguin llestes abans de la festa major de l\u2019any vinent.<\/p><p>Aquestes obres compten amb finan\u00e7ament de fons europeus NextGenerationEU, dins del Pla de Recuperaci\u00f3, Transformaci\u00f3 i Resili\u00e8ncia del govern de l\u2019Estat, a trav\u00e9s de dos projectes diferents. Aix\u00ed, el lot 1 correspon a una actuaci\u00f3 derivada del projecte de <a href=\"https:\/\/nextgeneration.paeria.cat\/web\/transformacio-sostenible-i-digital-del-transport-a-lleida\/\">Transformaci\u00f3 sostenible i digital del transport a Lleida<\/a>, mentre que el lot 2 forma part del projecte <a href=\"https:\/\/nextgeneration.paeria.cat\/web\/compra-a-lleida-2\/\">Compra a Lleida<\/a>.<\/p><p><strong>Nou sistema inform\u00e0tic per a la Gu\u00e0rdia Urbana<\/strong><\/p><p>Avui tamb\u00e9 s&#8217;ha informat a la comissi\u00f3 que la Paeria licitar\u00e0 el contracte per al subministrament de llic\u00e8ncies i d\u2019\u00fas i implantaci\u00f3 d\u2019un nou sistema inform\u00e0tic per a la gesti\u00f3 integral de la Gu\u00e0rdia Urbana i el servei de manteniment integral, formaci\u00f3 i suport a l\u2019usuari per un import de 187.015,18 \u20ac que es repartiran en 4 anualitats (2024-2027).<\/p><p>L\u2019objecte del contracte \u00e9s el subministrament d\u2019\u00fas de m\u00faltiples llic\u00e8ncies individuals (un m\u00ednim de 240 persones, entre els quals hi haur\u00e0 agents de la policia municipal i treballadors de l\u2019Ajuntament de Lleida) d\u2019un programari de gesti\u00f3 integral policial que inclou la implantaci\u00f3 i posada en marxa del mateix, la migraci\u00f3 de les dades actuals, la seva integraci\u00f3 amb altres sistemes (DGT, padr\u00f3 d\u2019habitants, cens municipals de vehicles, teleassist\u00e8ncia, telealarmes, Xarxa Rescat i Active Directory), servei de manteniment integral, servei de suport a l\u2019usuari i la formaci\u00f3 inicial i continuada.<\/p><p>El nou sistema inform\u00e0tic inclour\u00e0, tamb\u00e9, un Portal de Persona Empleada i una APP (Android, IOS i Windows) amb disponibilitat les 24 hores tots els dies de l\u2019any.<\/p><p>El sistema s\u2019haur\u00e0 d\u2019integrar amb la centraleta de la Paeria, que tindr\u00e0 una \u00fanica cua d\u2019entrada de trucades per a tots els operadors de sala de la policia local i aquests podran veure les trucades entrants, quantes hi ha pendents de ser ateses i quant temps porten en espera i podran triar la seg\u00fcent a atendre. En la sala de control podran haver-hi fins a 10 agents.<\/p><p>Quan la persona operadora atengui la trucada el sistema mostrar\u00e0 en pantalla el n\u00famero, la persona associada, identificant el titular, ja sigui m\u00f2bil o fix. El sistema omplir\u00e0 de forma autom\u00e0tica aquestes dades en el formulari de la incid\u00e8ncia a registrar.<\/p><p>Pel que fa a les funcionalitats espec\u00edfiques policials, la plataforma ha de permetre, entre altres, el registre i anotaci\u00f3 de les actuacions i intervencions policials, aix\u00ed com els serveis planificats per part de la prefectura.<\/p><p>En mat\u00e8ria de tr\u00e0nsit, el nou programari tamb\u00e9 permetr\u00e0 la millora de la seva gesti\u00f3, ja que pel que fa als accidents permetr\u00e0 el registre i gesti\u00f3 dels mateixos ocorreguts a la ciutat i en qu\u00e8 hi hagi intervingut la Gu\u00e0rdia Urbana. Tamb\u00e9 ser\u00e0 possible realitzar croquis dels accidents, aix\u00ed com registrar i gestionar les infraccions de tr\u00e0nsit, de la grua i del dip\u00f2sit de vehicles, talls i ocupacions de la via p\u00fablica i guals.<\/p><p>En l\u2019\u00e0mbit de la policia administrativa tamb\u00e9 millorar\u00e0 el registre i l\u2019anotaci\u00f3 dels actes administratius de la Gu\u00e0rdia Urbana, aix\u00ed com el registre de documents i dels objectes trobats.<\/p><p>La plataforma ha de permetre a la policia judicial el registre i anotaci\u00f3 de les dilig\u00e8ncies policials, la cust\u00f2dia de detinguts, citacions judicials i altres comunicacions.<\/p><p>El nou sistema inform\u00e0tic tamb\u00e9 incorporar\u00e0 millores en la gesti\u00f3 dels recursos humans i la gesti\u00f3 interna dels agents de la Gu\u00e0rdia Urbana, aix\u00ed com el personal administratiu.<\/p><p>Tots els \u00e0mbits de gesti\u00f3 del nou programari inform\u00e0tic -Serveis, Arxiu, Tr\u00e0nsit, Policia judicial i Policia administrativa- emmagatzemaran les localitzacions on ha tingut lloc l\u2019actuaci\u00f3. Per tant, totes les adreces que generi el sistema han de permetre geolocalitzaci\u00f3 amb coordenades GPS amb format Google (longitud i latitud).<\/p><p>Les dades existents i les geolocalitzacions podran ser filtrades i segmentades utilitzant diversos criteris, com poden ser un per\u00edode entre dates, fets d\u2019una naturalesa determinada, etc.<\/p><p>El servei, amb totes les funcionalitats, haur\u00e0 d\u2019estar totalment operatiu en el termini de tres mesos, a comptar a partir de l\u2019adjudicaci\u00f3 i formalitzaci\u00f3 del contracte. Per tant, es preveu que entri en funcionament durant el mes d\u2019octubre.<\/p><p><strong>Altres contractes<\/strong><\/p><p>En l\u2019\u00e0mbit de Contractaci\u00f3, la comissi\u00f3 tamb\u00e9 ha informat de la licitaci\u00f3 del contracte del servei de resid\u00e8ncia canina, que permetr\u00e0 ressituar temporalment 15 gossos que ocupen box individual al Refugi dels Peluts, on hi ha manca d\u2019espai. El pressupost de licitaci\u00f3 \u00e9s de 109.500 euros m\u00e9s IVA, per un per\u00edode de dos anys, a partir de l\u20191 de desembre.<\/p><p>Per part de la Gu\u00e0rdia Urbana, es tramita l\u2019inici de la licitaci\u00f3 per a la compra de 15 motos amb equipament especial per patrullatge i la identificaci\u00f3 visual com a vehicles policials. Es compraran 6 motos de cilindrada inferior (de 320 a 350 cc) i 9 de cilindrada superior (de 700 a 800 cc) entre aquest any i el vinent. El pressupost total \u00e9s de 165.000 euros (m\u00e9s IVA).<\/p><p>En l\u2019\u00e0mbit del Parc M\u00f2bil, es licita tamb\u00e9 el contracte del servei de manteniment i reparacions dels vehicles municipals, distribu\u00eft en quatre lots (turismes i furgonetes, furgonetes grans i camions, cotxes i motos de la Gu\u00e0rdia Urbana). El contracte \u00e9s per un per\u00edode de dos anys per un import total, sumant els 4 lots, de 255.516 euros (m\u00e9s IVA).<\/p><p><strong>Resoluci\u00f3 d\u2019un recurs<\/strong><\/p><p>D\u2019altra banda, la comissi\u00f3 ha informat tamb\u00e9 de l\u2019estimaci\u00f3 parcial del recurs presentat per diversos regidors i regidores del grup municipal d\u2019ERC contra l\u2019acord de ple d\u2019actualitzaci\u00f3 de l\u2019inventari dels b\u00e9ns i drets que integren el Patrimoni municipal de s\u00f2l i habitatge, en el sentit d\u2019actualitzar el valor de la finca 13bis del pla parcial del SUR 42 Torre Salses, que quedar\u00e0 inscrit amb una valoraci\u00f3 d\u20191.370.485,11 euros.<\/p>\t\t\t\t\t\t\t\t<\/div>\n\t\t\t\t<\/div>\n\t\t\t\t\t<\/div>\n\t\t<\/div>\n\t\t\t\t\t<\/div>\n\t\t<\/section>\n\t\t\t\t<section class=\"elementor-section elementor-top-section elementor-element elementor-element-a781ed5 elementor-hidden-desktop elementor-hidden-tablet elementor-hidden-mobile elementor-section-boxed elementor-section-height-default elementor-section-height-default\" data-id=\"a781ed5\" data-element_type=\"section\" data-e-type=\"section\">\n\t\t\t\t\t\t<div class=\"elementor-container elementor-column-gap-default\">\n\t\t\t\t\t<div class=\"elementor-column elementor-col-25 elementor-top-column elementor-element elementor-element-891da33\" data-id=\"891da33\" data-element_type=\"column\" data-e-type=\"column\">\n\t\t\t<div class=\"elementor-widget-wrap elementor-element-populated\">\n\t\t\t\t\t\t<div class=\"elementor-element elementor-element-1fe72f0 elementor-widget elementor-widget-image\" data-id=\"1fe72f0\" data-element_type=\"widget\" data-e-type=\"widget\" data-widget_type=\"image.default\">\n\t\t\t\t<div class=\"elementor-widget-container\">\n\t\t\t\t\t\t\t\t\t\t\t\t\t\t\t<img fetchpriority=\"high\" decoding=\"async\" width=\"873\" height=\"255\" src=\"https:\/\/nextgeneration.paeria.cat\/web\/wp-content\/uploads\/2022\/11\/Financat-per-la-Unio-Europea.jpg\" class=\"attachment-large size-large wp-image-1883\" alt=\"Logo Uni\u00f3 Europea NextGeneration\" srcset=\"https:\/\/nextgeneration.paeria.cat\/web\/wp-content\/uploads\/2022\/11\/Financat-per-la-Unio-Europea.jpg 873w, https:\/\/nextgeneration.paeria.cat\/web\/wp-content\/uploads\/2022\/11\/Financat-per-la-Unio-Europea-300x88.jpg 300w, https:\/\/nextgeneration.paeria.cat\/web\/wp-content\/uploads\/2022\/11\/Financat-per-la-Unio-Europea-768x224.jpg 768w\" sizes=\"(max-width: 873px) 100vw, 873px\" \/>\t\t\t\t\t\t\t\t\t\t\t\t\t\t\t<\/div>\n\t\t\t\t<\/div>\n\t\t\t\t\t<\/div>\n\t\t<\/div>\n\t\t\t\t<div class=\"elementor-column elementor-col-25 elementor-top-column elementor-element elementor-element-c82c55a\" data-id=\"c82c55a\" data-element_type=\"column\" data-e-type=\"column\">\n\t\t\t<div class=\"elementor-widget-wrap elementor-element-populated\">\n\t\t\t\t\t\t<div class=\"elementor-element elementor-element-8584653 elementor-widget elementor-widget-image\" data-id=\"8584653\" data-element_type=\"widget\" data-e-type=\"widget\" data-widget_type=\"image.default\">\n\t\t\t\t<div class=\"elementor-widget-container\">\n\t\t\t\t\t\t\t\t\t\t\t\t\t\t\t<img decoding=\"async\" width=\"748\" height=\"229\" src=\"https:\/\/nextgeneration.paeria.cat\/web\/wp-content\/uploads\/2023\/11\/PRTR-CATALA-3-linies-1.jpg\" class=\"attachment-large size-large wp-image-5065\" alt=\"\" srcset=\"https:\/\/nextgeneration.paeria.cat\/web\/wp-content\/uploads\/2023\/11\/PRTR-CATALA-3-linies-1.jpg 748w, https:\/\/nextgeneration.paeria.cat\/web\/wp-content\/uploads\/2023\/11\/PRTR-CATALA-3-linies-1-300x92.jpg 300w\" sizes=\"(max-width: 748px) 100vw, 748px\" \/>\t\t\t\t\t\t\t\t\t\t\t\t\t\t\t<\/div>\n\t\t\t\t<\/div>\n\t\t\t\t\t<\/div>\n\t\t<\/div>\n\t\t\t\t<div class=\"elementor-column elementor-col-25 elementor-top-column elementor-element elementor-element-c18412b\" data-id=\"c18412b\" data-element_type=\"column\" data-e-type=\"column\">\n\t\t\t<div class=\"elementor-widget-wrap elementor-element-populated\">\n\t\t\t\t\t\t<div class=\"elementor-element elementor-element-9d9cb22 elementor-widget elementor-widget-image\" data-id=\"9d9cb22\" data-element_type=\"widget\" data-e-type=\"widget\" data-widget_type=\"image.default\">\n\t\t\t\t<div class=\"elementor-widget-container\">\n\t\t\t\t\t\t\t\t\t\t\t\t\t\t\t<img decoding=\"async\" src=\"https:\/\/nextgeneration.paeria.cat\/web\/wp-content\/uploads\/elementor\/thumbs\/logo-ministerio-transicion-ecologica-pxjxfdno43tpihdkre63laq57nv35geh1coflzao74.png\" title=\"logo-ministerio-transicion-ecologica\" alt=\"logo-ministerio-transicion-ecologica\" loading=\"lazy\" \/>\t\t\t\t\t\t\t\t\t\t\t\t\t\t\t<\/div>\n\t\t\t\t<\/div>\n\t\t\t\t\t<\/div>\n\t\t<\/div>\n\t\t\t\t<div class=\"elementor-column elementor-col-25 elementor-top-column elementor-element elementor-element-a2e78c3\" data-id=\"a2e78c3\" data-element_type=\"column\" data-e-type=\"column\">\n\t\t\t<div class=\"elementor-widget-wrap elementor-element-populated\">\n\t\t\t\t\t\t<div class=\"elementor-element elementor-element-5b52bcc elementor-widget elementor-widget-image\" data-id=\"5b52bcc\" data-element_type=\"widget\" data-e-type=\"widget\" data-widget_type=\"image.default\">\n\t\t\t\t<div class=\"elementor-widget-container\">\n\t\t\t\t\t\t\t\t\t\t\t\t\t\t\t<img decoding=\"async\" src=\"https:\/\/nextgeneration.paeria.cat\/web\/wp-content\/uploads\/elementor\/thumbs\/logo-fundacion-biodiversidad-pxjxfcptx9sf6vexwvrh0syom9zpxraqp80y4pc2dc.png\" title=\"logo-fundacion-biodiversidad\" alt=\"logo-fundacion-biodiversidad\" loading=\"lazy\" \/>\t\t\t\t\t\t\t\t\t\t\t\t\t\t\t<\/div>\n\t\t\t\t<\/div>\n\t\t\t\t\t<\/div>\n\t\t<\/div>\n\t\t\t\t\t<\/div>\n\t\t<\/section>\n\t\t\t\t<\/div>\n\t\t","protected":false},"excerpt":{"rendered":"<p>Avui s\u2019ha donat compte del projecte a la Comissi\u00f3 de Gesti\u00f3 de la Ciutat i est\u00e0 previst que els treballs puguin comen\u00e7ar al setembre La comissi\u00f3 tamb\u00e9 ha informat de la licitaci\u00f3 d\u2019un nou sistema inform\u00e0tic per a la Gu\u00e0rdia Urbana La Comissi\u00f3 de Gesti\u00f3 de la Ciutat ha informat avui de l\u2019aprovaci\u00f3 dels plecs &#8230; <a title=\"La Paeria inicia la licitaci\u00f3 de les obres de reforma de la Rambla Ferran\" class=\"read-more\" href=\"https:\/\/nextgeneration.paeria.cat\/web\/la-paeria-inicia-la-licitacio-de-les-obres-de-reforma-de-la-rambla-ferran\/\" aria-label=\"M\u00e9s informaci\u00f3 sobre La Paeria inicia la licitaci\u00f3 de les obres de reforma de la Rambla Ferran\">Llegiu m\u00e9s<\/a><\/p>\n","protected":false},"author":2,"featured_media":6557,"comment_status":"closed","ping_status":"closed","sticky":false,"template":"","format":"standard","meta":{"_sitemap_exclude":false,"_sitemap_priority":"","_sitemap_frequency":"","footnotes":""},"categories":[4],"tags":[],"class_list":["post-6556","post","type-post","status-publish","format-standard","has-post-thumbnail","hentry","category-noticies"],"yoast_head":"<!-- This site is optimized with the Yoast SEO plugin v27.5 - https:\/\/yoast.com\/product\/yoast-seo-wordpress\/ -->\n<title>La Paeria inicia la licitaci\u00f3 de les obres de reforma de la Rambla Ferran - Next Generation Lleida - Propostes de projectes - La Paeria - Ajuntament de Lleida<\/title>\n<meta name=\"robots\" content=\"index, follow, max-snippet:-1, max-image-preview:large, max-video-preview:-1\" \/>\n<link rel=\"canonical\" href=\"https:\/\/nextgeneration.paeria.cat\/web\/la-paeria-inicia-la-licitacio-de-les-obres-de-reforma-de-la-rambla-ferran\/\" \/>\n<meta property=\"og:locale\" content=\"ca_ES\" \/>\n<meta property=\"og:type\" content=\"article\" \/>\n<meta property=\"og:title\" content=\"La Paeria inicia la licitaci\u00f3 de les obres de reforma de la Rambla Ferran - Next Generation Lleida - Propostes de projectes - La Paeria - Ajuntament de Lleida\" \/>\n<meta property=\"og:description\" content=\"Avui s\u2019ha donat compte del projecte a la Comissi\u00f3 de Gesti\u00f3 de la Ciutat i est\u00e0 previst que els treballs puguin comen\u00e7ar al setembre La comissi\u00f3 tamb\u00e9 ha informat de la licitaci\u00f3 d\u2019un nou sistema inform\u00e0tic per a la Gu\u00e0rdia Urbana La Comissi\u00f3 de Gesti\u00f3 de la Ciutat ha informat avui de l\u2019aprovaci\u00f3 dels plecs ... Llegiu m\u00e9s\" \/>\n<meta property=\"og:url\" content=\"https:\/\/nextgeneration.paeria.cat\/web\/la-paeria-inicia-la-licitacio-de-les-obres-de-reforma-de-la-rambla-ferran\/\" \/>\n<meta property=\"og:site_name\" content=\"Next Generation Lleida - Propostes de projectes - La Paeria - Ajuntament de Lleida\" \/>\n<meta property=\"article:published_time\" content=\"2024-06-19T06:56:30+00:00\" \/>\n<meta property=\"article:modified_time\" content=\"2024-06-21T07:05:55+00:00\" \/>\n<meta property=\"og:image\" content=\"https:\/\/nextgeneration.paeria.cat\/web\/wp-content\/uploads\/2024\/06\/19-06-2024.jpeg\" \/>\n\t<meta property=\"og:image:width\" content=\"768\" \/>\n\t<meta property=\"og:image:height\" content=\"512\" \/>\n\t<meta property=\"og:image:type\" content=\"image\/jpeg\" \/>\n<meta name=\"author\" content=\"admin-nextgeneration\" \/>\n<meta name=\"twitter:card\" content=\"summary_large_image\" \/>\n<meta name=\"twitter:label1\" content=\"Escrit per\" \/>\n\t<meta name=\"twitter:data1\" content=\"admin-nextgeneration\" \/>\n\t<meta name=\"twitter:label2\" content=\"Temps estimat de lectura\" \/>\n\t<meta name=\"twitter:data2\" content=\"9 minuts\" \/>\n<script type=\"application\/ld+json\" class=\"yoast-schema-graph\">{\"@context\":\"https:\\\/\\\/schema.org\",\"@graph\":[{\"@type\":\"Article\",\"@id\":\"https:\\\/\\\/nextgeneration.paeria.cat\\\/web\\\/la-paeria-inicia-la-licitacio-de-les-obres-de-reforma-de-la-rambla-ferran\\\/#article\",\"isPartOf\":{\"@id\":\"https:\\\/\\\/nextgeneration.paeria.cat\\\/web\\\/la-paeria-inicia-la-licitacio-de-les-obres-de-reforma-de-la-rambla-ferran\\\/\"},\"author\":{\"name\":\"admin-nextgeneration\",\"@id\":\"https:\\\/\\\/nextgeneration.paeria.cat\\\/web\\\/#\\\/schema\\\/person\\\/a12a490165bc044605332926bbdc1189\"},\"headline\":\"La Paeria inicia la licitaci\u00f3 de les obres de reforma de la Rambla Ferran\",\"datePublished\":\"2024-06-19T06:56:30+00:00\",\"dateModified\":\"2024-06-21T07:05:55+00:00\",\"mainEntityOfPage\":{\"@id\":\"https:\\\/\\\/nextgeneration.paeria.cat\\\/web\\\/la-paeria-inicia-la-licitacio-de-les-obres-de-reforma-de-la-rambla-ferran\\\/\"},\"wordCount\":1433,\"publisher\":{\"@id\":\"https:\\\/\\\/nextgeneration.paeria.cat\\\/web\\\/#organization\"},\"image\":{\"@id\":\"https:\\\/\\\/nextgeneration.paeria.cat\\\/web\\\/la-paeria-inicia-la-licitacio-de-les-obres-de-reforma-de-la-rambla-ferran\\\/#primaryimage\"},\"thumbnailUrl\":\"https:\\\/\\\/nextgeneration.paeria.cat\\\/web\\\/wp-content\\\/uploads\\\/2024\\\/06\\\/19-06-2024.jpeg\",\"articleSection\":[\"Not\u00edcies\"],\"inLanguage\":\"ca\"},{\"@type\":\"WebPage\",\"@id\":\"https:\\\/\\\/nextgeneration.paeria.cat\\\/web\\\/la-paeria-inicia-la-licitacio-de-les-obres-de-reforma-de-la-rambla-ferran\\\/\",\"url\":\"https:\\\/\\\/nextgeneration.paeria.cat\\\/web\\\/la-paeria-inicia-la-licitacio-de-les-obres-de-reforma-de-la-rambla-ferran\\\/\",\"name\":\"La Paeria inicia la licitaci\u00f3 de les obres de reforma de la Rambla Ferran - Next Generation Lleida - Propostes de projectes - La Paeria - Ajuntament de Lleida\",\"isPartOf\":{\"@id\":\"https:\\\/\\\/nextgeneration.paeria.cat\\\/web\\\/#website\"},\"primaryImageOfPage\":{\"@id\":\"https:\\\/\\\/nextgeneration.paeria.cat\\\/web\\\/la-paeria-inicia-la-licitacio-de-les-obres-de-reforma-de-la-rambla-ferran\\\/#primaryimage\"},\"image\":{\"@id\":\"https:\\\/\\\/nextgeneration.paeria.cat\\\/web\\\/la-paeria-inicia-la-licitacio-de-les-obres-de-reforma-de-la-rambla-ferran\\\/#primaryimage\"},\"thumbnailUrl\":\"https:\\\/\\\/nextgeneration.paeria.cat\\\/web\\\/wp-content\\\/uploads\\\/2024\\\/06\\\/19-06-2024.jpeg\",\"datePublished\":\"2024-06-19T06:56:30+00:00\",\"dateModified\":\"2024-06-21T07:05:55+00:00\",\"breadcrumb\":{\"@id\":\"https:\\\/\\\/nextgeneration.paeria.cat\\\/web\\\/la-paeria-inicia-la-licitacio-de-les-obres-de-reforma-de-la-rambla-ferran\\\/#breadcrumb\"},\"inLanguage\":\"ca\",\"potentialAction\":[{\"@type\":\"ReadAction\",\"target\":[\"https:\\\/\\\/nextgeneration.paeria.cat\\\/web\\\/la-paeria-inicia-la-licitacio-de-les-obres-de-reforma-de-la-rambla-ferran\\\/\"]}]},{\"@type\":\"ImageObject\",\"inLanguage\":\"ca\",\"@id\":\"https:\\\/\\\/nextgeneration.paeria.cat\\\/web\\\/la-paeria-inicia-la-licitacio-de-les-obres-de-reforma-de-la-rambla-ferran\\\/#primaryimage\",\"url\":\"https:\\\/\\\/nextgeneration.paeria.cat\\\/web\\\/wp-content\\\/uploads\\\/2024\\\/06\\\/19-06-2024.jpeg\",\"contentUrl\":\"https:\\\/\\\/nextgeneration.paeria.cat\\\/web\\\/wp-content\\\/uploads\\\/2024\\\/06\\\/19-06-2024.jpeg\",\"width\":768,\"height\":512,\"caption\":\"La reuni\u00f3 de la comissi\u00f3 ha tingut lloc aquest mat\u00ed a la regidoria\"},{\"@type\":\"BreadcrumbList\",\"@id\":\"https:\\\/\\\/nextgeneration.paeria.cat\\\/web\\\/la-paeria-inicia-la-licitacio-de-les-obres-de-reforma-de-la-rambla-ferran\\\/#breadcrumb\",\"itemListElement\":[{\"@type\":\"ListItem\",\"position\":1,\"name\":\"Inici\",\"item\":\"https:\\\/\\\/nextgeneration.paeria.cat\\\/web\\\/\"},{\"@type\":\"ListItem\",\"position\":2,\"name\":\"La Paeria inicia la licitaci\u00f3 de les obres de reforma de la Rambla Ferran\"}]},{\"@type\":\"WebSite\",\"@id\":\"https:\\\/\\\/nextgeneration.paeria.cat\\\/web\\\/#website\",\"url\":\"https:\\\/\\\/nextgeneration.paeria.cat\\\/web\\\/\",\"name\":\"Next Generation Lleida - Propostes de projectes - La Paeria - Ajuntament de Lleida\",\"description\":\"\",\"publisher\":{\"@id\":\"https:\\\/\\\/nextgeneration.paeria.cat\\\/web\\\/#organization\"},\"potentialAction\":[{\"@type\":\"SearchAction\",\"target\":{\"@type\":\"EntryPoint\",\"urlTemplate\":\"https:\\\/\\\/nextgeneration.paeria.cat\\\/web\\\/?s={search_term_string}\"},\"query-input\":{\"@type\":\"PropertyValueSpecification\",\"valueRequired\":true,\"valueName\":\"search_term_string\"}}],\"inLanguage\":\"ca\"},{\"@type\":\"Organization\",\"@id\":\"https:\\\/\\\/nextgeneration.paeria.cat\\\/web\\\/#organization\",\"name\":\"Next Generation Lleida - Propostes de projectes - La Paeria - Ajuntament de Lleida\",\"url\":\"https:\\\/\\\/nextgeneration.paeria.cat\\\/web\\\/\",\"logo\":{\"@type\":\"ImageObject\",\"inLanguage\":\"ca\",\"@id\":\"https:\\\/\\\/nextgeneration.paeria.cat\\\/web\\\/#\\\/schema\\\/logo\\\/image\\\/\",\"url\":\"https:\\\/\\\/nextgeneration.paeria.cat\\\/web\\\/wp-content\\\/uploads\\\/2023\\\/09\\\/cropped-titol.png\",\"contentUrl\":\"https:\\\/\\\/nextgeneration.paeria.cat\\\/web\\\/wp-content\\\/uploads\\\/2023\\\/09\\\/cropped-titol.png\",\"width\":1100,\"height\":220,\"caption\":\"Next Generation Lleida - Propostes de projectes - La Paeria - Ajuntament de Lleida\"},\"image\":{\"@id\":\"https:\\\/\\\/nextgeneration.paeria.cat\\\/web\\\/#\\\/schema\\\/logo\\\/image\\\/\"}},{\"@type\":\"Person\",\"@id\":\"https:\\\/\\\/nextgeneration.paeria.cat\\\/web\\\/#\\\/schema\\\/person\\\/a12a490165bc044605332926bbdc1189\",\"name\":\"admin-nextgeneration\",\"image\":{\"@type\":\"ImageObject\",\"inLanguage\":\"ca\",\"@id\":\"https:\\\/\\\/secure.gravatar.com\\\/avatar\\\/01bed9d6851a1f9c8ab5eb704ab3e7882815867f87a0ef562e77261bef722cbe?s=96&d=mm&r=g\",\"url\":\"https:\\\/\\\/secure.gravatar.com\\\/avatar\\\/01bed9d6851a1f9c8ab5eb704ab3e7882815867f87a0ef562e77261bef722cbe?s=96&d=mm&r=g\",\"contentUrl\":\"https:\\\/\\\/secure.gravatar.com\\\/avatar\\\/01bed9d6851a1f9c8ab5eb704ab3e7882815867f87a0ef562e77261bef722cbe?s=96&d=mm&r=g\",\"caption\":\"admin-nextgeneration\"}}]}<\/script>\n<!-- \/ Yoast SEO plugin. -->","yoast_head_json":{"title":"La Paeria inicia la licitaci\u00f3 de les obres de reforma de la Rambla Ferran - Next Generation Lleida - Propostes de projectes - La Paeria - Ajuntament de Lleida","robots":{"index":"index","follow":"follow","max-snippet":"max-snippet:-1","max-image-preview":"max-image-preview:large","max-video-preview":"max-video-preview:-1"},"canonical":"https:\/\/nextgeneration.paeria.cat\/web\/la-paeria-inicia-la-licitacio-de-les-obres-de-reforma-de-la-rambla-ferran\/","og_locale":"ca_ES","og_type":"article","og_title":"La Paeria inicia la licitaci\u00f3 de les obres de reforma de la Rambla Ferran - Next Generation Lleida - Propostes de projectes - La Paeria - Ajuntament de Lleida","og_description":"Avui s\u2019ha donat compte del projecte a la Comissi\u00f3 de Gesti\u00f3 de la Ciutat i est\u00e0 previst que els treballs puguin comen\u00e7ar al setembre La comissi\u00f3 tamb\u00e9 ha informat de la licitaci\u00f3 d\u2019un nou sistema inform\u00e0tic per a la Gu\u00e0rdia Urbana La Comissi\u00f3 de Gesti\u00f3 de la Ciutat ha informat avui de l\u2019aprovaci\u00f3 dels plecs ... Llegiu m\u00e9s","og_url":"https:\/\/nextgeneration.paeria.cat\/web\/la-paeria-inicia-la-licitacio-de-les-obres-de-reforma-de-la-rambla-ferran\/","og_site_name":"Next Generation Lleida - Propostes de projectes - La Paeria - Ajuntament de Lleida","article_published_time":"2024-06-19T06:56:30+00:00","article_modified_time":"2024-06-21T07:05:55+00:00","og_image":[{"width":768,"height":512,"url":"https:\/\/nextgeneration.paeria.cat\/web\/wp-content\/uploads\/2024\/06\/19-06-2024.jpeg","type":"image\/jpeg"}],"author":"admin-nextgeneration","twitter_card":"summary_large_image","twitter_misc":{"Escrit per":"admin-nextgeneration","Temps estimat de lectura":"9 minuts"},"schema":{"@context":"https:\/\/schema.org","@graph":[{"@type":"Article","@id":"https:\/\/nextgeneration.paeria.cat\/web\/la-paeria-inicia-la-licitacio-de-les-obres-de-reforma-de-la-rambla-ferran\/#article","isPartOf":{"@id":"https:\/\/nextgeneration.paeria.cat\/web\/la-paeria-inicia-la-licitacio-de-les-obres-de-reforma-de-la-rambla-ferran\/"},"author":{"name":"admin-nextgeneration","@id":"https:\/\/nextgeneration.paeria.cat\/web\/#\/schema\/person\/a12a490165bc044605332926bbdc1189"},"headline":"La Paeria inicia la licitaci\u00f3 de les obres de reforma de la Rambla Ferran","datePublished":"2024-06-19T06:56:30+00:00","dateModified":"2024-06-21T07:05:55+00:00","mainEntityOfPage":{"@id":"https:\/\/nextgeneration.paeria.cat\/web\/la-paeria-inicia-la-licitacio-de-les-obres-de-reforma-de-la-rambla-ferran\/"},"wordCount":1433,"publisher":{"@id":"https:\/\/nextgeneration.paeria.cat\/web\/#organization"},"image":{"@id":"https:\/\/nextgeneration.paeria.cat\/web\/la-paeria-inicia-la-licitacio-de-les-obres-de-reforma-de-la-rambla-ferran\/#primaryimage"},"thumbnailUrl":"https:\/\/nextgeneration.paeria.cat\/web\/wp-content\/uploads\/2024\/06\/19-06-2024.jpeg","articleSection":["Not\u00edcies"],"inLanguage":"ca"},{"@type":"WebPage","@id":"https:\/\/nextgeneration.paeria.cat\/web\/la-paeria-inicia-la-licitacio-de-les-obres-de-reforma-de-la-rambla-ferran\/","url":"https:\/\/nextgeneration.paeria.cat\/web\/la-paeria-inicia-la-licitacio-de-les-obres-de-reforma-de-la-rambla-ferran\/","name":"La Paeria inicia la licitaci\u00f3 de les obres de reforma de la Rambla Ferran - Next Generation Lleida - Propostes de projectes - La Paeria - Ajuntament de Lleida","isPartOf":{"@id":"https:\/\/nextgeneration.paeria.cat\/web\/#website"},"primaryImageOfPage":{"@id":"https:\/\/nextgeneration.paeria.cat\/web\/la-paeria-inicia-la-licitacio-de-les-obres-de-reforma-de-la-rambla-ferran\/#primaryimage"},"image":{"@id":"https:\/\/nextgeneration.paeria.cat\/web\/la-paeria-inicia-la-licitacio-de-les-obres-de-reforma-de-la-rambla-ferran\/#primaryimage"},"thumbnailUrl":"https:\/\/nextgeneration.paeria.cat\/web\/wp-content\/uploads\/2024\/06\/19-06-2024.jpeg","datePublished":"2024-06-19T06:56:30+00:00","dateModified":"2024-06-21T07:05:55+00:00","breadcrumb":{"@id":"https:\/\/nextgeneration.paeria.cat\/web\/la-paeria-inicia-la-licitacio-de-les-obres-de-reforma-de-la-rambla-ferran\/#breadcrumb"},"inLanguage":"ca","potentialAction":[{"@type":"ReadAction","target":["https:\/\/nextgeneration.paeria.cat\/web\/la-paeria-inicia-la-licitacio-de-les-obres-de-reforma-de-la-rambla-ferran\/"]}]},{"@type":"ImageObject","inLanguage":"ca","@id":"https:\/\/nextgeneration.paeria.cat\/web\/la-paeria-inicia-la-licitacio-de-les-obres-de-reforma-de-la-rambla-ferran\/#primaryimage","url":"https:\/\/nextgeneration.paeria.cat\/web\/wp-content\/uploads\/2024\/06\/19-06-2024.jpeg","contentUrl":"https:\/\/nextgeneration.paeria.cat\/web\/wp-content\/uploads\/2024\/06\/19-06-2024.jpeg","width":768,"height":512,"caption":"La reuni\u00f3 de la comissi\u00f3 ha tingut lloc aquest mat\u00ed a la regidoria"},{"@type":"BreadcrumbList","@id":"https:\/\/nextgeneration.paeria.cat\/web\/la-paeria-inicia-la-licitacio-de-les-obres-de-reforma-de-la-rambla-ferran\/#breadcrumb","itemListElement":[{"@type":"ListItem","position":1,"name":"Inici","item":"https:\/\/nextgeneration.paeria.cat\/web\/"},{"@type":"ListItem","position":2,"name":"La Paeria inicia la licitaci\u00f3 de les obres de reforma de la Rambla Ferran"}]},{"@type":"WebSite","@id":"https:\/\/nextgeneration.paeria.cat\/web\/#website","url":"https:\/\/nextgeneration.paeria.cat\/web\/","name":"Next Generation Lleida - Propostes de projectes - La Paeria - Ajuntament de Lleida","description":"","publisher":{"@id":"https:\/\/nextgeneration.paeria.cat\/web\/#organization"},"potentialAction":[{"@type":"SearchAction","target":{"@type":"EntryPoint","urlTemplate":"https:\/\/nextgeneration.paeria.cat\/web\/?s={search_term_string}"},"query-input":{"@type":"PropertyValueSpecification","valueRequired":true,"valueName":"search_term_string"}}],"inLanguage":"ca"},{"@type":"Organization","@id":"https:\/\/nextgeneration.paeria.cat\/web\/#organization","name":"Next Generation Lleida - Propostes de projectes - La Paeria - Ajuntament de Lleida","url":"https:\/\/nextgeneration.paeria.cat\/web\/","logo":{"@type":"ImageObject","inLanguage":"ca","@id":"https:\/\/nextgeneration.paeria.cat\/web\/#\/schema\/logo\/image\/","url":"https:\/\/nextgeneration.paeria.cat\/web\/wp-content\/uploads\/2023\/09\/cropped-titol.png","contentUrl":"https:\/\/nextgeneration.paeria.cat\/web\/wp-content\/uploads\/2023\/09\/cropped-titol.png","width":1100,"height":220,"caption":"Next Generation Lleida - Propostes de projectes - La Paeria - Ajuntament de Lleida"},"image":{"@id":"https:\/\/nextgeneration.paeria.cat\/web\/#\/schema\/logo\/image\/"}},{"@type":"Person","@id":"https:\/\/nextgeneration.paeria.cat\/web\/#\/schema\/person\/a12a490165bc044605332926bbdc1189","name":"admin-nextgeneration","image":{"@type":"ImageObject","inLanguage":"ca","@id":"https:\/\/secure.gravatar.com\/avatar\/01bed9d6851a1f9c8ab5eb704ab3e7882815867f87a0ef562e77261bef722cbe?s=96&d=mm&r=g","url":"https:\/\/secure.gravatar.com\/avatar\/01bed9d6851a1f9c8ab5eb704ab3e7882815867f87a0ef562e77261bef722cbe?s=96&d=mm&r=g","contentUrl":"https:\/\/secure.gravatar.com\/avatar\/01bed9d6851a1f9c8ab5eb704ab3e7882815867f87a0ef562e77261bef722cbe?s=96&d=mm&r=g","caption":"admin-nextgeneration"}}]}},"_links":{"self":[{"href":"https:\/\/nextgeneration.paeria.cat\/web\/wp-json\/wp\/v2\/posts\/6556","targetHints":{"allow":["GET"]}}],"collection":[{"href":"https:\/\/nextgeneration.paeria.cat\/web\/wp-json\/wp\/v2\/posts"}],"about":[{"href":"https:\/\/nextgeneration.paeria.cat\/web\/wp-json\/wp\/v2\/types\/post"}],"author":[{"embeddable":true,"href":"https:\/\/nextgeneration.paeria.cat\/web\/wp-json\/wp\/v2\/users\/2"}],"replies":[{"embeddable":true,"href":"https:\/\/nextgeneration.paeria.cat\/web\/wp-json\/wp\/v2\/comments?post=6556"}],"version-history":[{"count":5,"href":"https:\/\/nextgeneration.paeria.cat\/web\/wp-json\/wp\/v2\/posts\/6556\/revisions"}],"predecessor-version":[{"id":6562,"href":"https:\/\/nextgeneration.paeria.cat\/web\/wp-json\/wp\/v2\/posts\/6556\/revisions\/6562"}],"wp:featuredmedia":[{"embeddable":true,"href":"https:\/\/nextgeneration.paeria.cat\/web\/wp-json\/wp\/v2\/media\/6557"}],"wp:attachment":[{"href":"https:\/\/nextgeneration.paeria.cat\/web\/wp-json\/wp\/v2\/media?parent=6556"}],"wp:term":[{"taxonomy":"category","embeddable":true,"href":"https:\/\/nextgeneration.paeria.cat\/web\/wp-json\/wp\/v2\/categories?post=6556"},{"taxonomy":"post_tag","embeddable":true,"href":"https:\/\/nextgeneration.paeria.cat\/web\/wp-json\/wp\/v2\/tags?post=6556"}],"curies":[{"name":"wp","href":"https:\/\/api.w.org\/{rel}","templated":true}]}}