{"id":6757,"date":"2024-08-12T18:00:00","date_gmt":"2024-08-12T16:00:00","guid":{"rendered":"https:\/\/nextgeneration.paeria.cat\/web\/?p=6757"},"modified":"2026-03-12T09:47:06","modified_gmt":"2026-03-12T07:47:06","slug":"la-paeria-millora-laccessibilitat-fisica-i-comunicativa-en-espais-datencio-ciutadana","status":"publish","type":"post","link":"https:\/\/nextgeneration.paeria.cat\/web\/la-paeria-millora-laccessibilitat-fisica-i-comunicativa-en-espais-datencio-ciutadana\/","title":{"rendered":"La Paeria millora l\u2019accessibilitat f\u00edsica i comunicativa en espais d\u2019atenci\u00f3 ciutadana"},"content":{"rendered":"\t\t<div data-elementor-type=\"wp-post\" data-elementor-id=\"6757\" class=\"elementor elementor-6757\">\n\t\t\t\t\t\t<section class=\"elementor-section elementor-top-section elementor-element elementor-element-a45c10b elementor-section-boxed elementor-section-height-default elementor-section-height-default\" data-id=\"a45c10b\" data-element_type=\"section\" data-e-type=\"section\">\n\t\t\t\t\t\t<div class=\"elementor-container elementor-column-gap-default\">\n\t\t\t\t\t<div class=\"elementor-column elementor-col-100 elementor-top-column elementor-element elementor-element-1615ff8\" data-id=\"1615ff8\" data-element_type=\"column\" data-e-type=\"column\">\n\t\t\t<div class=\"elementor-widget-wrap elementor-element-populated\">\n\t\t\t\t\t\t<div class=\"elementor-element elementor-element-fbe6637 elementor-widget elementor-widget-text-editor\" data-id=\"fbe6637\" data-element_type=\"widget\" data-e-type=\"widget\" data-widget_type=\"text-editor.default\">\n\t\t\t\t<div class=\"elementor-widget-container\">\n\t\t\t\t\t\t\t\t\t<p><strong>L\u2019alcalde accidental, Carlos Enjuanes, ha visitat les obres que s\u2019han fet al Centre C\u00edvic de Cappont per adequar les cambres higi\u00e8niques i l\u2019acc\u00e9s general, per garantir els drets de les persones amb mobilitat redu\u00efda<\/strong><\/p><p><strong>El projecte inverteix prop de 200.000 euros, amb el finan\u00e7ament amb fons #NextGenerationEU en el marc del Pla de Recuperaci\u00f3, Transformaci\u00f3 i Resili\u00e8ncia de l\u2019Estat, i inclou actuacions als centres c\u00edvics de Democr\u00e0cia, la Bordeta i Centre Hist\u00f2ric, aix\u00ed com edificis municipals com l\u2019OMAC, l\u2019OGAT o la Gu\u00e0rdia Urbana<\/strong><\/p><p>L\u2019Ajuntament de Lleida ha millorat l\u2019accessibilitat f\u00edsica i comunicativa en diversos espais d\u2019atenci\u00f3 ciutadana, com centres c\u00edvics o edificis municipals. L\u2019alcalde accidental, Carlos Enjuanes, ha visitat aquest dilluns les obres que s\u2019han fet al Centre C\u00edvic de Cappont, que han consistit en l\u2019adequaci\u00f3 de les cambres higi\u00e8niques i l\u2019acc\u00e9s general per garantir la mobilitat redu\u00efda. Aquesta actuaci\u00f3 s\u2019ha fet igualment als centres de Democr\u00e0cia i la Bordeta. Les obres es fan perqu\u00e8 els diferents serveis siguin accessibles al conjunt de la ciutadania.<\/p><p>Al centre C\u00edvic de Cappont, s\u2019ha mogut un env\u00e0 per millorar el pas a la zona de despatxos, adequant-se a la normativa, amb un radi de gir d&#8217;1,5 m. S\u2019han fet tasques a les cambres higi\u00e8niques de les cinc plantes, enderrocant envans interiors per fer-los accessibles.<\/p><p>En el cas del Centre C\u00edvic de Democr\u00e0cia, s\u2019afegir\u00e0 un tercer lavabo mixt adaptat a la planta baixa. A les plantes primera i tercera, s\u2019han enderrocat parets divis\u00f2ries per guanyar l\u2019espai i tenir espai suficient per a les cadires de rodes. Pel que fa al casal de la Bordeta, s\u2019han reformat les portes d\u2019acc\u00e9s als despatxos d\u2019atenci\u00f3 ciutadana i la d\u2019emerg\u00e8ncia, amb l\u2019ampliaci\u00f3 de l\u2019amplada de pas a un m\u00ednim de 80 cent\u00edmetres. Est\u00e0 pendent d\u2019executar l\u2019actuaci\u00f3 prevista al Centre Hist\u00f2ric, on s\u2019adequar\u00e0 un taulell accessible i es baixar\u00e0 l\u2019al\u00e7ada del porter autom\u00e0tic.<\/p><p>Aquestes actuacions es gestionen conjuntament entre la regidoria d\u2019Agenda Urbana i Espai Agrari i la d\u2019Acci\u00f3 i Innovaci\u00f3 Social. Alhora, ambdues Regidories s\u2019han coordinat tamb\u00e9 per instal\u00b7lar diferents eines per a una millor atenci\u00f3 a les persones amb discapacitat comunicativa. A l\u2019OGAT hi ha un dispositiu que emet senyals visuals, un bucle magn\u00e8tic per a la millora de la comunicaci\u00f3 auditiva i una tauleta amb un programa de traducci\u00f3 simult\u00e0nia que facilita la comunicaci\u00f3 amb les persones, per exemple, que no parlen catal\u00e0 o castell\u00e0.<\/p><p>En altres edificis municipals amb atenci\u00f3 al p\u00fablic, com l\u2019OMAC, el Pal\u00b7las, Educaci\u00f3 (Oficina Municipal d\u2019Escolaritzaci\u00f3), la Gu\u00e0rdia Urbana, l\u2019Oficina d Turisme, l\u2019Auditori municipal Enric Granados, el Teatre municipal de l\u2019Escorxador i Lleida Jove. En total, el projecte d\u2019accessibilitat f\u00edsica i comunicativa en espais d\u2019atenci\u00f3 ciutadana, contempla 20 actuacions a centres c\u00edvics, edificis municipals d\u2019atenci\u00f3 al p\u00fablic, habitatges socials i tamb\u00e9 als llocs web que gestionen tr\u00e0mits amb la ciutadania.<\/p><p>El pressupost del projecte \u00e9s de 198.852 euros i est\u00e0 finan\u00e7ant, amb 131.478 euros, amb els fons europeus #NextGenerationEU, en el marc del Pla de Recuperaci\u00f3, Transformaci\u00f3 i Resili\u00e8ncia (PRTR) de l\u2019Estat, a trav\u00e9s d\u2019una l\u00ednia de subvencions del departament de Drets Socials de la Generalitat per a l\u2019impuls i foment de l\u2019accessibilitat als espais d\u2019atenci\u00f3 a la ciutadania dels ens locals de Catalunya.<\/p>\t\t\t\t\t\t\t\t<\/div>\n\t\t\t\t<\/div>\n\t\t\t\t\t<\/div>\n\t\t<\/div>\n\t\t\t\t\t<\/div>\n\t\t<\/section>\n\t\t\t\t<section class=\"elementor-section elementor-top-section elementor-element elementor-element-3d17e25 elementor-section-boxed elementor-section-height-default elementor-section-height-default\" data-id=\"3d17e25\" data-element_type=\"section\" data-e-type=\"section\">\n\t\t\t\t\t\t<div class=\"elementor-container elementor-column-gap-default\">\n\t\t\t\t\t<div class=\"elementor-column elementor-col-50 elementor-top-column elementor-element elementor-element-6b5af45\" data-id=\"6b5af45\" data-element_type=\"column\" data-e-type=\"column\">\n\t\t\t<div class=\"elementor-widget-wrap elementor-element-populated\">\n\t\t\t\t\t\t<div class=\"elementor-element elementor-element-6e389cc elementor-widget elementor-widget-image\" data-id=\"6e389cc\" data-element_type=\"widget\" data-e-type=\"widget\" data-widget_type=\"image.default\">\n\t\t\t\t<div class=\"elementor-widget-container\">\n\t\t\t\t\t\t\t\t\t\t\t\t\t\t\t<img fetchpriority=\"high\" decoding=\"async\" width=\"1024\" height=\"683\" src=\"https:\/\/nextgeneration.paeria.cat\/web\/wp-content\/uploads\/2024\/08\/MG47204-1024x683.jpg\" class=\"attachment-large size-large wp-image-6760\" alt=\"\" srcset=\"https:\/\/nextgeneration.paeria.cat\/web\/wp-content\/uploads\/2024\/08\/MG47204-1024x683.jpg 1024w, https:\/\/nextgeneration.paeria.cat\/web\/wp-content\/uploads\/2024\/08\/MG47204-300x200.jpg 300w, https:\/\/nextgeneration.paeria.cat\/web\/wp-content\/uploads\/2024\/08\/MG47204-768x512.jpg 768w, https:\/\/nextgeneration.paeria.cat\/web\/wp-content\/uploads\/2024\/08\/MG47204-1536x1024.jpg 1536w, https:\/\/nextgeneration.paeria.cat\/web\/wp-content\/uploads\/2024\/08\/MG47204-2048x1365.jpg 2048w\" sizes=\"(max-width: 1024px) 100vw, 1024px\" \/>\t\t\t\t\t\t\t\t\t\t\t\t\t\t\t<\/div>\n\t\t\t\t<\/div>\n\t\t\t\t\t<\/div>\n\t\t<\/div>\n\t\t\t\t<div class=\"elementor-column elementor-col-50 elementor-top-column elementor-element elementor-element-8d7bc1e\" data-id=\"8d7bc1e\" data-element_type=\"column\" data-e-type=\"column\">\n\t\t\t<div class=\"elementor-widget-wrap elementor-element-populated\">\n\t\t\t\t\t\t<div class=\"elementor-element elementor-element-e002a0e elementor-widget elementor-widget-image\" data-id=\"e002a0e\" data-element_type=\"widget\" data-e-type=\"widget\" data-widget_type=\"image.default\">\n\t\t\t\t<div class=\"elementor-widget-container\">\n\t\t\t\t\t\t\t\t\t\t\t\t\t\t\t<img decoding=\"async\" width=\"1024\" height=\"683\" src=\"https:\/\/nextgeneration.paeria.cat\/web\/wp-content\/uploads\/2024\/08\/MG47161-1024x683.jpg\" class=\"attachment-large size-large wp-image-6758\" alt=\"\" srcset=\"https:\/\/nextgeneration.paeria.cat\/web\/wp-content\/uploads\/2024\/08\/MG47161-1024x683.jpg 1024w, https:\/\/nextgeneration.paeria.cat\/web\/wp-content\/uploads\/2024\/08\/MG47161-300x200.jpg 300w, https:\/\/nextgeneration.paeria.cat\/web\/wp-content\/uploads\/2024\/08\/MG47161-768x512.jpg 768w, https:\/\/nextgeneration.paeria.cat\/web\/wp-content\/uploads\/2024\/08\/MG47161-1536x1024.jpg 1536w, https:\/\/nextgeneration.paeria.cat\/web\/wp-content\/uploads\/2024\/08\/MG47161-2048x1365.jpg 2048w\" sizes=\"(max-width: 1024px) 100vw, 1024px\" \/>\t\t\t\t\t\t\t\t\t\t\t\t\t\t\t<\/div>\n\t\t\t\t<\/div>\n\t\t\t\t\t<\/div>\n\t\t<\/div>\n\t\t\t\t\t<\/div>\n\t\t<\/section>\n\t\t\t\t<section class=\"elementor-section elementor-top-section elementor-element elementor-element-a781ed5 elementor-section-boxed elementor-section-height-default elementor-section-height-default\" data-id=\"a781ed5\" data-element_type=\"section\" data-e-type=\"section\">\n\t\t\t\t\t\t<div class=\"elementor-container elementor-column-gap-default\">\n\t\t\t\t\t<div class=\"elementor-column elementor-col-100 elementor-top-column elementor-element elementor-element-a2e78c3\" data-id=\"a2e78c3\" data-element_type=\"column\" data-e-type=\"column\">\n\t\t\t<div class=\"elementor-widget-wrap elementor-element-populated\">\n\t\t\t\t\t\t<div class=\"elementor-element elementor-element-ded780b elementor-widget elementor-widget-spacer\" data-id=\"ded780b\" data-element_type=\"widget\" data-e-type=\"widget\" data-widget_type=\"spacer.default\">\n\t\t\t\t<div class=\"elementor-widget-container\">\n\t\t\t\t\t\t\t<div class=\"elementor-spacer\">\n\t\t\t<div class=\"elementor-spacer-inner\"><\/div>\n\t\t<\/div>\n\t\t\t\t\t\t<\/div>\n\t\t\t\t<\/div>\n\t\t\t\t\t<\/div>\n\t\t<\/div>\n\t\t\t\t\t<\/div>\n\t\t<\/section>\n\t\t\t\t<section class=\"elementor-section elementor-top-section elementor-element elementor-element-2bef6cb elementor-section-boxed elementor-section-height-default elementor-section-height-default\" data-id=\"2bef6cb\" data-element_type=\"section\" data-e-type=\"section\">\n\t\t\t\t\t\t<div class=\"elementor-container elementor-column-gap-default\">\n\t\t\t\t\t<div class=\"elementor-column elementor-col-20 elementor-top-column elementor-element elementor-element-50f7d19\" data-id=\"50f7d19\" data-element_type=\"column\" data-e-type=\"column\">\n\t\t\t<div class=\"elementor-widget-wrap elementor-element-populated\">\n\t\t\t\t\t\t<div class=\"elementor-element elementor-element-1fe72f0 elementor-widget elementor-widget-image\" data-id=\"1fe72f0\" data-element_type=\"widget\" data-e-type=\"widget\" data-widget_type=\"image.default\">\n\t\t\t\t<div class=\"elementor-widget-container\">\n\t\t\t\t\t\t\t\t\t\t\t\t\t\t\t<img decoding=\"async\" width=\"873\" height=\"255\" src=\"https:\/\/nextgeneration.paeria.cat\/web\/wp-content\/uploads\/2022\/11\/Financat-per-la-Unio-Europea.jpg\" class=\"attachment-large size-large wp-image-1883\" alt=\"Logo Uni\u00f3 Europea NextGeneration\" srcset=\"https:\/\/nextgeneration.paeria.cat\/web\/wp-content\/uploads\/2022\/11\/Financat-per-la-Unio-Europea.jpg 873w, https:\/\/nextgeneration.paeria.cat\/web\/wp-content\/uploads\/2022\/11\/Financat-per-la-Unio-Europea-300x88.jpg 300w, https:\/\/nextgeneration.paeria.cat\/web\/wp-content\/uploads\/2022\/11\/Financat-per-la-Unio-Europea-768x224.jpg 768w\" sizes=\"(max-width: 873px) 100vw, 873px\" \/>\t\t\t\t\t\t\t\t\t\t\t\t\t\t\t<\/div>\n\t\t\t\t<\/div>\n\t\t\t\t\t<\/div>\n\t\t<\/div>\n\t\t\t\t<div class=\"elementor-column elementor-col-20 elementor-top-column elementor-element elementor-element-35a669a\" data-id=\"35a669a\" data-element_type=\"column\" data-e-type=\"column\">\n\t\t\t<div class=\"elementor-widget-wrap elementor-element-populated\">\n\t\t\t\t\t\t<div class=\"elementor-element elementor-element-b2ad32b elementor-widget elementor-widget-image\" data-id=\"b2ad32b\" data-element_type=\"widget\" data-e-type=\"widget\" data-widget_type=\"image.default\">\n\t\t\t\t<div class=\"elementor-widget-container\">\n\t\t\t\t\t\t\t\t\t\t\t\t\t\t\t<img loading=\"lazy\" decoding=\"async\" width=\"1024\" height=\"274\" src=\"https:\/\/nextgeneration.paeria.cat\/web\/wp-content\/uploads\/2024\/04\/Ministerio_de_Derechos_Sociales_y_Agenda_2030.svg_-1024x274.png\" class=\"attachment-large size-large wp-image-8612\" alt=\"Ministerio de Derechos Sociales, Consumo y Agenda 2030\" srcset=\"https:\/\/nextgeneration.paeria.cat\/web\/wp-content\/uploads\/2024\/04\/Ministerio_de_Derechos_Sociales_y_Agenda_2030.svg_-1024x274.png 1024w, https:\/\/nextgeneration.paeria.cat\/web\/wp-content\/uploads\/2024\/04\/Ministerio_de_Derechos_Sociales_y_Agenda_2030.svg_-300x80.png 300w, https:\/\/nextgeneration.paeria.cat\/web\/wp-content\/uploads\/2024\/04\/Ministerio_de_Derechos_Sociales_y_Agenda_2030.svg_-768x206.png 768w, https:\/\/nextgeneration.paeria.cat\/web\/wp-content\/uploads\/2024\/04\/Ministerio_de_Derechos_Sociales_y_Agenda_2030.svg_.png 1280w\" sizes=\"(max-width: 1024px) 100vw, 1024px\" \/>\t\t\t\t\t\t\t\t\t\t\t\t\t\t\t<\/div>\n\t\t\t\t<\/div>\n\t\t\t\t\t<\/div>\n\t\t<\/div>\n\t\t\t\t<div class=\"elementor-column elementor-col-20 elementor-top-column elementor-element elementor-element-8a9d8a0\" data-id=\"8a9d8a0\" data-element_type=\"column\" data-e-type=\"column\">\n\t\t\t<div class=\"elementor-widget-wrap elementor-element-populated\">\n\t\t\t\t\t\t<div class=\"elementor-element elementor-element-8584653 elementor-widget elementor-widget-image\" data-id=\"8584653\" data-element_type=\"widget\" data-e-type=\"widget\" data-widget_type=\"image.default\">\n\t\t\t\t<div class=\"elementor-widget-container\">\n\t\t\t\t\t\t\t\t\t\t\t\t\t\t\t<img loading=\"lazy\" decoding=\"async\" width=\"748\" height=\"229\" src=\"https:\/\/nextgeneration.paeria.cat\/web\/wp-content\/uploads\/2023\/11\/PRTR-CATALA-3-linies-1.jpg\" class=\"attachment-large size-large wp-image-5065\" alt=\"\" srcset=\"https:\/\/nextgeneration.paeria.cat\/web\/wp-content\/uploads\/2023\/11\/PRTR-CATALA-3-linies-1.jpg 748w, https:\/\/nextgeneration.paeria.cat\/web\/wp-content\/uploads\/2023\/11\/PRTR-CATALA-3-linies-1-300x92.jpg 300w\" sizes=\"(max-width: 748px) 100vw, 748px\" \/>\t\t\t\t\t\t\t\t\t\t\t\t\t\t\t<\/div>\n\t\t\t\t<\/div>\n\t\t\t\t\t<\/div>\n\t\t<\/div>\n\t\t\t\t<div class=\"elementor-column elementor-col-20 elementor-top-column elementor-element elementor-element-b7bae89\" data-id=\"b7bae89\" data-element_type=\"column\" data-e-type=\"column\">\n\t\t\t<div class=\"elementor-widget-wrap elementor-element-populated\">\n\t\t\t\t\t\t<div class=\"elementor-element elementor-element-9d9cb22 elementor-widget elementor-widget-image\" data-id=\"9d9cb22\" data-element_type=\"widget\" data-e-type=\"widget\" data-widget_type=\"image.default\">\n\t\t\t\t<div class=\"elementor-widget-container\">\n\t\t\t\t\t\t\t\t\t\t\t\t\t\t\t<img decoding=\"async\" src=\"https:\/\/nextgeneration.paeria.cat\/web\/wp-content\/uploads\/elementor\/thumbs\/NextGenerationCatalunya-qf0c3fbkghzu5omp27kf58u59iu1exnhiirhqci8lc.jpg\" title=\"NextGenerationCatalunya\" alt=\"NextGenerationCatalunya\" loading=\"lazy\" \/>\t\t\t\t\t\t\t\t\t\t\t\t\t\t\t<\/div>\n\t\t\t\t<\/div>\n\t\t\t\t\t<\/div>\n\t\t<\/div>\n\t\t\t\t<div class=\"elementor-column elementor-col-20 elementor-top-column elementor-element elementor-element-f5e6871\" data-id=\"f5e6871\" data-element_type=\"column\" data-e-type=\"column\">\n\t\t\t<div class=\"elementor-widget-wrap elementor-element-populated\">\n\t\t\t\t\t\t<div class=\"elementor-element elementor-element-5b52bcc elementor-widget elementor-widget-image\" data-id=\"5b52bcc\" data-element_type=\"widget\" data-e-type=\"widget\" data-widget_type=\"image.default\">\n\t\t\t\t<div class=\"elementor-widget-container\">\n\t\t\t\t\t\t\t\t\t\t\t\t\t\t\t<img decoding=\"async\" src=\"https:\/\/nextgeneration.paeria.cat\/web\/wp-content\/uploads\/elementor\/thumbs\/Generalitat-qf0c3edq9nyju2o27p5skr2oo4yo78jr6e4092jmrk.jpg\" title=\"Generalitat\" alt=\"Generalitat\" loading=\"lazy\" \/>\t\t\t\t\t\t\t\t\t\t\t\t\t\t\t<\/div>\n\t\t\t\t<\/div>\n\t\t\t\t\t<\/div>\n\t\t<\/div>\n\t\t\t\t\t<\/div>\n\t\t<\/section>\n\t\t\t\t<\/div>\n\t\t","protected":false},"excerpt":{"rendered":"<p>L\u2019alcalde accidental, Carlos Enjuanes, ha visitat les obres que s\u2019han fet al Centre C\u00edvic de Cappont per adequar les cambres higi\u00e8niques i l\u2019acc\u00e9s general, per garantir els drets de les persones amb mobilitat redu\u00efda El projecte inverteix prop de 200.000 euros, amb el finan\u00e7ament amb fons #NextGenerationEU en el marc del Pla de Recuperaci\u00f3, Transformaci\u00f3 &#8230; <a title=\"La Paeria millora l\u2019accessibilitat f\u00edsica i comunicativa en espais d\u2019atenci\u00f3 ciutadana\" class=\"read-more\" href=\"https:\/\/nextgeneration.paeria.cat\/web\/la-paeria-millora-laccessibilitat-fisica-i-comunicativa-en-espais-datencio-ciutadana\/\" aria-label=\"M\u00e9s informaci\u00f3 sobre La Paeria millora l\u2019accessibilitat f\u00edsica i comunicativa en espais d\u2019atenci\u00f3 ciutadana\">Llegiu m\u00e9s<\/a><\/p>\n","protected":false},"author":6,"featured_media":6759,"comment_status":"closed","ping_status":"closed","sticky":false,"template":"","format":"standard","meta":{"_sitemap_exclude":false,"_sitemap_priority":"","_sitemap_frequency":"","footnotes":""},"categories":[4],"tags":[],"class_list":["post-6757","post","type-post","status-publish","format-standard","has-post-thumbnail","hentry","category-noticies"],"yoast_head":"<!-- This site is optimized with the Yoast SEO plugin v27.5 - https:\/\/yoast.com\/product\/yoast-seo-wordpress\/ -->\n<title>La Paeria millora l\u2019accessibilitat f\u00edsica i comunicativa en espais d\u2019atenci\u00f3 ciutadana - Next Generation Lleida - Propostes de projectes - La Paeria - Ajuntament de Lleida<\/title>\n<meta name=\"robots\" content=\"index, follow, max-snippet:-1, max-image-preview:large, max-video-preview:-1\" \/>\n<link rel=\"canonical\" href=\"https:\/\/nextgeneration.paeria.cat\/web\/la-paeria-millora-laccessibilitat-fisica-i-comunicativa-en-espais-datencio-ciutadana\/\" \/>\n<meta property=\"og:locale\" content=\"ca_ES\" \/>\n<meta property=\"og:type\" content=\"article\" \/>\n<meta property=\"og:title\" content=\"La Paeria millora l\u2019accessibilitat f\u00edsica i comunicativa en espais d\u2019atenci\u00f3 ciutadana - Next Generation Lleida - Propostes de projectes - La Paeria - Ajuntament de Lleida\" \/>\n<meta property=\"og:description\" content=\"L\u2019alcalde accidental, Carlos Enjuanes, ha visitat les obres que s\u2019han fet al Centre C\u00edvic de Cappont per adequar les cambres higi\u00e8niques i l\u2019acc\u00e9s general, per garantir els drets de les persones amb mobilitat redu\u00efda El projecte inverteix prop de 200.000 euros, amb el finan\u00e7ament amb fons #NextGenerationEU en el marc del Pla de Recuperaci\u00f3, Transformaci\u00f3 ... Llegiu m\u00e9s\" \/>\n<meta property=\"og:url\" content=\"https:\/\/nextgeneration.paeria.cat\/web\/la-paeria-millora-laccessibilitat-fisica-i-comunicativa-en-espais-datencio-ciutadana\/\" \/>\n<meta property=\"og:site_name\" content=\"Next Generation Lleida - Propostes de projectes - La Paeria - Ajuntament de Lleida\" \/>\n<meta property=\"article:published_time\" content=\"2024-08-12T16:00:00+00:00\" \/>\n<meta property=\"article:modified_time\" content=\"2026-03-12T07:47:06+00:00\" \/>\n<meta property=\"og:image\" content=\"https:\/\/nextgeneration.paeria.cat\/web\/wp-content\/uploads\/2024\/08\/MG47172-scaled.jpg\" \/>\n\t<meta property=\"og:image:width\" content=\"2560\" \/>\n\t<meta property=\"og:image:height\" content=\"1707\" \/>\n\t<meta property=\"og:image:type\" content=\"image\/jpeg\" \/>\n<meta name=\"author\" content=\"Dolors Ortin\" \/>\n<meta name=\"twitter:card\" content=\"summary_large_image\" \/>\n<meta name=\"twitter:label1\" content=\"Escrit per\" \/>\n\t<meta name=\"twitter:data1\" content=\"Dolors Ortin\" \/>\n\t<meta name=\"twitter:label2\" content=\"Temps estimat de lectura\" \/>\n\t<meta name=\"twitter:data2\" content=\"5 minuts\" \/>\n<script type=\"application\/ld+json\" class=\"yoast-schema-graph\">{\"@context\":\"https:\\\/\\\/schema.org\",\"@graph\":[{\"@type\":\"Article\",\"@id\":\"https:\\\/\\\/nextgeneration.paeria.cat\\\/web\\\/la-paeria-millora-laccessibilitat-fisica-i-comunicativa-en-espais-datencio-ciutadana\\\/#article\",\"isPartOf\":{\"@id\":\"https:\\\/\\\/nextgeneration.paeria.cat\\\/web\\\/la-paeria-millora-laccessibilitat-fisica-i-comunicativa-en-espais-datencio-ciutadana\\\/\"},\"author\":{\"name\":\"Dolors Ortin\",\"@id\":\"https:\\\/\\\/nextgeneration.paeria.cat\\\/web\\\/#\\\/schema\\\/person\\\/d0869853685f5118a45408d600973c20\"},\"headline\":\"La Paeria millora l\u2019accessibilitat f\u00edsica i comunicativa en espais d\u2019atenci\u00f3 ciutadana\",\"datePublished\":\"2024-08-12T16:00:00+00:00\",\"dateModified\":\"2026-03-12T07:47:06+00:00\",\"mainEntityOfPage\":{\"@id\":\"https:\\\/\\\/nextgeneration.paeria.cat\\\/web\\\/la-paeria-millora-laccessibilitat-fisica-i-comunicativa-en-espais-datencio-ciutadana\\\/\"},\"wordCount\":621,\"publisher\":{\"@id\":\"https:\\\/\\\/nextgeneration.paeria.cat\\\/web\\\/#organization\"},\"image\":{\"@id\":\"https:\\\/\\\/nextgeneration.paeria.cat\\\/web\\\/la-paeria-millora-laccessibilitat-fisica-i-comunicativa-en-espais-datencio-ciutadana\\\/#primaryimage\"},\"thumbnailUrl\":\"https:\\\/\\\/nextgeneration.paeria.cat\\\/web\\\/wp-content\\\/uploads\\\/2024\\\/08\\\/MG47172-scaled.jpg\",\"articleSection\":[\"Not\u00edcies\"],\"inLanguage\":\"ca\"},{\"@type\":\"WebPage\",\"@id\":\"https:\\\/\\\/nextgeneration.paeria.cat\\\/web\\\/la-paeria-millora-laccessibilitat-fisica-i-comunicativa-en-espais-datencio-ciutadana\\\/\",\"url\":\"https:\\\/\\\/nextgeneration.paeria.cat\\\/web\\\/la-paeria-millora-laccessibilitat-fisica-i-comunicativa-en-espais-datencio-ciutadana\\\/\",\"name\":\"La Paeria millora l\u2019accessibilitat f\u00edsica i comunicativa en espais d\u2019atenci\u00f3 ciutadana - Next Generation Lleida - Propostes de projectes - La Paeria - Ajuntament de Lleida\",\"isPartOf\":{\"@id\":\"https:\\\/\\\/nextgeneration.paeria.cat\\\/web\\\/#website\"},\"primaryImageOfPage\":{\"@id\":\"https:\\\/\\\/nextgeneration.paeria.cat\\\/web\\\/la-paeria-millora-laccessibilitat-fisica-i-comunicativa-en-espais-datencio-ciutadana\\\/#primaryimage\"},\"image\":{\"@id\":\"https:\\\/\\\/nextgeneration.paeria.cat\\\/web\\\/la-paeria-millora-laccessibilitat-fisica-i-comunicativa-en-espais-datencio-ciutadana\\\/#primaryimage\"},\"thumbnailUrl\":\"https:\\\/\\\/nextgeneration.paeria.cat\\\/web\\\/wp-content\\\/uploads\\\/2024\\\/08\\\/MG47172-scaled.jpg\",\"datePublished\":\"2024-08-12T16:00:00+00:00\",\"dateModified\":\"2026-03-12T07:47:06+00:00\",\"breadcrumb\":{\"@id\":\"https:\\\/\\\/nextgeneration.paeria.cat\\\/web\\\/la-paeria-millora-laccessibilitat-fisica-i-comunicativa-en-espais-datencio-ciutadana\\\/#breadcrumb\"},\"inLanguage\":\"ca\",\"potentialAction\":[{\"@type\":\"ReadAction\",\"target\":[\"https:\\\/\\\/nextgeneration.paeria.cat\\\/web\\\/la-paeria-millora-laccessibilitat-fisica-i-comunicativa-en-espais-datencio-ciutadana\\\/\"]}]},{\"@type\":\"ImageObject\",\"inLanguage\":\"ca\",\"@id\":\"https:\\\/\\\/nextgeneration.paeria.cat\\\/web\\\/la-paeria-millora-laccessibilitat-fisica-i-comunicativa-en-espais-datencio-ciutadana\\\/#primaryimage\",\"url\":\"https:\\\/\\\/nextgeneration.paeria.cat\\\/web\\\/wp-content\\\/uploads\\\/2024\\\/08\\\/MG47172-scaled.jpg\",\"contentUrl\":\"https:\\\/\\\/nextgeneration.paeria.cat\\\/web\\\/wp-content\\\/uploads\\\/2024\\\/08\\\/MG47172-scaled.jpg\",\"width\":2560,\"height\":1707},{\"@type\":\"BreadcrumbList\",\"@id\":\"https:\\\/\\\/nextgeneration.paeria.cat\\\/web\\\/la-paeria-millora-laccessibilitat-fisica-i-comunicativa-en-espais-datencio-ciutadana\\\/#breadcrumb\",\"itemListElement\":[{\"@type\":\"ListItem\",\"position\":1,\"name\":\"Inici\",\"item\":\"https:\\\/\\\/nextgeneration.paeria.cat\\\/web\\\/\"},{\"@type\":\"ListItem\",\"position\":2,\"name\":\"La Paeria millora l\u2019accessibilitat f\u00edsica i comunicativa en espais d\u2019atenci\u00f3 ciutadana\"}]},{\"@type\":\"WebSite\",\"@id\":\"https:\\\/\\\/nextgeneration.paeria.cat\\\/web\\\/#website\",\"url\":\"https:\\\/\\\/nextgeneration.paeria.cat\\\/web\\\/\",\"name\":\"Next Generation Lleida - Propostes de projectes - La Paeria - Ajuntament de Lleida\",\"description\":\"\",\"publisher\":{\"@id\":\"https:\\\/\\\/nextgeneration.paeria.cat\\\/web\\\/#organization\"},\"potentialAction\":[{\"@type\":\"SearchAction\",\"target\":{\"@type\":\"EntryPoint\",\"urlTemplate\":\"https:\\\/\\\/nextgeneration.paeria.cat\\\/web\\\/?s={search_term_string}\"},\"query-input\":{\"@type\":\"PropertyValueSpecification\",\"valueRequired\":true,\"valueName\":\"search_term_string\"}}],\"inLanguage\":\"ca\"},{\"@type\":\"Organization\",\"@id\":\"https:\\\/\\\/nextgeneration.paeria.cat\\\/web\\\/#organization\",\"name\":\"Next Generation Lleida - Propostes de projectes - La Paeria - Ajuntament de Lleida\",\"url\":\"https:\\\/\\\/nextgeneration.paeria.cat\\\/web\\\/\",\"logo\":{\"@type\":\"ImageObject\",\"inLanguage\":\"ca\",\"@id\":\"https:\\\/\\\/nextgeneration.paeria.cat\\\/web\\\/#\\\/schema\\\/logo\\\/image\\\/\",\"url\":\"https:\\\/\\\/nextgeneration.paeria.cat\\\/web\\\/wp-content\\\/uploads\\\/2023\\\/09\\\/cropped-titol.png\",\"contentUrl\":\"https:\\\/\\\/nextgeneration.paeria.cat\\\/web\\\/wp-content\\\/uploads\\\/2023\\\/09\\\/cropped-titol.png\",\"width\":1100,\"height\":220,\"caption\":\"Next Generation Lleida - Propostes de projectes - La Paeria - Ajuntament de Lleida\"},\"image\":{\"@id\":\"https:\\\/\\\/nextgeneration.paeria.cat\\\/web\\\/#\\\/schema\\\/logo\\\/image\\\/\"}},{\"@type\":\"Person\",\"@id\":\"https:\\\/\\\/nextgeneration.paeria.cat\\\/web\\\/#\\\/schema\\\/person\\\/d0869853685f5118a45408d600973c20\",\"name\":\"Dolors Ortin\",\"image\":{\"@type\":\"ImageObject\",\"inLanguage\":\"ca\",\"@id\":\"https:\\\/\\\/secure.gravatar.com\\\/avatar\\\/92d49973a2d8eb61ac1cdb6a9d672367fc65859e811d5e4b3ec4f92ef8f1d091?s=96&d=mm&r=g\",\"url\":\"https:\\\/\\\/secure.gravatar.com\\\/avatar\\\/92d49973a2d8eb61ac1cdb6a9d672367fc65859e811d5e4b3ec4f92ef8f1d091?s=96&d=mm&r=g\",\"contentUrl\":\"https:\\\/\\\/secure.gravatar.com\\\/avatar\\\/92d49973a2d8eb61ac1cdb6a9d672367fc65859e811d5e4b3ec4f92ef8f1d091?s=96&d=mm&r=g\",\"caption\":\"Dolors Ortin\"}}]}<\/script>\n<!-- \/ Yoast SEO plugin. -->","yoast_head_json":{"title":"La Paeria millora l\u2019accessibilitat f\u00edsica i comunicativa en espais d\u2019atenci\u00f3 ciutadana - Next Generation Lleida - Propostes de projectes - La Paeria - Ajuntament de Lleida","robots":{"index":"index","follow":"follow","max-snippet":"max-snippet:-1","max-image-preview":"max-image-preview:large","max-video-preview":"max-video-preview:-1"},"canonical":"https:\/\/nextgeneration.paeria.cat\/web\/la-paeria-millora-laccessibilitat-fisica-i-comunicativa-en-espais-datencio-ciutadana\/","og_locale":"ca_ES","og_type":"article","og_title":"La Paeria millora l\u2019accessibilitat f\u00edsica i comunicativa en espais d\u2019atenci\u00f3 ciutadana - Next Generation Lleida - Propostes de projectes - La Paeria - Ajuntament de Lleida","og_description":"L\u2019alcalde accidental, Carlos Enjuanes, ha visitat les obres que s\u2019han fet al Centre C\u00edvic de Cappont per adequar les cambres higi\u00e8niques i l\u2019acc\u00e9s general, per garantir els drets de les persones amb mobilitat redu\u00efda El projecte inverteix prop de 200.000 euros, amb el finan\u00e7ament amb fons #NextGenerationEU en el marc del Pla de Recuperaci\u00f3, Transformaci\u00f3 ... Llegiu m\u00e9s","og_url":"https:\/\/nextgeneration.paeria.cat\/web\/la-paeria-millora-laccessibilitat-fisica-i-comunicativa-en-espais-datencio-ciutadana\/","og_site_name":"Next Generation Lleida - Propostes de projectes - La Paeria - Ajuntament de Lleida","article_published_time":"2024-08-12T16:00:00+00:00","article_modified_time":"2026-03-12T07:47:06+00:00","og_image":[{"width":2560,"height":1707,"url":"https:\/\/nextgeneration.paeria.cat\/web\/wp-content\/uploads\/2024\/08\/MG47172-scaled.jpg","type":"image\/jpeg"}],"author":"Dolors Ortin","twitter_card":"summary_large_image","twitter_misc":{"Escrit per":"Dolors Ortin","Temps estimat de lectura":"5 minuts"},"schema":{"@context":"https:\/\/schema.org","@graph":[{"@type":"Article","@id":"https:\/\/nextgeneration.paeria.cat\/web\/la-paeria-millora-laccessibilitat-fisica-i-comunicativa-en-espais-datencio-ciutadana\/#article","isPartOf":{"@id":"https:\/\/nextgeneration.paeria.cat\/web\/la-paeria-millora-laccessibilitat-fisica-i-comunicativa-en-espais-datencio-ciutadana\/"},"author":{"name":"Dolors Ortin","@id":"https:\/\/nextgeneration.paeria.cat\/web\/#\/schema\/person\/d0869853685f5118a45408d600973c20"},"headline":"La Paeria millora l\u2019accessibilitat f\u00edsica i comunicativa en espais d\u2019atenci\u00f3 ciutadana","datePublished":"2024-08-12T16:00:00+00:00","dateModified":"2026-03-12T07:47:06+00:00","mainEntityOfPage":{"@id":"https:\/\/nextgeneration.paeria.cat\/web\/la-paeria-millora-laccessibilitat-fisica-i-comunicativa-en-espais-datencio-ciutadana\/"},"wordCount":621,"publisher":{"@id":"https:\/\/nextgeneration.paeria.cat\/web\/#organization"},"image":{"@id":"https:\/\/nextgeneration.paeria.cat\/web\/la-paeria-millora-laccessibilitat-fisica-i-comunicativa-en-espais-datencio-ciutadana\/#primaryimage"},"thumbnailUrl":"https:\/\/nextgeneration.paeria.cat\/web\/wp-content\/uploads\/2024\/08\/MG47172-scaled.jpg","articleSection":["Not\u00edcies"],"inLanguage":"ca"},{"@type":"WebPage","@id":"https:\/\/nextgeneration.paeria.cat\/web\/la-paeria-millora-laccessibilitat-fisica-i-comunicativa-en-espais-datencio-ciutadana\/","url":"https:\/\/nextgeneration.paeria.cat\/web\/la-paeria-millora-laccessibilitat-fisica-i-comunicativa-en-espais-datencio-ciutadana\/","name":"La Paeria millora l\u2019accessibilitat f\u00edsica i comunicativa en espais d\u2019atenci\u00f3 ciutadana - Next Generation Lleida - Propostes de projectes - La Paeria - Ajuntament de Lleida","isPartOf":{"@id":"https:\/\/nextgeneration.paeria.cat\/web\/#website"},"primaryImageOfPage":{"@id":"https:\/\/nextgeneration.paeria.cat\/web\/la-paeria-millora-laccessibilitat-fisica-i-comunicativa-en-espais-datencio-ciutadana\/#primaryimage"},"image":{"@id":"https:\/\/nextgeneration.paeria.cat\/web\/la-paeria-millora-laccessibilitat-fisica-i-comunicativa-en-espais-datencio-ciutadana\/#primaryimage"},"thumbnailUrl":"https:\/\/nextgeneration.paeria.cat\/web\/wp-content\/uploads\/2024\/08\/MG47172-scaled.jpg","datePublished":"2024-08-12T16:00:00+00:00","dateModified":"2026-03-12T07:47:06+00:00","breadcrumb":{"@id":"https:\/\/nextgeneration.paeria.cat\/web\/la-paeria-millora-laccessibilitat-fisica-i-comunicativa-en-espais-datencio-ciutadana\/#breadcrumb"},"inLanguage":"ca","potentialAction":[{"@type":"ReadAction","target":["https:\/\/nextgeneration.paeria.cat\/web\/la-paeria-millora-laccessibilitat-fisica-i-comunicativa-en-espais-datencio-ciutadana\/"]}]},{"@type":"ImageObject","inLanguage":"ca","@id":"https:\/\/nextgeneration.paeria.cat\/web\/la-paeria-millora-laccessibilitat-fisica-i-comunicativa-en-espais-datencio-ciutadana\/#primaryimage","url":"https:\/\/nextgeneration.paeria.cat\/web\/wp-content\/uploads\/2024\/08\/MG47172-scaled.jpg","contentUrl":"https:\/\/nextgeneration.paeria.cat\/web\/wp-content\/uploads\/2024\/08\/MG47172-scaled.jpg","width":2560,"height":1707},{"@type":"BreadcrumbList","@id":"https:\/\/nextgeneration.paeria.cat\/web\/la-paeria-millora-laccessibilitat-fisica-i-comunicativa-en-espais-datencio-ciutadana\/#breadcrumb","itemListElement":[{"@type":"ListItem","position":1,"name":"Inici","item":"https:\/\/nextgeneration.paeria.cat\/web\/"},{"@type":"ListItem","position":2,"name":"La Paeria millora l\u2019accessibilitat f\u00edsica i comunicativa en espais d\u2019atenci\u00f3 ciutadana"}]},{"@type":"WebSite","@id":"https:\/\/nextgeneration.paeria.cat\/web\/#website","url":"https:\/\/nextgeneration.paeria.cat\/web\/","name":"Next Generation Lleida - Propostes de projectes - La Paeria - Ajuntament de Lleida","description":"","publisher":{"@id":"https:\/\/nextgeneration.paeria.cat\/web\/#organization"},"potentialAction":[{"@type":"SearchAction","target":{"@type":"EntryPoint","urlTemplate":"https:\/\/nextgeneration.paeria.cat\/web\/?s={search_term_string}"},"query-input":{"@type":"PropertyValueSpecification","valueRequired":true,"valueName":"search_term_string"}}],"inLanguage":"ca"},{"@type":"Organization","@id":"https:\/\/nextgeneration.paeria.cat\/web\/#organization","name":"Next Generation Lleida - Propostes de projectes - La Paeria - Ajuntament de Lleida","url":"https:\/\/nextgeneration.paeria.cat\/web\/","logo":{"@type":"ImageObject","inLanguage":"ca","@id":"https:\/\/nextgeneration.paeria.cat\/web\/#\/schema\/logo\/image\/","url":"https:\/\/nextgeneration.paeria.cat\/web\/wp-content\/uploads\/2023\/09\/cropped-titol.png","contentUrl":"https:\/\/nextgeneration.paeria.cat\/web\/wp-content\/uploads\/2023\/09\/cropped-titol.png","width":1100,"height":220,"caption":"Next Generation Lleida - Propostes de projectes - La Paeria - Ajuntament de Lleida"},"image":{"@id":"https:\/\/nextgeneration.paeria.cat\/web\/#\/schema\/logo\/image\/"}},{"@type":"Person","@id":"https:\/\/nextgeneration.paeria.cat\/web\/#\/schema\/person\/d0869853685f5118a45408d600973c20","name":"Dolors Ortin","image":{"@type":"ImageObject","inLanguage":"ca","@id":"https:\/\/secure.gravatar.com\/avatar\/92d49973a2d8eb61ac1cdb6a9d672367fc65859e811d5e4b3ec4f92ef8f1d091?s=96&d=mm&r=g","url":"https:\/\/secure.gravatar.com\/avatar\/92d49973a2d8eb61ac1cdb6a9d672367fc65859e811d5e4b3ec4f92ef8f1d091?s=96&d=mm&r=g","contentUrl":"https:\/\/secure.gravatar.com\/avatar\/92d49973a2d8eb61ac1cdb6a9d672367fc65859e811d5e4b3ec4f92ef8f1d091?s=96&d=mm&r=g","caption":"Dolors Ortin"}}]}},"_links":{"self":[{"href":"https:\/\/nextgeneration.paeria.cat\/web\/wp-json\/wp\/v2\/posts\/6757","targetHints":{"allow":["GET"]}}],"collection":[{"href":"https:\/\/nextgeneration.paeria.cat\/web\/wp-json\/wp\/v2\/posts"}],"about":[{"href":"https:\/\/nextgeneration.paeria.cat\/web\/wp-json\/wp\/v2\/types\/post"}],"author":[{"embeddable":true,"href":"https:\/\/nextgeneration.paeria.cat\/web\/wp-json\/wp\/v2\/users\/6"}],"replies":[{"embeddable":true,"href":"https:\/\/nextgeneration.paeria.cat\/web\/wp-json\/wp\/v2\/comments?post=6757"}],"version-history":[{"count":13,"href":"https:\/\/nextgeneration.paeria.cat\/web\/wp-json\/wp\/v2\/posts\/6757\/revisions"}],"predecessor-version":[{"id":8678,"href":"https:\/\/nextgeneration.paeria.cat\/web\/wp-json\/wp\/v2\/posts\/6757\/revisions\/8678"}],"wp:featuredmedia":[{"embeddable":true,"href":"https:\/\/nextgeneration.paeria.cat\/web\/wp-json\/wp\/v2\/media\/6759"}],"wp:attachment":[{"href":"https:\/\/nextgeneration.paeria.cat\/web\/wp-json\/wp\/v2\/media?parent=6757"}],"wp:term":[{"taxonomy":"category","embeddable":true,"href":"https:\/\/nextgeneration.paeria.cat\/web\/wp-json\/wp\/v2\/categories?post=6757"},{"taxonomy":"post_tag","embeddable":true,"href":"https:\/\/nextgeneration.paeria.cat\/web\/wp-json\/wp\/v2\/tags?post=6757"}],"curies":[{"name":"wp","href":"https:\/\/api.w.org\/{rel}","templated":true}]}}