{"id":7397,"date":"2025-01-05T11:58:52","date_gmt":"2025-01-05T09:58:52","guid":{"rendered":"https:\/\/nextgeneration.paeria.cat\/web\/?p=7397"},"modified":"2025-01-22T12:44:26","modified_gmt":"2025-01-22T10:44:26","slug":"la-paeria-inicia-les-obres-de-renaturalitzacio-del-carrer-riu-ebre","status":"publish","type":"post","link":"https:\/\/nextgeneration.paeria.cat\/web\/la-paeria-inicia-les-obres-de-renaturalitzacio-del-carrer-riu-ebre\/","title":{"rendered":"La Paeria inicia les obres de renaturalitzaci\u00f3 del carrer Riu Ebre"},"content":{"rendered":"\t\t<div data-elementor-type=\"wp-post\" data-elementor-id=\"7397\" class=\"elementor elementor-7397\">\n\t\t\t\t\t\t<section class=\"elementor-section elementor-top-section elementor-element elementor-element-a45c10b elementor-section-boxed elementor-section-height-default elementor-section-height-default\" data-id=\"a45c10b\" data-element_type=\"section\" data-e-type=\"section\">\n\t\t\t\t\t\t<div class=\"elementor-container elementor-column-gap-default\">\n\t\t\t\t\t<div class=\"elementor-column elementor-col-100 elementor-top-column elementor-element elementor-element-1615ff8\" data-id=\"1615ff8\" data-element_type=\"column\" data-e-type=\"column\">\n\t\t\t<div class=\"elementor-widget-wrap elementor-element-populated\">\n\t\t\t\t\t\t<div class=\"elementor-element elementor-element-fbe6637 elementor-widget elementor-widget-text-editor\" data-id=\"fbe6637\" data-element_type=\"widget\" data-e-type=\"widget\" data-widget_type=\"text-editor.default\">\n\t\t\t\t<div class=\"elementor-widget-container\">\n\t\t\t\t\t\t\t\t\t<p><strong>Es crear\u00e0 un gran passeig verd de deu metres d\u2019ample amb 48 arbres i tres mil plantes arbustives, reduint el paviment d\u2019asfalt per combatre l\u2019efecte d\u2019illa de calor i millorar la biodiversitat, en el tram entre Doctora Castells i l\u2019avinguda de Val\u00e8ncia<\/strong><\/p><p><strong>Es preveu que l\u2019obra civil i l\u2019enjardinament amb tres mil plantes arbustives estiguin enllestits cap al mes de juny i que la plantaci\u00f3 dels 48 arbres previstos es faci a la tardor, per facilitar el seu arrelament<\/strong><\/p><p>L\u2019Ajuntament de Lleida inicia aquest dimarts, 7 de gener, les obres de renaturalitzaci\u00f3 del carrer Riu Ebre, una actuaci\u00f3 que permetr\u00e0 transformar aquest vial en un gran passeig verd de m\u00e9s de deu metres d\u2019ample en el tram situat entre la rambla Doctora Castells i l\u2019avinguda de Val\u00e8ncia.<\/p><p>Les obres s&#8217;iniciaran amb el tancament de l\u2019espai i es desenvoluparan fins al mes de juny, quan es preveu poder deixar obert ja l\u2019\u00e0mbit afectat, un cop enllestida l\u2019obra civil i l\u2019enjardinament amb plantes arbustives, a l\u2019espera de la plantaci\u00f3 de l\u2019arbrat. Es dur\u00e0 a terme cap a l\u2019octubre, quan les condicions clim\u00e0tiques faciliten un millor arrelament.<\/p><p>L\u2019actuaci\u00f3 se centra en una franja de prop d\u2019onze metres d\u2019ample davant de la vorera del n\u00fameros imparells del carrer Riu Ebre i tamb\u00e9 abasta la placeta del xamfr\u00e0 entre Riu Ebre i Doctora Castells.<\/p><p>Aquest espai es veur\u00e0 transformat mitjan\u00e7ant la demolici\u00f3 dels paviments existents, fet que permetr\u00e0 millorar la permeabilitat i la qualitat del s\u00f2l, reduint aix\u00ed l\u2019efecte d\u2019illa de calor a la zona urbana, i permetent l\u2019augment de la vegetaci\u00f3 i les zones d\u2019estada per al ve\u00efnat, amb paviment de saul\u00f3, bancs i cadires.<\/p><p>Pel que fa a la jardineria, es preveu la plantaci\u00f3 d\u2019un total de 48 arbres de 14 esp\u00e8cies diferents, entre els de port gran, mitj\u00e0, petit i de tipus arbustiu. A m\u00e9s, es plantaran 3.028 plantes herb\u00e0cies, enfiladisses i subarbustives de 29 esp\u00e8cies diferents.<\/p><p>A m\u00e9s de les dues voreres i el carril bici ja existent a l\u2019altra banda del nou passeig, el carrer mantindr\u00e0 els dos sentits de circulaci\u00f3 per a vehicles i una de les dues fileres d\u2019aparcaments.<\/p><p>Altres actuacions incloses s\u00f3n la creaci\u00f3 de sistemes urbans de drenatge sostenible amb la infiltraci\u00f3 de l\u2019aigua de pluja al subsol, la previsi\u00f3 d\u2019ampliaci\u00f3 de la xarxa d\u2019enllumenat p\u00fablic, el subministrament del mobiliari urb\u00e0 i la senyalitzaci\u00f3 vi\u00e0ria.<\/p><p>El carrer Riu Ebre forma part del corredor verd transversal incl\u00f2s en el tra\u00e7at de les Sendes arbrades i ombrejades i de la Connexi\u00f3 de la Xarxa Natura 2000, que travessa el municipi pel centre de la ciutat. S\u2019ha triat per la seva amplada, de prop de 30 metres de secci\u00f3, i la seva funci\u00f3 de connexi\u00f3 per a vianants del barri de Cappont amb el Centre Hist\u00f2ric a trav\u00e9s de la passarel\u00b7la del Liceu Escolar i la pla\u00e7a Blas Infante.<\/p><p>La seva renaturalitzaci\u00f3 permetr\u00e0 millorar la continu\u00eftat del verd urb\u00e0 i vertebrar\u00e0 la relaci\u00f3 del barri amb el centre, canalitzant per aquest nou passeig el flux de persones que es desplacen entre aquests dos punts. Amb els mateixos objectius, la Paeria tamb\u00e9 treballa en <a href=\"https:\/\/nextgeneration.paeria.cat\/web\/la-paeria-inicia-les-obres-per-a-crear-una-gran-zona-verda-de-16-metres-dample-a-lavinguda-doctor-fleming\/\">el projecte de renaturalitzaci\u00f3 de l\u2019avinguda Doctor Fleming<\/a>, les obres del qual ja es van iniciar a principis de desembre.<\/p><p>\u00a0<\/p>\t\t\t\t\t\t\t\t<\/div>\n\t\t\t\t<\/div>\n\t\t\t\t\t<\/div>\n\t\t<\/div>\n\t\t\t\t\t<\/div>\n\t\t<\/section>\n\t\t\t\t<section class=\"elementor-section elementor-top-section elementor-element elementor-element-01b17da elementor-section-boxed elementor-section-height-default elementor-section-height-default\" data-id=\"01b17da\" data-element_type=\"section\" data-e-type=\"section\">\n\t\t\t\t\t\t<div class=\"elementor-container elementor-column-gap-default\">\n\t\t\t\t\t<div class=\"elementor-column elementor-col-25 elementor-top-column elementor-element elementor-element-696209e\" data-id=\"696209e\" data-element_type=\"column\" data-e-type=\"column\">\n\t\t\t<div class=\"elementor-widget-wrap elementor-element-populated\">\n\t\t\t\t\t\t<div class=\"elementor-element elementor-element-1fe72f0 elementor-widget elementor-widget-image\" data-id=\"1fe72f0\" data-element_type=\"widget\" data-e-type=\"widget\" data-widget_type=\"image.default\">\n\t\t\t\t<div class=\"elementor-widget-container\">\n\t\t\t\t\t\t\t\t\t\t\t\t\t\t\t<img fetchpriority=\"high\" decoding=\"async\" width=\"873\" height=\"255\" src=\"https:\/\/nextgeneration.paeria.cat\/web\/wp-content\/uploads\/2022\/11\/Financat-per-la-Unio-Europea.jpg\" class=\"attachment-large size-large wp-image-1883\" alt=\"Logo Uni\u00f3 Europea NextGeneration\" srcset=\"https:\/\/nextgeneration.paeria.cat\/web\/wp-content\/uploads\/2022\/11\/Financat-per-la-Unio-Europea.jpg 873w, https:\/\/nextgeneration.paeria.cat\/web\/wp-content\/uploads\/2022\/11\/Financat-per-la-Unio-Europea-300x88.jpg 300w, https:\/\/nextgeneration.paeria.cat\/web\/wp-content\/uploads\/2022\/11\/Financat-per-la-Unio-Europea-768x224.jpg 768w\" sizes=\"(max-width: 873px) 100vw, 873px\" \/>\t\t\t\t\t\t\t\t\t\t\t\t\t\t\t<\/div>\n\t\t\t\t<\/div>\n\t\t\t\t\t<\/div>\n\t\t<\/div>\n\t\t\t\t<div class=\"elementor-column elementor-col-25 elementor-top-column elementor-element elementor-element-e03fe70\" data-id=\"e03fe70\" data-element_type=\"column\" data-e-type=\"column\">\n\t\t\t<div class=\"elementor-widget-wrap elementor-element-populated\">\n\t\t\t\t\t\t<div class=\"elementor-element elementor-element-8584653 elementor-widget elementor-widget-image\" data-id=\"8584653\" data-element_type=\"widget\" data-e-type=\"widget\" data-widget_type=\"image.default\">\n\t\t\t\t<div class=\"elementor-widget-container\">\n\t\t\t\t\t\t\t\t\t\t\t\t\t\t\t<img decoding=\"async\" width=\"748\" height=\"229\" src=\"https:\/\/nextgeneration.paeria.cat\/web\/wp-content\/uploads\/2023\/11\/PRTR-CATALA-3-linies-1.jpg\" class=\"attachment-large size-large wp-image-5065\" alt=\"\" srcset=\"https:\/\/nextgeneration.paeria.cat\/web\/wp-content\/uploads\/2023\/11\/PRTR-CATALA-3-linies-1.jpg 748w, https:\/\/nextgeneration.paeria.cat\/web\/wp-content\/uploads\/2023\/11\/PRTR-CATALA-3-linies-1-300x92.jpg 300w\" sizes=\"(max-width: 748px) 100vw, 748px\" \/>\t\t\t\t\t\t\t\t\t\t\t\t\t\t\t<\/div>\n\t\t\t\t<\/div>\n\t\t\t\t\t<\/div>\n\t\t<\/div>\n\t\t\t\t<div class=\"elementor-column elementor-col-25 elementor-top-column elementor-element elementor-element-c640d29\" data-id=\"c640d29\" data-element_type=\"column\" data-e-type=\"column\">\n\t\t\t<div class=\"elementor-widget-wrap elementor-element-populated\">\n\t\t\t\t\t\t<div class=\"elementor-element elementor-element-a6b1085 elementor-widget elementor-widget-image\" data-id=\"a6b1085\" data-element_type=\"widget\" data-e-type=\"widget\" data-widget_type=\"image.default\">\n\t\t\t\t<div class=\"elementor-widget-container\">\n\t\t\t\t\t\t\t\t\t\t\t\t\t\t\t<img decoding=\"async\" width=\"300\" height=\"70\" src=\"https:\/\/nextgeneration.paeria.cat\/web\/wp-content\/uploads\/2023\/03\/logo_ministerio_para_la_transicion_ecologica_y_el_reto_demografico_300w.png\" class=\"attachment-large size-large wp-image-7138\" alt=\"Ministerio para la Transici\u00f3n Ecol\u00f3gica y el Reto Demogr\u00e1fico.\" \/>\t\t\t\t\t\t\t\t\t\t\t\t\t\t\t<\/div>\n\t\t\t\t<\/div>\n\t\t\t\t\t<\/div>\n\t\t<\/div>\n\t\t\t\t<div class=\"elementor-column elementor-col-25 elementor-top-column elementor-element elementor-element-36fccb5\" data-id=\"36fccb5\" data-element_type=\"column\" data-e-type=\"column\">\n\t\t\t<div class=\"elementor-widget-wrap elementor-element-populated\">\n\t\t\t\t\t\t<div class=\"elementor-element elementor-element-1b2e510 elementor-widget elementor-widget-image\" data-id=\"1b2e510\" data-element_type=\"widget\" data-e-type=\"widget\" data-widget_type=\"image.default\">\n\t\t\t\t<div class=\"elementor-widget-container\">\n\t\t\t\t\t\t\t\t\t\t\t\t\t\t\t<img loading=\"lazy\" decoding=\"async\" width=\"300\" height=\"166\" src=\"https:\/\/nextgeneration.paeria.cat\/web\/wp-content\/uploads\/2022\/11\/logo-fundacion-biodiversidad.png\" class=\"attachment-medium size-medium wp-image-2012\" alt=\"\" \/>\t\t\t\t\t\t\t\t\t\t\t\t\t\t\t<\/div>\n\t\t\t\t<\/div>\n\t\t\t\t\t<\/div>\n\t\t<\/div>\n\t\t\t\t\t<\/div>\n\t\t<\/section>\n\t\t\t\t<\/div>\n\t\t","protected":false},"excerpt":{"rendered":"<p>Es crear\u00e0 un gran passeig verd de deu metres d\u2019ample amb 48 arbres i tres mil plantes arbustives, reduint el paviment d\u2019asfalt per combatre l\u2019efecte d\u2019illa de calor i millorar la biodiversitat, en el tram entre Doctora Castells i l\u2019avinguda de Val\u00e8ncia Es preveu que l\u2019obra civil i l\u2019enjardinament amb tres mil plantes arbustives estiguin &#8230; <a title=\"La Paeria inicia les obres de renaturalitzaci\u00f3 del carrer Riu Ebre\" class=\"read-more\" href=\"https:\/\/nextgeneration.paeria.cat\/web\/la-paeria-inicia-les-obres-de-renaturalitzacio-del-carrer-riu-ebre\/\" aria-label=\"M\u00e9s informaci\u00f3 sobre La Paeria inicia les obres de renaturalitzaci\u00f3 del carrer Riu Ebre\">Llegiu m\u00e9s<\/a><\/p>\n","protected":false},"author":2,"featured_media":7398,"comment_status":"closed","ping_status":"closed","sticky":false,"template":"","format":"standard","meta":{"_sitemap_exclude":false,"_sitemap_priority":"","_sitemap_frequency":"","footnotes":""},"categories":[4],"tags":[],"class_list":["post-7397","post","type-post","status-publish","format-standard","has-post-thumbnail","hentry","category-noticies"],"yoast_head":"<!-- This site is optimized with the Yoast SEO plugin v27.5 - https:\/\/yoast.com\/product\/yoast-seo-wordpress\/ -->\n<title>La Paeria inicia les obres de renaturalitzaci\u00f3 del carrer Riu Ebre - Next Generation Lleida - Propostes de projectes - La Paeria - Ajuntament de Lleida<\/title>\n<meta name=\"robots\" content=\"index, follow, max-snippet:-1, max-image-preview:large, max-video-preview:-1\" \/>\n<link rel=\"canonical\" href=\"https:\/\/nextgeneration.paeria.cat\/web\/la-paeria-inicia-les-obres-de-renaturalitzacio-del-carrer-riu-ebre\/\" \/>\n<meta property=\"og:locale\" content=\"ca_ES\" \/>\n<meta property=\"og:type\" content=\"article\" \/>\n<meta property=\"og:title\" content=\"La Paeria inicia les obres de renaturalitzaci\u00f3 del carrer Riu Ebre - Next Generation Lleida - Propostes de projectes - La Paeria - Ajuntament de Lleida\" \/>\n<meta property=\"og:description\" content=\"Es crear\u00e0 un gran passeig verd de deu metres d\u2019ample amb 48 arbres i tres mil plantes arbustives, reduint el paviment d\u2019asfalt per combatre l\u2019efecte d\u2019illa de calor i millorar la biodiversitat, en el tram entre Doctora Castells i l\u2019avinguda de Val\u00e8ncia Es preveu que l\u2019obra civil i l\u2019enjardinament amb tres mil plantes arbustives estiguin ... Llegiu m\u00e9s\" \/>\n<meta property=\"og:url\" content=\"https:\/\/nextgeneration.paeria.cat\/web\/la-paeria-inicia-les-obres-de-renaturalitzacio-del-carrer-riu-ebre\/\" \/>\n<meta property=\"og:site_name\" content=\"Next Generation Lleida - Propostes de projectes - La Paeria - Ajuntament de Lleida\" \/>\n<meta property=\"article:published_time\" content=\"2025-01-05T09:58:52+00:00\" \/>\n<meta property=\"article:modified_time\" content=\"2025-01-22T10:44:26+00:00\" \/>\n<meta property=\"og:image\" content=\"https:\/\/nextgeneration.paeria.cat\/web\/wp-content\/uploads\/2025\/01\/05-01-2025.jpeg\" \/>\n\t<meta property=\"og:image:width\" content=\"768\" \/>\n\t<meta property=\"og:image:height\" content=\"576\" \/>\n\t<meta property=\"og:image:type\" content=\"image\/jpeg\" \/>\n<meta name=\"author\" content=\"admin-nextgeneration\" \/>\n<meta name=\"twitter:card\" content=\"summary_large_image\" \/>\n<meta name=\"twitter:label1\" content=\"Escrit per\" \/>\n\t<meta name=\"twitter:data1\" content=\"admin-nextgeneration\" \/>\n\t<meta name=\"twitter:label2\" content=\"Temps estimat de lectura\" \/>\n\t<meta name=\"twitter:data2\" content=\"4 minuts\" \/>\n<script type=\"application\/ld+json\" class=\"yoast-schema-graph\">{\"@context\":\"https:\\\/\\\/schema.org\",\"@graph\":[{\"@type\":\"Article\",\"@id\":\"https:\\\/\\\/nextgeneration.paeria.cat\\\/web\\\/la-paeria-inicia-les-obres-de-renaturalitzacio-del-carrer-riu-ebre\\\/#article\",\"isPartOf\":{\"@id\":\"https:\\\/\\\/nextgeneration.paeria.cat\\\/web\\\/la-paeria-inicia-les-obres-de-renaturalitzacio-del-carrer-riu-ebre\\\/\"},\"author\":{\"name\":\"admin-nextgeneration\",\"@id\":\"https:\\\/\\\/nextgeneration.paeria.cat\\\/web\\\/#\\\/schema\\\/person\\\/a12a490165bc044605332926bbdc1189\"},\"headline\":\"La Paeria inicia les obres de renaturalitzaci\u00f3 del carrer Riu Ebre\",\"datePublished\":\"2025-01-05T09:58:52+00:00\",\"dateModified\":\"2025-01-22T10:44:26+00:00\",\"mainEntityOfPage\":{\"@id\":\"https:\\\/\\\/nextgeneration.paeria.cat\\\/web\\\/la-paeria-inicia-les-obres-de-renaturalitzacio-del-carrer-riu-ebre\\\/\"},\"wordCount\":592,\"publisher\":{\"@id\":\"https:\\\/\\\/nextgeneration.paeria.cat\\\/web\\\/#organization\"},\"image\":{\"@id\":\"https:\\\/\\\/nextgeneration.paeria.cat\\\/web\\\/la-paeria-inicia-les-obres-de-renaturalitzacio-del-carrer-riu-ebre\\\/#primaryimage\"},\"thumbnailUrl\":\"https:\\\/\\\/nextgeneration.paeria.cat\\\/web\\\/wp-content\\\/uploads\\\/2025\\\/01\\\/05-01-2025.jpeg\",\"articleSection\":[\"Not\u00edcies\"],\"inLanguage\":\"ca\"},{\"@type\":\"WebPage\",\"@id\":\"https:\\\/\\\/nextgeneration.paeria.cat\\\/web\\\/la-paeria-inicia-les-obres-de-renaturalitzacio-del-carrer-riu-ebre\\\/\",\"url\":\"https:\\\/\\\/nextgeneration.paeria.cat\\\/web\\\/la-paeria-inicia-les-obres-de-renaturalitzacio-del-carrer-riu-ebre\\\/\",\"name\":\"La Paeria inicia les obres de renaturalitzaci\u00f3 del carrer Riu Ebre - Next Generation Lleida - Propostes de projectes - La Paeria - Ajuntament de Lleida\",\"isPartOf\":{\"@id\":\"https:\\\/\\\/nextgeneration.paeria.cat\\\/web\\\/#website\"},\"primaryImageOfPage\":{\"@id\":\"https:\\\/\\\/nextgeneration.paeria.cat\\\/web\\\/la-paeria-inicia-les-obres-de-renaturalitzacio-del-carrer-riu-ebre\\\/#primaryimage\"},\"image\":{\"@id\":\"https:\\\/\\\/nextgeneration.paeria.cat\\\/web\\\/la-paeria-inicia-les-obres-de-renaturalitzacio-del-carrer-riu-ebre\\\/#primaryimage\"},\"thumbnailUrl\":\"https:\\\/\\\/nextgeneration.paeria.cat\\\/web\\\/wp-content\\\/uploads\\\/2025\\\/01\\\/05-01-2025.jpeg\",\"datePublished\":\"2025-01-05T09:58:52+00:00\",\"dateModified\":\"2025-01-22T10:44:26+00:00\",\"breadcrumb\":{\"@id\":\"https:\\\/\\\/nextgeneration.paeria.cat\\\/web\\\/la-paeria-inicia-les-obres-de-renaturalitzacio-del-carrer-riu-ebre\\\/#breadcrumb\"},\"inLanguage\":\"ca\",\"potentialAction\":[{\"@type\":\"ReadAction\",\"target\":[\"https:\\\/\\\/nextgeneration.paeria.cat\\\/web\\\/la-paeria-inicia-les-obres-de-renaturalitzacio-del-carrer-riu-ebre\\\/\"]}]},{\"@type\":\"ImageObject\",\"inLanguage\":\"ca\",\"@id\":\"https:\\\/\\\/nextgeneration.paeria.cat\\\/web\\\/la-paeria-inicia-les-obres-de-renaturalitzacio-del-carrer-riu-ebre\\\/#primaryimage\",\"url\":\"https:\\\/\\\/nextgeneration.paeria.cat\\\/web\\\/wp-content\\\/uploads\\\/2025\\\/01\\\/05-01-2025.jpeg\",\"contentUrl\":\"https:\\\/\\\/nextgeneration.paeria.cat\\\/web\\\/wp-content\\\/uploads\\\/2025\\\/01\\\/05-01-2025.jpeg\",\"width\":768,\"height\":576,\"caption\":\"L\u2019Ajuntament de Lleida inicia aquest dimarts, 7 de gener, les obres de renaturalitzaci\u00f3 del carrer Riu Ebre.\"},{\"@type\":\"BreadcrumbList\",\"@id\":\"https:\\\/\\\/nextgeneration.paeria.cat\\\/web\\\/la-paeria-inicia-les-obres-de-renaturalitzacio-del-carrer-riu-ebre\\\/#breadcrumb\",\"itemListElement\":[{\"@type\":\"ListItem\",\"position\":1,\"name\":\"Inici\",\"item\":\"https:\\\/\\\/nextgeneration.paeria.cat\\\/web\\\/\"},{\"@type\":\"ListItem\",\"position\":2,\"name\":\"La Paeria inicia les obres de renaturalitzaci\u00f3 del carrer Riu Ebre\"}]},{\"@type\":\"WebSite\",\"@id\":\"https:\\\/\\\/nextgeneration.paeria.cat\\\/web\\\/#website\",\"url\":\"https:\\\/\\\/nextgeneration.paeria.cat\\\/web\\\/\",\"name\":\"Next Generation Lleida - Propostes de projectes - La Paeria - Ajuntament de Lleida\",\"description\":\"\",\"publisher\":{\"@id\":\"https:\\\/\\\/nextgeneration.paeria.cat\\\/web\\\/#organization\"},\"potentialAction\":[{\"@type\":\"SearchAction\",\"target\":{\"@type\":\"EntryPoint\",\"urlTemplate\":\"https:\\\/\\\/nextgeneration.paeria.cat\\\/web\\\/?s={search_term_string}\"},\"query-input\":{\"@type\":\"PropertyValueSpecification\",\"valueRequired\":true,\"valueName\":\"search_term_string\"}}],\"inLanguage\":\"ca\"},{\"@type\":\"Organization\",\"@id\":\"https:\\\/\\\/nextgeneration.paeria.cat\\\/web\\\/#organization\",\"name\":\"Next Generation Lleida - Propostes de projectes - La Paeria - Ajuntament de Lleida\",\"url\":\"https:\\\/\\\/nextgeneration.paeria.cat\\\/web\\\/\",\"logo\":{\"@type\":\"ImageObject\",\"inLanguage\":\"ca\",\"@id\":\"https:\\\/\\\/nextgeneration.paeria.cat\\\/web\\\/#\\\/schema\\\/logo\\\/image\\\/\",\"url\":\"https:\\\/\\\/nextgeneration.paeria.cat\\\/web\\\/wp-content\\\/uploads\\\/2023\\\/09\\\/cropped-titol.png\",\"contentUrl\":\"https:\\\/\\\/nextgeneration.paeria.cat\\\/web\\\/wp-content\\\/uploads\\\/2023\\\/09\\\/cropped-titol.png\",\"width\":1100,\"height\":220,\"caption\":\"Next Generation Lleida - Propostes de projectes - La Paeria - Ajuntament de Lleida\"},\"image\":{\"@id\":\"https:\\\/\\\/nextgeneration.paeria.cat\\\/web\\\/#\\\/schema\\\/logo\\\/image\\\/\"}},{\"@type\":\"Person\",\"@id\":\"https:\\\/\\\/nextgeneration.paeria.cat\\\/web\\\/#\\\/schema\\\/person\\\/a12a490165bc044605332926bbdc1189\",\"name\":\"admin-nextgeneration\",\"image\":{\"@type\":\"ImageObject\",\"inLanguage\":\"ca\",\"@id\":\"https:\\\/\\\/secure.gravatar.com\\\/avatar\\\/01bed9d6851a1f9c8ab5eb704ab3e7882815867f87a0ef562e77261bef722cbe?s=96&d=mm&r=g\",\"url\":\"https:\\\/\\\/secure.gravatar.com\\\/avatar\\\/01bed9d6851a1f9c8ab5eb704ab3e7882815867f87a0ef562e77261bef722cbe?s=96&d=mm&r=g\",\"contentUrl\":\"https:\\\/\\\/secure.gravatar.com\\\/avatar\\\/01bed9d6851a1f9c8ab5eb704ab3e7882815867f87a0ef562e77261bef722cbe?s=96&d=mm&r=g\",\"caption\":\"admin-nextgeneration\"}}]}<\/script>\n<!-- \/ Yoast SEO plugin. -->","yoast_head_json":{"title":"La Paeria inicia les obres de renaturalitzaci\u00f3 del carrer Riu Ebre - Next Generation Lleida - Propostes de projectes - La Paeria - Ajuntament de Lleida","robots":{"index":"index","follow":"follow","max-snippet":"max-snippet:-1","max-image-preview":"max-image-preview:large","max-video-preview":"max-video-preview:-1"},"canonical":"https:\/\/nextgeneration.paeria.cat\/web\/la-paeria-inicia-les-obres-de-renaturalitzacio-del-carrer-riu-ebre\/","og_locale":"ca_ES","og_type":"article","og_title":"La Paeria inicia les obres de renaturalitzaci\u00f3 del carrer Riu Ebre - Next Generation Lleida - Propostes de projectes - La Paeria - Ajuntament de Lleida","og_description":"Es crear\u00e0 un gran passeig verd de deu metres d\u2019ample amb 48 arbres i tres mil plantes arbustives, reduint el paviment d\u2019asfalt per combatre l\u2019efecte d\u2019illa de calor i millorar la biodiversitat, en el tram entre Doctora Castells i l\u2019avinguda de Val\u00e8ncia Es preveu que l\u2019obra civil i l\u2019enjardinament amb tres mil plantes arbustives estiguin ... Llegiu m\u00e9s","og_url":"https:\/\/nextgeneration.paeria.cat\/web\/la-paeria-inicia-les-obres-de-renaturalitzacio-del-carrer-riu-ebre\/","og_site_name":"Next Generation Lleida - Propostes de projectes - La Paeria - Ajuntament de Lleida","article_published_time":"2025-01-05T09:58:52+00:00","article_modified_time":"2025-01-22T10:44:26+00:00","og_image":[{"width":768,"height":576,"url":"https:\/\/nextgeneration.paeria.cat\/web\/wp-content\/uploads\/2025\/01\/05-01-2025.jpeg","type":"image\/jpeg"}],"author":"admin-nextgeneration","twitter_card":"summary_large_image","twitter_misc":{"Escrit per":"admin-nextgeneration","Temps estimat de lectura":"4 minuts"},"schema":{"@context":"https:\/\/schema.org","@graph":[{"@type":"Article","@id":"https:\/\/nextgeneration.paeria.cat\/web\/la-paeria-inicia-les-obres-de-renaturalitzacio-del-carrer-riu-ebre\/#article","isPartOf":{"@id":"https:\/\/nextgeneration.paeria.cat\/web\/la-paeria-inicia-les-obres-de-renaturalitzacio-del-carrer-riu-ebre\/"},"author":{"name":"admin-nextgeneration","@id":"https:\/\/nextgeneration.paeria.cat\/web\/#\/schema\/person\/a12a490165bc044605332926bbdc1189"},"headline":"La Paeria inicia les obres de renaturalitzaci\u00f3 del carrer Riu Ebre","datePublished":"2025-01-05T09:58:52+00:00","dateModified":"2025-01-22T10:44:26+00:00","mainEntityOfPage":{"@id":"https:\/\/nextgeneration.paeria.cat\/web\/la-paeria-inicia-les-obres-de-renaturalitzacio-del-carrer-riu-ebre\/"},"wordCount":592,"publisher":{"@id":"https:\/\/nextgeneration.paeria.cat\/web\/#organization"},"image":{"@id":"https:\/\/nextgeneration.paeria.cat\/web\/la-paeria-inicia-les-obres-de-renaturalitzacio-del-carrer-riu-ebre\/#primaryimage"},"thumbnailUrl":"https:\/\/nextgeneration.paeria.cat\/web\/wp-content\/uploads\/2025\/01\/05-01-2025.jpeg","articleSection":["Not\u00edcies"],"inLanguage":"ca"},{"@type":"WebPage","@id":"https:\/\/nextgeneration.paeria.cat\/web\/la-paeria-inicia-les-obres-de-renaturalitzacio-del-carrer-riu-ebre\/","url":"https:\/\/nextgeneration.paeria.cat\/web\/la-paeria-inicia-les-obres-de-renaturalitzacio-del-carrer-riu-ebre\/","name":"La Paeria inicia les obres de renaturalitzaci\u00f3 del carrer Riu Ebre - Next Generation Lleida - Propostes de projectes - La Paeria - Ajuntament de Lleida","isPartOf":{"@id":"https:\/\/nextgeneration.paeria.cat\/web\/#website"},"primaryImageOfPage":{"@id":"https:\/\/nextgeneration.paeria.cat\/web\/la-paeria-inicia-les-obres-de-renaturalitzacio-del-carrer-riu-ebre\/#primaryimage"},"image":{"@id":"https:\/\/nextgeneration.paeria.cat\/web\/la-paeria-inicia-les-obres-de-renaturalitzacio-del-carrer-riu-ebre\/#primaryimage"},"thumbnailUrl":"https:\/\/nextgeneration.paeria.cat\/web\/wp-content\/uploads\/2025\/01\/05-01-2025.jpeg","datePublished":"2025-01-05T09:58:52+00:00","dateModified":"2025-01-22T10:44:26+00:00","breadcrumb":{"@id":"https:\/\/nextgeneration.paeria.cat\/web\/la-paeria-inicia-les-obres-de-renaturalitzacio-del-carrer-riu-ebre\/#breadcrumb"},"inLanguage":"ca","potentialAction":[{"@type":"ReadAction","target":["https:\/\/nextgeneration.paeria.cat\/web\/la-paeria-inicia-les-obres-de-renaturalitzacio-del-carrer-riu-ebre\/"]}]},{"@type":"ImageObject","inLanguage":"ca","@id":"https:\/\/nextgeneration.paeria.cat\/web\/la-paeria-inicia-les-obres-de-renaturalitzacio-del-carrer-riu-ebre\/#primaryimage","url":"https:\/\/nextgeneration.paeria.cat\/web\/wp-content\/uploads\/2025\/01\/05-01-2025.jpeg","contentUrl":"https:\/\/nextgeneration.paeria.cat\/web\/wp-content\/uploads\/2025\/01\/05-01-2025.jpeg","width":768,"height":576,"caption":"L\u2019Ajuntament de Lleida inicia aquest dimarts, 7 de gener, les obres de renaturalitzaci\u00f3 del carrer Riu Ebre."},{"@type":"BreadcrumbList","@id":"https:\/\/nextgeneration.paeria.cat\/web\/la-paeria-inicia-les-obres-de-renaturalitzacio-del-carrer-riu-ebre\/#breadcrumb","itemListElement":[{"@type":"ListItem","position":1,"name":"Inici","item":"https:\/\/nextgeneration.paeria.cat\/web\/"},{"@type":"ListItem","position":2,"name":"La Paeria inicia les obres de renaturalitzaci\u00f3 del carrer Riu Ebre"}]},{"@type":"WebSite","@id":"https:\/\/nextgeneration.paeria.cat\/web\/#website","url":"https:\/\/nextgeneration.paeria.cat\/web\/","name":"Next Generation Lleida - Propostes de projectes - La Paeria - Ajuntament de Lleida","description":"","publisher":{"@id":"https:\/\/nextgeneration.paeria.cat\/web\/#organization"},"potentialAction":[{"@type":"SearchAction","target":{"@type":"EntryPoint","urlTemplate":"https:\/\/nextgeneration.paeria.cat\/web\/?s={search_term_string}"},"query-input":{"@type":"PropertyValueSpecification","valueRequired":true,"valueName":"search_term_string"}}],"inLanguage":"ca"},{"@type":"Organization","@id":"https:\/\/nextgeneration.paeria.cat\/web\/#organization","name":"Next Generation Lleida - Propostes de projectes - La Paeria - Ajuntament de Lleida","url":"https:\/\/nextgeneration.paeria.cat\/web\/","logo":{"@type":"ImageObject","inLanguage":"ca","@id":"https:\/\/nextgeneration.paeria.cat\/web\/#\/schema\/logo\/image\/","url":"https:\/\/nextgeneration.paeria.cat\/web\/wp-content\/uploads\/2023\/09\/cropped-titol.png","contentUrl":"https:\/\/nextgeneration.paeria.cat\/web\/wp-content\/uploads\/2023\/09\/cropped-titol.png","width":1100,"height":220,"caption":"Next Generation Lleida - Propostes de projectes - La Paeria - Ajuntament de Lleida"},"image":{"@id":"https:\/\/nextgeneration.paeria.cat\/web\/#\/schema\/logo\/image\/"}},{"@type":"Person","@id":"https:\/\/nextgeneration.paeria.cat\/web\/#\/schema\/person\/a12a490165bc044605332926bbdc1189","name":"admin-nextgeneration","image":{"@type":"ImageObject","inLanguage":"ca","@id":"https:\/\/secure.gravatar.com\/avatar\/01bed9d6851a1f9c8ab5eb704ab3e7882815867f87a0ef562e77261bef722cbe?s=96&d=mm&r=g","url":"https:\/\/secure.gravatar.com\/avatar\/01bed9d6851a1f9c8ab5eb704ab3e7882815867f87a0ef562e77261bef722cbe?s=96&d=mm&r=g","contentUrl":"https:\/\/secure.gravatar.com\/avatar\/01bed9d6851a1f9c8ab5eb704ab3e7882815867f87a0ef562e77261bef722cbe?s=96&d=mm&r=g","caption":"admin-nextgeneration"}}]}},"_links":{"self":[{"href":"https:\/\/nextgeneration.paeria.cat\/web\/wp-json\/wp\/v2\/posts\/7397","targetHints":{"allow":["GET"]}}],"collection":[{"href":"https:\/\/nextgeneration.paeria.cat\/web\/wp-json\/wp\/v2\/posts"}],"about":[{"href":"https:\/\/nextgeneration.paeria.cat\/web\/wp-json\/wp\/v2\/types\/post"}],"author":[{"embeddable":true,"href":"https:\/\/nextgeneration.paeria.cat\/web\/wp-json\/wp\/v2\/users\/2"}],"replies":[{"embeddable":true,"href":"https:\/\/nextgeneration.paeria.cat\/web\/wp-json\/wp\/v2\/comments?post=7397"}],"version-history":[{"count":4,"href":"https:\/\/nextgeneration.paeria.cat\/web\/wp-json\/wp\/v2\/posts\/7397\/revisions"}],"predecessor-version":[{"id":7402,"href":"https:\/\/nextgeneration.paeria.cat\/web\/wp-json\/wp\/v2\/posts\/7397\/revisions\/7402"}],"wp:featuredmedia":[{"embeddable":true,"href":"https:\/\/nextgeneration.paeria.cat\/web\/wp-json\/wp\/v2\/media\/7398"}],"wp:attachment":[{"href":"https:\/\/nextgeneration.paeria.cat\/web\/wp-json\/wp\/v2\/media?parent=7397"}],"wp:term":[{"taxonomy":"category","embeddable":true,"href":"https:\/\/nextgeneration.paeria.cat\/web\/wp-json\/wp\/v2\/categories?post=7397"},{"taxonomy":"post_tag","embeddable":true,"href":"https:\/\/nextgeneration.paeria.cat\/web\/wp-json\/wp\/v2\/tags?post=7397"}],"curies":[{"name":"wp","href":"https:\/\/api.w.org\/{rel}","templated":true}]}}